{"id":5623,"date":"2020-11-04T18:26:03","date_gmt":"2020-11-04T15:26:03","guid":{"rendered":"http:\/\/mersinekonomipolitikagazetesi.com\/?p=5623"},"modified":"2020-11-04T18:26:03","modified_gmt":"2020-11-04T15:26:03","slug":"toroslarda-kar-festivali-heyecani","status":"publish","type":"post","link":"https:\/\/mersinekonomipolitikagazetesi.com\/?p=5623","title":{"rendered":"Toroslar\u2019da kar festivali heyecan\u0131"},"content":{"rendered":"<p>Toroslar Belediye Ba\u015fkan\u0131 Ats\u0131z Af\u015f\u0131n Y\u0131lmaz, Arslank\u00f6y&#8217;de, 1453 rak\u0131mda ger\u00e7ekle\u015ftirilecek Toroslar Kar Festivali&#8217;nin haz\u0131rl\u0131k \u00e7al\u0131\u015fmalar\u0131n\u0131 yerinde inceleyerek, &#8220;Mersinimiz, art\u0131k k\u0131\u015f turizminde de ad\u0131ndan s\u00f6z ettirecek. Toroslar k\u0131\u015f turizminde marka olacak&#8221; dedi.\u00a0 \u00a0<br \/>\n\u00a0 Toroslar Belediye&#8217;sinden yap\u0131lan a\u00e7\u0131klamaya g\u00f6re, Mersin&#8217;de ilk kez Arslank\u00f6y yaylas\u0131nda d\u00fczenleyecek olan kar festivali, b\u00f6lge halk\u0131n\u0131 da sevindirdi. K\u0131\u015f sporlar\u0131n\u0131n yan\u0131 s\u0131ra e\u011flencenin de doru\u011fa \u00e7\u0131kaca\u011f\u0131 festivalde, b\u00f6lge esnaf\u0131 da kurulan stantlarda sucuk ekmek, y\u00fcks\u00fck \u00e7orbas\u0131, d\u00f6vme\u00a0 pilav\u0131, s\u0131kma, b\u00f6rek, g\u00f6zleme, zeytin ve peynir gibi y\u00f6resel yiyeceklerin ve \u00fcr\u00fcnlerin sat\u0131\u015f\u0131n\u0131 yapabilecek.\u00a0<br \/>\n\u00a0 Toroslar Belediye Ba\u015fkan\u0131 Ats\u0131z Af\u015f\u0131n Y\u0131lmaz, 25-26 Ocak tarihlerinde Arslank\u00f6y yaylas\u0131nda yap\u0131lacak olan festivalin haz\u0131rl\u0131k \u00e7al\u0131\u015fmalar\u0131n\u0131 yerinde inceledi. Y\u0131lmaz, belediye birim m\u00fcd\u00fcrleri ve mahalle muhtarlar\u0131yla bir araya gelerek \u00e7al\u0131\u015fmalar\u0131n de\u011ferlendirmesini de yapt\u0131.\u00a0<br \/>\n\u00a0 Arslank\u00f6y&#8217;\u00fcn Yaylac\u0131k tepesinde 2 bin metre y\u00fckseklikten t\u00fcm \u00c7ukuroval\u0131lara seslenerek festivale davet eden Y\u0131lmaz, &#8220;Bu hafta sonu 25 Ocak Cumartesi g\u00fcn\u00fc ve 26 Ocak Pazar g\u00fcn\u00fc Arslank\u00f6y&#8217;de ilk defa bir kar festivali d\u00fczenleyece\u011fiz. 7&#8217;den 77&#8217;ye herkese hitap edecek etkinliklerimiz olacak. Kar Voleybolu T\u00fcrkiye \u015eampiyonas\u0131, k\u0131zakl\u0131 kayak, buz heykel sergisi, kayakl\u0131 ko\u015fu, kardan adam yar\u0131\u015fmas\u0131, snowboard, yama\u00e7 para\u015f\u00fct\u00fc ve animasyon g\u00f6sterilerinin yer alaca\u011f\u0131 festivalimizde \u00fcnl\u00fc rap sanat\u00e7\u0131s\u0131 Eypio da sahne alacak. T\u00fcm vatanda\u015flar\u0131m\u0131z\u0131 festivalimize bekliyoruz&#8221; \u015feklinde konu\u015ftu.\u00a0<br \/>\n\u00a0 Festival ile art\u0131k Toroslar&#8217;\u0131n k\u0131\u015f turizminde de olduk\u00e7a iddial\u0131 bir konumda yer alaca\u011f\u0131na inand\u0131klar\u0131n\u0131 belirten Ba\u015fkan Y\u0131lmaz, Mersin&#8217;in yaz\u0131n\u0131n ve k\u0131\u015f\u0131n\u0131n ayr\u0131 bir g\u00fczellikte oldu\u011funu vurgulayarak, &#8220;Toroslar\u0131m\u0131z\u0131n yaylalar\u0131, e\u015fsiz do\u011fas\u0131 ve g\u00fczellikleriyle dikkat \u00e7ekmektedir. Bu g\u00fczellikleri herkesin g\u00f6rmesini ve tan\u0131mas\u0131n\u0131 istiyoruz. Mersin&#8217;de ilk defa d\u00fczenlenecek olan kar festivalini ba\u015flatm\u0131\u015f olman\u0131n mutlulu\u011funu da ya\u015f\u0131yoruz. Toroslar k\u0131\u015f turizminde marka olacak&#8221; ifadelerini kulland\u0131.\u00a0<\/p>\n","protected":false},"excerpt":{"rendered":"<p>Toroslar Belediye Ba\u015fkan\u0131 Ats\u0131z Af\u015f\u0131n Y\u0131lmaz, Arslank\u00f6y&#8217;de, 1453 rak\u0131mda ger\u00e7ekle\u015ftirilecek Toroslar Kar Festivali&#8217;nin haz\u0131rl\u0131k \u00e7al\u0131\u015fmalar\u0131n\u0131 yerinde inceleyerek, &#8220;Mersinimiz, art\u0131k k\u0131\u015f turizminde de ad\u0131ndan s\u00f6z ettirecek. Toroslar k\u0131\u015f turizminde marka olacak&#8221; &hellip; <a href=\"https:\/\/mersinekonomipolitikagazetesi.com\/?p=5623\" class=\"more-link\">Devam\u0131n\u0131 Oku&#8230;<\/a><\/p>\n","protected":false},"author":1,"featured_media":0,"comment_status":"open","ping_status":"open","sticky":false,"template":"","format":"standard","meta":[],"categories":[],"tags":[],"_links":{"self":[{"href":"https:\/\/mersinekonomipolitikagazetesi.com\/index.php?rest_route=\/wp\/v2\/posts\/5623"}],"collection":[{"href":"https:\/\/mersinekonomipolitikagazetesi.com\/index.php?rest_route=\/wp\/v2\/posts"}],"about":[{"href":"https:\/\/mersinekonomipolitikagazetesi.com\/index.php?rest_route=\/wp\/v2\/types\/post"}],"author":[{"embeddable":true,"href":"https:\/\/mersinekonomipolitikagazetesi.com\/index.php?rest_route=\/wp\/v2\/users\/1"}],"replies":[{"embeddable":true,"href":"https:\/\/mersinekonomipolitikagazetesi.com\/index.php?rest_route=%2Fwp%2Fv2%2Fcomments&post=5623"}],"version-history":[{"count":0,"href":"https:\/\/mersinekonomipolitikagazetesi.com\/index.php?rest_route=\/wp\/v2\/posts\/5623\/revisions"}],"wp:attachment":[{"href":"https:\/\/mersinekonomipolitikagazetesi.com\/index.php?rest_route=%2Fwp%2Fv2%2Fmedia&parent=5623"}],"wp:term":[{"taxonomy":"category","embeddable":true,"href":"https:\/\/mersinekonomipolitikagazetesi.com\/index.php?rest_route=%2Fwp%2Fv2%2Fcategories&post=5623"},{"taxonomy":"post_tag","embeddable":true,"href":"https:\/\/mersinekonomipolitikagazetesi.com\/index.php?rest_route=%2Fwp%2Fv2%2Ftags&post=5623"}],"curies":[{"name":"wp","href":"https:\/\/api.w.org\/{rel}","templated":true}]}}