{"id":5627,"date":"2020-11-04T18:26:04","date_gmt":"2020-11-04T15:26:04","guid":{"rendered":"http:\/\/mersinekonomipolitikagazetesi.com\/?p=5627"},"modified":"2020-11-04T18:26:04","modified_gmt":"2020-11-04T15:26:04","slug":"ogretmen-kubra-askin-cinayeti-davasinin-ucuncu-durusmasi-yapildi","status":"publish","type":"post","link":"https:\/\/mersinekonomipolitikagazetesi.com\/?p=5627","title":{"rendered":"\u00d6\u011fretmen K\u00fcbra A\u015fk\u0131n cinayeti davas\u0131n\u0131n \u00fc\u00e7\u00fcnc\u00fc duru\u015fmas\u0131 yap\u0131ld\u0131"},"content":{"rendered":"<p>Mersin&#8217;de bo\u015fand\u0131\u011f\u0131 e\u015fi \u00f6\u011fretmen K\u00fcbra A\u015fk\u0131n\u2019\u0131, seyir halindeki arac\u0131na \u00e7arparak durduran ve tabancayla \u00f6ld\u00fcrd\u00fc\u011f\u00fc iddias\u0131yla hakk\u0131nda m\u00fcebbet hapis cezas\u0131 istenen Davut D.\u2019nin yarg\u0131lanmas\u0131na devam edildi.\u00a0<br \/>\n\u00a0 Mersin 4. A\u011f\u0131r Ceza Mahkemesinde g\u00f6r\u00fclen \u00fc\u00e7\u00fcnc\u00fc duru\u015fmaya, tutuklu san\u0131k Davut D., tan\u0131klar, taraf avukatlar\u0131 ve K\u00fcbra A\u015fk\u0131n\u2019\u0131n ailesi kat\u0131ld\u0131. Mahkemede, tan\u0131klar\u0131n dinlenmesinin ard\u0131ndan, K\u00fcbra A\u015fk\u0131n\u2019\u0131n annesi ile ablas\u0131 ve k\u0131z karde\u015fi de s\u00f6z talebinde bulundu. Mahkeme ba\u015fkan\u0131n\u0131n s\u00f6z vermesi \u00fczerine konu\u015fan Abla Zehra \u00d6zsel, karde\u015fi K\u00fcbra A\u015fk\u0131n\u2019\u0131n, planl\u0131 ve tasarlanarak \u00f6ld\u00fcr\u00fcld\u00fc\u011f\u00fcn\u00fc iddia ederek, cezan\u0131n bu su\u00e7a g\u00f6re verilmesini, herhangi bir indirim de uygulanmamas\u0131n\u0131 istedi.\u00a0<br \/>\n\u00a0 K\u00fcbra \u00f6\u011fretmenin, duru\u015fmada s\u0131k s\u0131k sinir krizi ge\u00e7iren ve sakinle\u015ftirilen karde\u015fi Saliha A\u015fk\u0131n ise ablas\u0131 ile bo\u015fand\u0131ktan sonra 2 y\u0131l birlikte ya\u015fad\u0131klar\u0131n\u0131 ve s\u0131k\u0131nt\u0131lar\u0131n\u0131 bildi\u011fini belirterek, planl\u0131 bir \u015fekilde \u00f6ld\u00fcr\u00fcld\u00fc\u011f\u00fcn\u00fc \u00f6ne s\u00fcrd\u00fc. Anne Sebirhan A\u015fk\u0131n ise, \u201cBu adam k\u0131z\u0131m\u0131 s\u00fcrekli tehdit etmi\u015f. Benimle, ablas\u0131yla, k\u0131z karde\u015fiyle tehdit etmi\u015f. Bu adam, bunu planlam\u0131\u015f. Adaletinize s\u0131\u011f\u0131n\u0131yoruz\u201d dedi.\u00a0<br \/>\n\u00a0 \u2018Kasten \u00f6ld\u00fcrme\u2019 su\u00e7uyla yarg\u0131lanan ve \u00f6nceki duru\u015fmalarda K\u00fcbra A\u015fk\u0131n\u2019\u0131 \u00f6ld\u00fcrd\u00fc\u011f\u00fcn\u00fc kabul eden san\u0131k Davut D. ise e\u015finin kendisini aldatt\u0131\u011f\u0131 iddias\u0131n\u0131 yineledi. San\u0131k D., \u201cBen ona y\u00fcre\u011fimi, eme\u011fimi, her \u015feyimi verdim. Y\u00fcce mahkemeden tek \u015fey istiyorum; kaybedecek hi\u00e7bir \u015feyim kalmad\u0131, ger\u00e7eklerin ortaya \u00e7\u0131kmas\u0131n\u0131 istiyorum. Hak yerini bulsun\u201d diye konu\u015ftu.\u00a0\u00a0<br \/>\n\u00a0 M\u00fc\u015fteki avukatlar\u0131n\u0131n, san\u0131\u011f\u0131n \u2018kasten ve tasarlayarak \u00f6ld\u00fcrme\u2019 su\u00e7undan yarg\u0131lanmas\u0131n\u0131, tahrik indirimi uygulanmamas\u0131n\u0131 talep etti. \u0130ddia makam\u0131n\u0131n, san\u0131\u011f\u0131n tutukluluk halinin devam\u0131n\u0131 istedi\u011fi duru\u015fmada mahkeme heyeti, san\u0131\u011f\u0131n tutukluluk halinin devam\u0131na karar vererek duru\u015fmay\u0131 5 Mart 2020 tarihine erteledi.\u00a0\u00a0<br \/>\n\u00a0 \u00d6te yandan, duru\u015fma \u00f6ncesinde adliye \u00f6n\u00fcnde toplanan Mersin Kad\u0131n Platformu \u00fcyeleri, kad\u0131n cinayetlerini protesto ederek, K\u00fcbra A\u015fk\u0131n i\u00e7in adalet istedi.\u00a0<br \/>\n\u00a0<br \/>\n\u00a0 Olay\u0131n ge\u00e7mi\u015fi\u00a0<br \/>\n\u00a0 14 \u015eubat gecesi merkez Yeni\u015fehir il\u00e7esi Mente\u015f Mahallesi \u0130stemihan Talay Bulvar\u0131 \u00fczerinde meydana gelen olayda, \u00c7aml\u0131bel K\u0131z Meslek Lisesi M\u00fcd\u00fcr Yard\u0131mc\u0131s\u0131 K\u00fcbra A\u015fk\u0131n, arac\u0131yla seyir halindeyken kendisini takip eden eski kocas\u0131 Davut D. taraf\u0131ndan ara\u00e7la \u00f6n\u00fc kesildikten sonra tabanca ile vurularak \u00f6ld\u00fcr\u00fclm\u00fc\u015ft\u00fc. Olaydan sonra ka\u00e7an cinayet zanl\u0131s\u0131 ise daha sonra polise teslim olmu\u015ftu.\u00a0<\/p>\n","protected":false},"excerpt":{"rendered":"<p>Mersin&#8217;de bo\u015fand\u0131\u011f\u0131 e\u015fi \u00f6\u011fretmen K\u00fcbra A\u015fk\u0131n\u2019\u0131, seyir halindeki arac\u0131na \u00e7arparak durduran ve tabancayla \u00f6ld\u00fcrd\u00fc\u011f\u00fc iddias\u0131yla hakk\u0131nda m\u00fcebbet hapis cezas\u0131 istenen Davut D.\u2019nin yarg\u0131lanmas\u0131na devam edildi.\u00a0 \u00a0 Mersin 4. A\u011f\u0131r Ceza &hellip; <a href=\"https:\/\/mersinekonomipolitikagazetesi.com\/?p=5627\" class=\"more-link\">Devam\u0131n\u0131 Oku&#8230;<\/a><\/p>\n","protected":false},"author":1,"featured_media":0,"comment_status":"open","ping_status":"open","sticky":false,"template":"","format":"standard","meta":[],"categories":[],"tags":[],"_links":{"self":[{"href":"https:\/\/mersinekonomipolitikagazetesi.com\/index.php?rest_route=\/wp\/v2\/posts\/5627"}],"collection":[{"href":"https:\/\/mersinekonomipolitikagazetesi.com\/index.php?rest_route=\/wp\/v2\/posts"}],"about":[{"href":"https:\/\/mersinekonomipolitikagazetesi.com\/index.php?rest_route=\/wp\/v2\/types\/post"}],"author":[{"embeddable":true,"href":"https:\/\/mersinekonomipolitikagazetesi.com\/index.php?rest_route=\/wp\/v2\/users\/1"}],"replies":[{"embeddable":true,"href":"https:\/\/mersinekonomipolitikagazetesi.com\/index.php?rest_route=%2Fwp%2Fv2%2Fcomments&post=5627"}],"version-history":[{"count":0,"href":"https:\/\/mersinekonomipolitikagazetesi.com\/index.php?rest_route=\/wp\/v2\/posts\/5627\/revisions"}],"wp:attachment":[{"href":"https:\/\/mersinekonomipolitikagazetesi.com\/index.php?rest_route=%2Fwp%2Fv2%2Fmedia&parent=5627"}],"wp:term":[{"taxonomy":"category","embeddable":true,"href":"https:\/\/mersinekonomipolitikagazetesi.com\/index.php?rest_route=%2Fwp%2Fv2%2Fcategories&post=5627"},{"taxonomy":"post_tag","embeddable":true,"href":"https:\/\/mersinekonomipolitikagazetesi.com\/index.php?rest_route=%2Fwp%2Fv2%2Ftags&post=5627"}],"curies":[{"name":"wp","href":"https:\/\/api.w.org\/{rel}","templated":true}]}}