{"id":5629,"date":"2020-11-04T18:26:04","date_gmt":"2020-11-04T15:26:04","guid":{"rendered":"http:\/\/mersinekonomipolitikagazetesi.com\/?p=5629"},"modified":"2020-11-04T18:26:04","modified_gmt":"2020-11-04T15:26:04","slug":"mersinde-hz-isa-ve-hz-meryem-figurlu-ikon-ele-gecirildi","status":"publish","type":"post","link":"https:\/\/mersinekonomipolitikagazetesi.com\/?p=5629","title":{"rendered":"Mersin&#8217;de Hz. \u0130sa ve Hz. Meryem fig\u00fcrl\u00fc ikon ele ge\u00e7irildi"},"content":{"rendered":"<p>\u00a0Mersin&#8217;de 11 ila 13. y\u00fczy\u0131llara ait oldu\u011fu de\u011ferlendirilen, \u00fczerinde Hz. \u0130sa ve Hz. Meryem fig\u00fcrlerinin yer ald\u0131\u011f\u0131 23&#215;28.5 santimetre ebad\u0131nda ikon ele ge\u00e7irildi.\u00a0 \u00a0<br \/>\n\u00a0 Mersin \u0130l Jandarma Komutanl\u0131\u011f\u0131ndan yap\u0131lan a\u00e7\u0131klamaya g\u00f6re, bir kafede tarihi de\u011fere sahip tablo oldu\u011fu bilgisine ula\u015fan Ka\u00e7ak\u00e7\u0131l\u0131k ve Organize Su\u00e7larla M\u00fccadele \u015eube M\u00fcd\u00fcrl\u00fc\u011f\u00fc ekipleri, s\u00f6z konusu i\u015f yerine operasyon d\u00fczenledi. Kafede yap\u0131lan aramada 23&#215;28.5 santimetre ebad\u0131nda ah\u015fap \u00fczerine i\u015flenmi\u015f Hz. \u0130sa ve Hz. Meryem ana fig\u00fcr\u00fc bulunan tablo ele ge\u00e7irildi.\u00a0<br \/>\n\u00a0 Ekspertiz raporu i\u00e7in Mersin M\u00fcze M\u00fcd\u00fcrl\u00fc\u011f\u00fcne teslim edilen tablonun yap\u0131lan \u00f6n incelemesinde, ikon \u00fczerinde Hz. Meryem&#8217;in kuca\u011f\u0131nda Hz. \u0130sa ile tasvir edildi\u011fi, bunun d\u0131\u015f\u0131nda 5 fig\u00fcr daha yer ald\u0131\u011f\u0131, k\u0131rm\u0131z\u0131 ve ye\u015fil renklerin hakim oldu\u011fu belirlendi. Ayr\u0131ca alt\u0131n varak kullan\u0131lan ikonun, 11 ila 13. y\u00fczy\u0131llar aras\u0131 tek tanr\u0131 d\u00f6nemine ait ve 2863 Say\u0131l\u0131 K\u00fclt\u00fcr ve Tabiat Varl\u0131klar\u0131n\u0131 Koruma Kanunu kapsam\u0131na oldu\u011fu bildirildi.\u00a0<\/p>\n","protected":false},"excerpt":{"rendered":"<p>\u00a0Mersin&#8217;de 11 ila 13. y\u00fczy\u0131llara ait oldu\u011fu de\u011ferlendirilen, \u00fczerinde Hz. \u0130sa ve Hz. Meryem fig\u00fcrlerinin yer ald\u0131\u011f\u0131 23&#215;28.5 santimetre ebad\u0131nda ikon ele ge\u00e7irildi.\u00a0 \u00a0 \u00a0 Mersin \u0130l Jandarma Komutanl\u0131\u011f\u0131ndan yap\u0131lan &hellip; <a href=\"https:\/\/mersinekonomipolitikagazetesi.com\/?p=5629\" class=\"more-link\">Devam\u0131n\u0131 Oku&#8230;<\/a><\/p>\n","protected":false},"author":1,"featured_media":0,"comment_status":"open","ping_status":"open","sticky":false,"template":"","format":"standard","meta":[],"categories":[],"tags":[],"_links":{"self":[{"href":"https:\/\/mersinekonomipolitikagazetesi.com\/index.php?rest_route=\/wp\/v2\/posts\/5629"}],"collection":[{"href":"https:\/\/mersinekonomipolitikagazetesi.com\/index.php?rest_route=\/wp\/v2\/posts"}],"about":[{"href":"https:\/\/mersinekonomipolitikagazetesi.com\/index.php?rest_route=\/wp\/v2\/types\/post"}],"author":[{"embeddable":true,"href":"https:\/\/mersinekonomipolitikagazetesi.com\/index.php?rest_route=\/wp\/v2\/users\/1"}],"replies":[{"embeddable":true,"href":"https:\/\/mersinekonomipolitikagazetesi.com\/index.php?rest_route=%2Fwp%2Fv2%2Fcomments&post=5629"}],"version-history":[{"count":0,"href":"https:\/\/mersinekonomipolitikagazetesi.com\/index.php?rest_route=\/wp\/v2\/posts\/5629\/revisions"}],"wp:attachment":[{"href":"https:\/\/mersinekonomipolitikagazetesi.com\/index.php?rest_route=%2Fwp%2Fv2%2Fmedia&parent=5629"}],"wp:term":[{"taxonomy":"category","embeddable":true,"href":"https:\/\/mersinekonomipolitikagazetesi.com\/index.php?rest_route=%2Fwp%2Fv2%2Fcategories&post=5629"},{"taxonomy":"post_tag","embeddable":true,"href":"https:\/\/mersinekonomipolitikagazetesi.com\/index.php?rest_route=%2Fwp%2Fv2%2Ftags&post=5629"}],"curies":[{"name":"wp","href":"https:\/\/api.w.org\/{rel}","templated":true}]}}