{"id":5630,"date":"2020-11-04T18:26:04","date_gmt":"2020-11-04T15:26:04","guid":{"rendered":"http:\/\/mersinekonomipolitikagazetesi.com\/?p=5630"},"modified":"2020-11-04T18:26:04","modified_gmt":"2020-11-04T15:26:04","slug":"buyuksehir-belediyesi-cilegin-merkezi-atayurtta-altyapi-atagi-baslatti","status":"publish","type":"post","link":"https:\/\/mersinekonomipolitikagazetesi.com\/?p=5630","title":{"rendered":"B\u00fcy\u00fck\u015fehir Belediyesi, \u00e7ile\u011fin merkezi Atayurt\u2019ta altyap\u0131 ata\u011f\u0131 ba\u015flatt\u0131"},"content":{"rendered":"<p>\u00a0Mersin B\u00fcy\u00fck\u015fehir Belediyesi, \u00e7ile\u011fin merkezi konumundaki Atayurt Sebze ve Meyve Toptanc\u0131 Halinde altyap\u0131 ata\u011f\u0131 ba\u015flatt\u0131. B\u00fcy\u00fck\u015fehir taraf\u0131ndan ilave edilen 16 i\u015fyeri ile b\u00fcy\u00fcyen ve altyap\u0131 \u00e7al\u0131\u015fmalar\u0131n\u0131n ard\u0131ndan modern bir g\u00f6r\u00fcn\u00fcme kavu\u015fan Atayurt Sebze ve Meyve Toptanc\u0131 Halinde 13 bin 400 metrekareye 3 bin tonun \u00fczerinde s\u0131cak asfalt \u00e7al\u0131\u015fmas\u0131 yap\u0131yor.\u00a0<br \/>\n\u00a0 T\u00fcrkiye\u2019nin \u00e7ilek ihracat\u0131n\u0131n y\u00fczde 65\u2019ini kar\u015f\u0131layan ve \u00fcretimde y\u00fczde 35\u2019lik paya sahip olan Mersin\u2019in Silifke il\u00e7esinin Atayurt Mahallesi, B\u00fcy\u00fck\u015fehir Belediyesi taraf\u0131ndan Atayurt Sebze ve Meyve Toptanc\u0131 Halinde hayata ge\u00e7irilen iyile\u015ftirme \u00e7al\u0131\u015fmalar\u0131n\u0131n ard\u0131ndan art\u0131k \u00fcretim ve ihracat\u0131n tek merkezi olacak.\u00a0<br \/>\n\u00a0<br \/>\n\u00a0 50 i\u015fyeri, 9 depo, altyap\u0131 ve asfalt\u00a0<br \/>\n\u00a0 Mevcutta 34 i\u015fyeri ile Silifke\u2019den ayr\u0131 bir \u015fekilde hizmet veren Atayurt Sebze ve Meyve Toptanc\u0131 Hali, Mersin B\u00fcy\u00fck\u015fehir Belediyesi taraf\u0131ndan yap\u0131m\u0131 tamamlanan ilave 16 i\u015fyeri ile Silifke\u2019de yer alan sebze ve meyve halini de b\u00fcnyesine katacak. Toplamda 50 i\u015fyeri ve 9 depo ile b\u00f6lgenin toptanc\u0131 merkezi haline gelmesi ama\u00e7lanan hal, tamamlanan altyap\u0131 \u00e7al\u0131\u015fmalar\u0131 ve asfalt i\u015flemlerinin ard\u0131ndan b\u00f6lgenin \u00fcretim ve ihracat merkezi haline gelecek.\u00a0<br \/>\n\u00a0<br \/>\n\u00a0 3 g\u00fcnde 3 bin ton asfalt\u00a0<br \/>\n\u00a0 Atayurt Sebze ve Meyve Toptanc\u0131 Hali\u2019nde son olarak tamamlanan asfalt \u00e7al\u0131\u015fmalar\u0131 ile modern bir g\u00f6r\u00fcn\u00fcme kavu\u015facak. Hal giri\u015finden ortak alanlara kadar toplamda 13 bin 400 metrekareye 3 bin tonun \u00fczerinde s\u0131cak asfalt \u00e7al\u0131\u015fmas\u0131 ger\u00e7ekle\u015ftiren B\u00fcy\u00fck\u015fehir Belediyesi, 40 personel ve 6 i\u015f makinesi ile \u00e7al\u0131\u015fmalar\u0131 3 g\u00fcnde tamamlad\u0131.\u00a0<br \/>\n\u00a0 Atayurt Sebze ve Meyve Toptanc\u0131 Hali Dernek Ba\u015fkan Yard\u0131mc\u0131s\u0131 \u0130brahim Kaynar, y\u00fcr\u00fct\u00fclen \u00e7al\u0131\u015fmalar\u0131n ard\u0131ndan toptanc\u0131 halinin Silifke ve Mersin\u2019in \u00fcretim merkezi olaca\u011f\u0131n\u0131 belirterek, \u201cB\u00fcy\u00fck\u015fehir Belediye Ba\u015fkan\u0131m\u0131za \u00e7ok te\u015fekk\u00fcr ediyoruz. \u00c7ok g\u00fczel bir \u00e7al\u0131\u015fma yap\u0131ld\u0131. Altyap\u0131 \u00e7al\u0131\u015fmalar\u0131 m\u00fckemmel bir \u015fekilde tamamland\u0131 ve \u015fu anda asfalt \u00e7al\u0131\u015fmalar\u0131 devam ediyor. Bu \u00e7al\u0131\u015fmalar\u0131n ard\u0131ndan Silifke Hali ve Atayurt Hali tek merkezde toplanacak. Bu toplanma b\u00fct\u00fcn t\u00fcccar ve \u00fcreticilerin buraya gelmesi demek. B\u00f6ylelikle buras\u0131 12 ay aktif \u00e7al\u0131\u015f\u0131r duruma gelecek. \u00d6nceden t\u00fcketici haliydik ama \u015fimdi 12 ay \u00fcreterek, hem \u00fcretici hem t\u00fcketici hali olaca\u011f\u0131z. Atayurt hali art\u0131k Silifke ve Mersin\u2019in \u00fcretim merkezi olacak. Tar\u0131mda Silifke\u2019nin bel kemi\u011fi Atayurt\u2019tur. Silifke bir \u00f6nc\u00fcd\u00fcr. Turfanda ilk \u00fcr\u00fcnler buradan \u00e7\u0131kar. \u00d6zellikle \u00e7ilekte co\u011frafi i\u015faret ve tescil ald\u0131k. \u0130hracat\u0131n da \u00fcretimin de \u00f6nemli k\u0131sm\u0131 burada ger\u00e7ekle\u015fiyor. Bu \u00e7al\u0131\u015fmalar ile hem T\u00fcrkiye hem Mersin hem de Silifke ekonomisine dev katk\u0131lar olacak\u201d dedi.\u00a0<br \/>\n\u00a0 Atayurt Sebze ve Meyve Toptanc\u0131 Hali esnaflar\u0131ndan Ahmet \u00d6zmen ise y\u00fcr\u00fct\u00fclen \u00e7al\u0131\u015fmalar ile Atayurt\u2019un art\u0131k b\u00fcy\u00fck bir ivme kazanaca\u011f\u0131na i\u015faret ederek, \u201cHizmetten \u00e7ok memnunuz. Silifke\u2019de k\u00fc\u00e7\u00fck bir halimiz var ve o halin buraya ta\u015f\u0131nmas\u0131 ile ilgili ek i\u015fyerleri yap\u0131ld\u0131. Oradaki arkada\u015flar\u0131m\u0131z da buraya gelecek ve burada hep birlikte \u00e7al\u0131\u015faca\u011f\u0131z. \u00c7ok \u015fey de\u011fi\u015fecek. Buras\u0131 art\u0131k bir merkez haline gelecek. Esnaflar, \u00fcreticiler, ihracat\u00e7\u0131lar ve pazarlamac\u0131lar burada olaca\u011f\u0131 i\u00e7in m\u00fckemmel bir merkez olacak. Silifke\u2019nin gelirinin y\u00fczde 85\u2019i tar\u0131ma dayal\u0131. Bu \u00fcr\u00fcnlerin al\u0131\u015fveri\u015fi de buradan olacak ve haliyle ekonomiye de b\u00fcy\u00fck katk\u0131s\u0131 olacak\u201d diye konu\u015ftu.\u00a0<\/p>\n","protected":false},"excerpt":{"rendered":"<p>\u00a0Mersin B\u00fcy\u00fck\u015fehir Belediyesi, \u00e7ile\u011fin merkezi konumundaki Atayurt Sebze ve Meyve Toptanc\u0131 Halinde altyap\u0131 ata\u011f\u0131 ba\u015flatt\u0131. B\u00fcy\u00fck\u015fehir taraf\u0131ndan ilave edilen 16 i\u015fyeri ile b\u00fcy\u00fcyen ve altyap\u0131 \u00e7al\u0131\u015fmalar\u0131n\u0131n ard\u0131ndan modern bir g\u00f6r\u00fcn\u00fcme &hellip; <a href=\"https:\/\/mersinekonomipolitikagazetesi.com\/?p=5630\" class=\"more-link\">Devam\u0131n\u0131 Oku&#8230;<\/a><\/p>\n","protected":false},"author":1,"featured_media":0,"comment_status":"open","ping_status":"open","sticky":false,"template":"","format":"standard","meta":[],"categories":[],"tags":[],"_links":{"self":[{"href":"https:\/\/mersinekonomipolitikagazetesi.com\/index.php?rest_route=\/wp\/v2\/posts\/5630"}],"collection":[{"href":"https:\/\/mersinekonomipolitikagazetesi.com\/index.php?rest_route=\/wp\/v2\/posts"}],"about":[{"href":"https:\/\/mersinekonomipolitikagazetesi.com\/index.php?rest_route=\/wp\/v2\/types\/post"}],"author":[{"embeddable":true,"href":"https:\/\/mersinekonomipolitikagazetesi.com\/index.php?rest_route=\/wp\/v2\/users\/1"}],"replies":[{"embeddable":true,"href":"https:\/\/mersinekonomipolitikagazetesi.com\/index.php?rest_route=%2Fwp%2Fv2%2Fcomments&post=5630"}],"version-history":[{"count":0,"href":"https:\/\/mersinekonomipolitikagazetesi.com\/index.php?rest_route=\/wp\/v2\/posts\/5630\/revisions"}],"wp:attachment":[{"href":"https:\/\/mersinekonomipolitikagazetesi.com\/index.php?rest_route=%2Fwp%2Fv2%2Fmedia&parent=5630"}],"wp:term":[{"taxonomy":"category","embeddable":true,"href":"https:\/\/mersinekonomipolitikagazetesi.com\/index.php?rest_route=%2Fwp%2Fv2%2Fcategories&post=5630"},{"taxonomy":"post_tag","embeddable":true,"href":"https:\/\/mersinekonomipolitikagazetesi.com\/index.php?rest_route=%2Fwp%2Fv2%2Ftags&post=5630"}],"curies":[{"name":"wp","href":"https:\/\/api.w.org\/{rel}","templated":true}]}}