{"id":5635,"date":"2020-11-04T18:26:04","date_gmt":"2020-11-04T15:26:04","guid":{"rendered":"http:\/\/mersinekonomipolitikagazetesi.com\/?p=5635"},"modified":"2020-11-04T18:26:04","modified_gmt":"2020-11-04T15:26:04","slug":"idlibe-destek-toplantisi-vali-su-baskanliginda-yapildi","status":"publish","type":"post","link":"https:\/\/mersinekonomipolitikagazetesi.com\/?p=5635","title":{"rendered":"\u0130dlib&#8217;e destek toplant\u0131s\u0131 Vali Su ba\u015fkanl\u0131\u011f\u0131nda yap\u0131ld\u0131"},"content":{"rendered":"<p>\u00a0\u0130\u00e7i\u015fleri Bakanl\u0131\u011f\u0131 \u00f6nc\u00fcl\u00fc\u011f\u00fcnde, AFAD koordinasyonunda &#8216;Bir araday\u0131z \u0130dlib\u2019in yan\u0131nday\u0131z&#8217; adl\u0131 insan\u0131 yard\u0131m kampanyas\u0131na Mersin&#8217;den sa\u011flanacak katk\u0131lar\u0131 ve yap\u0131lacak \u00e7al\u0131\u015fmalar\u0131 g\u00f6r\u00fc\u015fmek amac\u0131yla d\u00fczenlenen toplant\u0131, Vali Ali \u0130hsan Su ba\u015fkanl\u0131\u011f\u0131nda ger\u00e7ekle\u015ftirildi.\u00a0 \u00a0<br \/>\n\u00a0 \u00c7ok say\u0131da sivil toplum kurulu\u015f temsilcisinin kat\u0131l\u0131m\u0131yla Valilik Konferans Salonunda d\u00fczenlenen toplant\u0131da yapt\u0131\u011f\u0131 konu\u015fmada, \u0130dlib\u2019e yap\u0131lan sald\u0131r\u0131lar sebebiyle b\u00f6lgede yo\u011fun bir g\u00f6\u00e7 olay\u0131 ya\u015fand\u0131\u011f\u0131n\u0131 kaydeden Vali Su, sadece 1 Aral\u0131k 2019 tarihinden g\u00fcn\u00fcm\u00fcze kadar yerlerinden edilenlerin say\u0131s\u0131n\u0131n 312 bin ki\u015fi oldu\u011funu, bunlar\u0131n yakla\u015f\u0131k y\u00fczde 76\u2019s\u0131n\u0131n kad\u0131n ve \u00e7ocuklardan olu\u015ftu\u011funu s\u00f6yledi.\u00a0<br \/>\n\u00a0 \u201cYard\u0131m kampanyas\u0131n\u0131 daha da b\u00fcy\u00fcterek kat\u0131l\u0131m sa\u011flamaya gayret edece\u011fiz\u201d\u00a0<br \/>\n\u00a0 B\u00f6lgede ya\u015fayan insanlar\u0131n, k\u0131\u015f \u015fartlar\u0131n\u0131n yan\u0131 s\u0131ra ba\u015fta can g\u00fcvenli\u011fi olmak \u00fczere a\u00e7l\u0131k, susuzluk, bar\u0131nma ve salg\u0131n hastal\u0131klar gibi bir\u00e7ok sorunla kar\u015f\u0131 kar\u015f\u0131ya kald\u0131\u011f\u0131n\u0131 vurgulayan Su, &#8220;Bu \u00e7er\u00e7evede \u0130\u00e7i\u015fleri Bakanl\u0131\u011f\u0131m\u0131z\u0131n, AFAD koordinasyonunda bu insanlar\u0131n acil olan ihtiya\u00e7lar\u0131n\u0131n kar\u015f\u0131lanmas\u0131 i\u00e7in ba\u015flatt\u0131\u011f\u0131 &#8216;Bir araday\u0131z, \u0130dlib\u2019in yan\u0131nday\u0131z&#8217; yard\u0131m kampanyas\u0131na ilimizde t\u00fcm kurumlar\u0131m\u0131zla ve sivil toplum kurulu\u015flar\u0131m\u0131zla beraber destek olmaya ve bu yard\u0131m\u0131 daha da b\u00fcy\u00fcterek kat\u0131l\u0131m sa\u011flamaya gayret edece\u011fiz\u201d dedi.\u00a0<br \/>\n\u00a0 \u00dc\u00e7 g\u00fcn \u00f6nce Mersin&#8217;den, il m\u00fcft\u00fcl\u00fc\u011f\u00fc organizesinde 25 t\u0131r insani yard\u0131m\u0131n \u0130dlib\u2019e g\u00f6nderildi\u011fini hat\u0131rlatan Su, t\u00fcm Mersin&#8217;i &#8216;Bir araday\u0131z, \u0130dlib\u2019in yan\u0131nday\u0131z&#8217; adl\u0131 insani yard\u0131m kampanyas\u0131na destek olmaya davet etti. Yard\u0131mla ilgili olarak bankalarda a\u00e7\u0131lan hesap numaralar\u0131n\u0131n herkese duyurulmas\u0131n\u0131 isteyen Su, toplant\u0131ya kat\u0131lan sivil toplum kurulu\u015flar\u0131n\u0131n temsilcilerine te\u015fekk\u00fcr etti.\u00a0<br \/>\n\u00a0 Kampanyaya kat\u0131lmak isteyenlerin, a\u015fa\u011f\u0131daki hesap numaralar\u0131 \u00fczerinden katk\u0131kada bulunabilecekleri ifade edilidi; &#8220;T.C. Ziraat Bankas\u0131 A.\u015e. Ankara Kamu Kurumsal \u015eubesi; TL : TR650001001745555555555154, USD: TR750001001745555555555168, EURO: TR170001001745555555555145, Banka Swift Kod No: TCZBTR2A. T\u00fcrkiye Vak\u0131flar Bankas\u0131 T.A.O. Tunal\u0131 Hilmi Ticari \u015eubesi; TL: TR790001500158007299814612, USD: TR480001500158048013341736, EURO: TR260001500158048013341744, Banka Swift Kod No: TVBATR2A. T\u00fcrkiye Halk Bankas\u0131 A.\u015e. Bakanl\u0131klar \u015eubesi: TL: TR890001200940800005000016, USD: TR690001200940800058000109, EURO: TR42000120094000058000110, Banka Swift Kod No: TRHBTR2A.&#8221;\u00a0<\/p>\n","protected":false},"excerpt":{"rendered":"<p>\u00a0\u0130\u00e7i\u015fleri Bakanl\u0131\u011f\u0131 \u00f6nc\u00fcl\u00fc\u011f\u00fcnde, AFAD koordinasyonunda &#8216;Bir araday\u0131z \u0130dlib\u2019in yan\u0131nday\u0131z&#8217; adl\u0131 insan\u0131 yard\u0131m kampanyas\u0131na Mersin&#8217;den sa\u011flanacak katk\u0131lar\u0131 ve yap\u0131lacak \u00e7al\u0131\u015fmalar\u0131 g\u00f6r\u00fc\u015fmek amac\u0131yla d\u00fczenlenen toplant\u0131, Vali Ali \u0130hsan Su ba\u015fkanl\u0131\u011f\u0131nda ger\u00e7ekle\u015ftirildi.\u00a0 \u00a0 &hellip; <a href=\"https:\/\/mersinekonomipolitikagazetesi.com\/?p=5635\" class=\"more-link\">Devam\u0131n\u0131 Oku&#8230;<\/a><\/p>\n","protected":false},"author":1,"featured_media":0,"comment_status":"open","ping_status":"open","sticky":false,"template":"","format":"standard","meta":[],"categories":[],"tags":[],"_links":{"self":[{"href":"https:\/\/mersinekonomipolitikagazetesi.com\/index.php?rest_route=\/wp\/v2\/posts\/5635"}],"collection":[{"href":"https:\/\/mersinekonomipolitikagazetesi.com\/index.php?rest_route=\/wp\/v2\/posts"}],"about":[{"href":"https:\/\/mersinekonomipolitikagazetesi.com\/index.php?rest_route=\/wp\/v2\/types\/post"}],"author":[{"embeddable":true,"href":"https:\/\/mersinekonomipolitikagazetesi.com\/index.php?rest_route=\/wp\/v2\/users\/1"}],"replies":[{"embeddable":true,"href":"https:\/\/mersinekonomipolitikagazetesi.com\/index.php?rest_route=%2Fwp%2Fv2%2Fcomments&post=5635"}],"version-history":[{"count":0,"href":"https:\/\/mersinekonomipolitikagazetesi.com\/index.php?rest_route=\/wp\/v2\/posts\/5635\/revisions"}],"wp:attachment":[{"href":"https:\/\/mersinekonomipolitikagazetesi.com\/index.php?rest_route=%2Fwp%2Fv2%2Fmedia&parent=5635"}],"wp:term":[{"taxonomy":"category","embeddable":true,"href":"https:\/\/mersinekonomipolitikagazetesi.com\/index.php?rest_route=%2Fwp%2Fv2%2Fcategories&post=5635"},{"taxonomy":"post_tag","embeddable":true,"href":"https:\/\/mersinekonomipolitikagazetesi.com\/index.php?rest_route=%2Fwp%2Fv2%2Ftags&post=5635"}],"curies":[{"name":"wp","href":"https:\/\/api.w.org\/{rel}","templated":true}]}}