{"id":5636,"date":"2020-11-04T18:26:04","date_gmt":"2020-11-04T15:26:04","guid":{"rendered":"http:\/\/mersinekonomipolitikagazetesi.com\/?p=5636"},"modified":"2020-11-04T18:26:04","modified_gmt":"2020-11-04T15:26:04","slug":"avustralya-ankara-buyukelcisi-brown-mersinde","status":"publish","type":"post","link":"https:\/\/mersinekonomipolitikagazetesi.com\/?p=5636","title":{"rendered":"Avustralya Ankara B\u00fcy\u00fckel\u00e7isi Brown Mersin&#8217;de"},"content":{"rendered":"<p>\u00a0Bir dizi temaslarda bulunmak \u00fczere Mersin&#8217;e gelen Avustralya Ankara B\u00fcy\u00fckel\u00e7isi Marc Innes Brown, B\u00fcy\u00fckel\u00e7ilik K\u00fclt\u00fcr Dairesi Koordinat\u00f6r\u00fc Elif Barut\u00e7uo\u011flu ile birlikte Vali Ali \u0130hsan Su\u2019yu ziyaret etti.\u00a0 \u00a0<br \/>\n\u00a0 B\u00fcy\u00fckel\u00e7i Brown\u2019\u0131n ziyaretinden duydu\u011fu memnuniyeti dile getiren Vali Su, bu t\u00fcr ziyaretlerin \u00fclkeler aras\u0131 ili\u015fkiler a\u00e7\u0131s\u0131ndan \u00f6nemli bir yere sahip oldu\u011funa i\u015faret ederek, B\u00fcy\u00fckel\u00e7iye ziyaretlerinden dolay\u0131 te\u015fekk\u00fcr etti.\u00a0<br \/>\n\u00a0 B\u00fcy\u00fckel\u00e7i Brown ise Mersin&#8217;de bulunmaktan dolay\u0131 duydu\u011fu memnuniyeti ifade ederek, g\u00f6sterdi\u011fi misafirperverlikten dolay\u0131 Vali Su\u2019ya te\u015fekk\u00fcrlerini iletti.\u00a0<\/p>\n","protected":false},"excerpt":{"rendered":"<p>\u00a0Bir dizi temaslarda bulunmak \u00fczere Mersin&#8217;e gelen Avustralya Ankara B\u00fcy\u00fckel\u00e7isi Marc Innes Brown, B\u00fcy\u00fckel\u00e7ilik K\u00fclt\u00fcr Dairesi Koordinat\u00f6r\u00fc Elif Barut\u00e7uo\u011flu ile birlikte Vali Ali \u0130hsan Su\u2019yu ziyaret etti.\u00a0 \u00a0 \u00a0 B\u00fcy\u00fckel\u00e7i &hellip; <a href=\"https:\/\/mersinekonomipolitikagazetesi.com\/?p=5636\" class=\"more-link\">Devam\u0131n\u0131 Oku&#8230;<\/a><\/p>\n","protected":false},"author":1,"featured_media":0,"comment_status":"open","ping_status":"open","sticky":false,"template":"","format":"standard","meta":[],"categories":[],"tags":[],"_links":{"self":[{"href":"https:\/\/mersinekonomipolitikagazetesi.com\/index.php?rest_route=\/wp\/v2\/posts\/5636"}],"collection":[{"href":"https:\/\/mersinekonomipolitikagazetesi.com\/index.php?rest_route=\/wp\/v2\/posts"}],"about":[{"href":"https:\/\/mersinekonomipolitikagazetesi.com\/index.php?rest_route=\/wp\/v2\/types\/post"}],"author":[{"embeddable":true,"href":"https:\/\/mersinekonomipolitikagazetesi.com\/index.php?rest_route=\/wp\/v2\/users\/1"}],"replies":[{"embeddable":true,"href":"https:\/\/mersinekonomipolitikagazetesi.com\/index.php?rest_route=%2Fwp%2Fv2%2Fcomments&post=5636"}],"version-history":[{"count":0,"href":"https:\/\/mersinekonomipolitikagazetesi.com\/index.php?rest_route=\/wp\/v2\/posts\/5636\/revisions"}],"wp:attachment":[{"href":"https:\/\/mersinekonomipolitikagazetesi.com\/index.php?rest_route=%2Fwp%2Fv2%2Fmedia&parent=5636"}],"wp:term":[{"taxonomy":"category","embeddable":true,"href":"https:\/\/mersinekonomipolitikagazetesi.com\/index.php?rest_route=%2Fwp%2Fv2%2Fcategories&post=5636"},{"taxonomy":"post_tag","embeddable":true,"href":"https:\/\/mersinekonomipolitikagazetesi.com\/index.php?rest_route=%2Fwp%2Fv2%2Ftags&post=5636"}],"curies":[{"name":"wp","href":"https:\/\/api.w.org\/{rel}","templated":true}]}}