{"id":5637,"date":"2020-11-04T18:26:04","date_gmt":"2020-11-04T15:26:04","guid":{"rendered":"http:\/\/mersinekonomipolitikagazetesi.com\/?p=5637"},"modified":"2020-11-04T18:26:04","modified_gmt":"2020-11-04T15:26:04","slug":"mersinde-siddetli-firtinada-kamyonet-devrildi-1-olu-1-yarali","status":"publish","type":"post","link":"https:\/\/mersinekonomipolitikagazetesi.com\/?p=5637","title":{"rendered":"Mersin&#8217;de \u015fiddetli f\u0131rt\u0131nada kamyonet devrildi: 1 \u00f6l\u00fc, 1 yaral\u0131"},"content":{"rendered":"<p><span style=\"font-family: sans-serif; font-size: 14px; text-align: justify; background-color: rgb(242, 244, 245);\">Mersin\u2019in Silifke il\u00e7esinde \u015fiddetli f\u0131rt\u0131na nedeniyle s\u00fcr\u00fcc\u00fcs\u00fcn\u00fcn direksiyon hakimiyetini kaybetmesi sonucu devrilen kamyonetteki 14 ya\u015f\u0131ndaki \u00e7ocuk hayat\u0131n\u0131 kaybetti, s\u00fcr\u00fcc\u00fc yaraland\u0131.<\/span><br style=\"box-sizing: border-box; font-family: sans-serif; font-size: 14px; text-align: justify; background-color: rgb(242, 244, 245);\" \/><br \/>\n<span style=\"font-family: sans-serif; font-size: 14px; text-align: justify; background-color: rgb(242, 244, 245);\">Al\u0131nan bilgiye g\u00f6re, Murat Karata\u015f&#8217;\u0131n kulland\u0131\u011f\u0131 33 ABE 442 plakal\u0131 kamyonet, \u015fiddetli f\u0131rt\u0131nada direksiyon hakimiyetinin kaybolmas\u0131 sonucu devrildi. Kazada, s\u00fcr\u00fcc\u00fcn\u00fcn yan\u0131nda bulunan o\u011flu Yasin Karata\u015f (14) olay yerinde hayat\u0131n\u0131 kaybetti. S\u00fcr\u00fcc\u00fc baba Murat Karata\u015f ise yaraland\u0131.<\/span><br style=\"box-sizing: border-box; font-family: sans-serif; font-size: 14px; text-align: justify; background-color: rgb(242, 244, 245);\" \/><br \/>\n<span style=\"font-family: sans-serif; font-size: 14px; text-align: justify; background-color: rgb(242, 244, 245);\">Kaza yerine gelen ambulansla Silifke Devlet Hastanesine kald\u0131r\u0131lan s\u00fcr\u00fcc\u00fcn\u00fcn durumunun a\u011f\u0131r oldu\u011fu \u00f6\u011frenilirken hayat\u0131n\u0131 kaybeden Yasin Karata\u015f&#8217;\u0131n cans\u0131z bedeni ise olay yerinde yap\u0131lan incelemenin ar\u0131ndan Silifke Devlet Hastanesi morguna kald\u0131r\u0131ld\u0131.<\/span><br style=\"box-sizing: border-box; font-family: sans-serif; font-size: 14px; text-align: justify; background-color: rgb(242, 244, 245);\" \/><br \/>\n<span style=\"font-family: sans-serif; font-size: 14px; text-align: justify; background-color: rgb(242, 244, 245);\">Kazayla ilgili soru\u015fturma ba\u015flat\u0131ld\u0131.<\/span><\/p>\n","protected":false},"excerpt":{"rendered":"<p>Mersin\u2019in Silifke il\u00e7esinde \u015fiddetli f\u0131rt\u0131na nedeniyle s\u00fcr\u00fcc\u00fcs\u00fcn\u00fcn direksiyon hakimiyetini kaybetmesi sonucu devrilen kamyonetteki 14 ya\u015f\u0131ndaki \u00e7ocuk hayat\u0131n\u0131 kaybetti, s\u00fcr\u00fcc\u00fc yaraland\u0131. Al\u0131nan bilgiye g\u00f6re, Murat Karata\u015f&#8217;\u0131n kulland\u0131\u011f\u0131 33 ABE 442 plakal\u0131 &hellip; <a href=\"https:\/\/mersinekonomipolitikagazetesi.com\/?p=5637\" class=\"more-link\">Devam\u0131n\u0131 Oku&#8230;<\/a><\/p>\n","protected":false},"author":1,"featured_media":0,"comment_status":"open","ping_status":"open","sticky":false,"template":"","format":"standard","meta":[],"categories":[],"tags":[],"_links":{"self":[{"href":"https:\/\/mersinekonomipolitikagazetesi.com\/index.php?rest_route=\/wp\/v2\/posts\/5637"}],"collection":[{"href":"https:\/\/mersinekonomipolitikagazetesi.com\/index.php?rest_route=\/wp\/v2\/posts"}],"about":[{"href":"https:\/\/mersinekonomipolitikagazetesi.com\/index.php?rest_route=\/wp\/v2\/types\/post"}],"author":[{"embeddable":true,"href":"https:\/\/mersinekonomipolitikagazetesi.com\/index.php?rest_route=\/wp\/v2\/users\/1"}],"replies":[{"embeddable":true,"href":"https:\/\/mersinekonomipolitikagazetesi.com\/index.php?rest_route=%2Fwp%2Fv2%2Fcomments&post=5637"}],"version-history":[{"count":0,"href":"https:\/\/mersinekonomipolitikagazetesi.com\/index.php?rest_route=\/wp\/v2\/posts\/5637\/revisions"}],"wp:attachment":[{"href":"https:\/\/mersinekonomipolitikagazetesi.com\/index.php?rest_route=%2Fwp%2Fv2%2Fmedia&parent=5637"}],"wp:term":[{"taxonomy":"category","embeddable":true,"href":"https:\/\/mersinekonomipolitikagazetesi.com\/index.php?rest_route=%2Fwp%2Fv2%2Fcategories&post=5637"},{"taxonomy":"post_tag","embeddable":true,"href":"https:\/\/mersinekonomipolitikagazetesi.com\/index.php?rest_route=%2Fwp%2Fv2%2Ftags&post=5637"}],"curies":[{"name":"wp","href":"https:\/\/api.w.org\/{rel}","templated":true}]}}