{"id":5638,"date":"2020-11-04T18:26:04","date_gmt":"2020-11-04T15:26:04","guid":{"rendered":"http:\/\/mersinekonomipolitikagazetesi.com\/?p=5638"},"modified":"2020-11-04T18:26:04","modified_gmt":"2020-11-04T15:26:04","slug":"secer-tarsus-ve-camliyaylada-muhtarlarla-bulustu","status":"publish","type":"post","link":"https:\/\/mersinekonomipolitikagazetesi.com\/?p=5638","title":{"rendered":"Se\u00e7er, Tarsus ve \u00c7aml\u0131yayla&#8217;da muhtarlarla bulu\u015ftu"},"content":{"rendered":"<p>\u00a0Mersin B\u00fcy\u00fck\u015fehir Belediye Ba\u015fkan\u0131 Vahap Se\u00e7er, Tarsus ve \u00c7aml\u0131yayla il\u00e7elerine 2023 y\u0131l\u0131 sonuna kadar 300 milyon liral\u0131k i\u00e7mesuyu ve kanalizasyon yat\u0131r\u0131m\u0131 yap\u0131laca\u011f\u0131n\u0131 s\u00f6yledi.\u00a0 \u00a0<br \/>\n\u00a0 Se\u00e7er, Tarsus ve \u00c7aml\u0131yayla muhtarlar\u0131yla bir araya geldi. Mersin\u2019de ge\u00e7ti\u011fimiz g\u00fcnlerde ya\u015fanan sel felaketinde hayat\u0131n\u0131 kaybeden 2 ki\u015fiye Allah\u2019tan rahmet dileyen Se\u00e7er, \u201cZarar g\u00f6ren esnaf\u0131m\u0131z\u0131n, yurtta\u015f\u0131m\u0131z\u0131n, \u00e7ift\u00e7imizin yaralar\u0131n\u0131n sar\u0131lmas\u0131 konusunda gerekli kurumlar\u0131n \u00e7al\u0131\u015fma yapt\u0131\u011f\u0131n\u0131 biliyorum. \u0130n\u015fallah bir netice al\u0131n\u0131r ve a\u00e7\u0131lan yaraya merhem olacak yard\u0131mlar yap\u0131l\u0131r. \u00d6zellikle Tarsus\u2019un ova k\u0131sm\u0131nda, Berdan nehrinin bat\u0131s\u0131nda Aliefendi, Alia\u011fa, Kulak, Bah\u015fi\u015f, Ye\u015filkuyu, Ye\u015filtepe o b\u00f6lgelerde zararlar olmu\u015f. Do\u011fu yakas\u0131nda da Egemen, Kelahmet, o m\u0131nt\u0131kada baz\u0131 tar\u0131m alanlar\u0131 zarar g\u00f6rm\u00fc\u015f. \u00c7ift\u00e7ilerimize ge\u00e7mi\u015f olsun diyorum. \u00c7ift\u00e7ilik zor zanaat. Geceniz g\u00fcnd\u00fcz\u00fcn\u00fcz, ya\u011fmur \u00e7amur. Tam hasada girece\u011fiz elimiz para g\u00f6recek, b\u00f6yle afetler bizi el elde ba\u015f ba\u015fta b\u0131rak\u0131yor\u201d dedi.\u00a0<br \/>\n\u00a0 \u201cRayl\u0131 sistem de\u011fer katacak\u201d\u00a0<br \/>\n\u00a0 Merkez 4 il\u00e7eyi birbirine ba\u011flayacak 30 kilometre karma rayl\u0131 sistemin tan\u0131t\u0131m\u0131n\u0131 yapt\u0131klar\u0131n\u0131 hat\u0131rlatan Se\u00e7er, &#8220;\u0130n\u015fallah bu y\u0131l i\u00e7inde yat\u0131r\u0131m\u0131n ilk ad\u0131m\u0131 i\u00e7in ilk kazmay\u0131 vuraca\u011f\u0131z ve Tarsus \u00c7ukobirlik s\u0131n\u0131r\u0131ndan Anamur Kaledran s\u0131n\u0131r\u0131na kadar kentimize de\u011fer katacak yat\u0131r\u0131m\u0131 ger\u00e7ekle\u015ftirece\u011fiz\u201d diye konu\u015ftu.\u00a0<br \/>\n\u00a0 \u201cPersonel konusunda vicdan\u0131m rahat\u201d\u00a0<br \/>\n\u00a0 Mersin B\u00fcy\u00fck\u015fehir Belediyesi\u2019nin Tarsus\u2019ta toplam bin 76, \u00c7aml\u0131yayla\u2019da toplam 69 personel ile hizmet verdi\u011fini vurgulayan Se\u00e7er, Tarsus\u2019ta 179, \u00c7aml\u0131yayla\u2019da 14 mahalleye hizmet g\u00f6t\u00fcrd\u00fcklerini s\u00f6yledi. Se\u00e7er, \u201cSizlerden gelen talepler ve \u015fikayetler ile yapt\u0131\u011f\u0131m\u0131z anketlerde yol birinci s\u0131rada sorun. Altyap\u0131, kanalizasyon en \u00e7ok talep g\u00f6ren ya da sorun olarak bize iletilen alanlar. Bu alanlar da belediye b\u00fct\u00e7elerini yoran konular. En memnun oldu\u011funuz konu ise cenaze hizmetleri. Demek ki, memnuniyet sadece parayla olmuyor. Ufak dokunu\u015flar da insanlar\u0131 memnun edebiliyor. \u0130nsanlar\u0131n yaln\u0131z olmad\u0131\u011f\u0131n\u0131 hissettirmek gerekiyor. \u0130\u015f talepleri bizi \u00fcz\u00fcyor, yoruyor. Elbette kamu kurumlar\u0131, belediyeler istihdam yap\u0131yor ama oralar\u0131n fabrika olmad\u0131\u011f\u0131n\u0131, ticari i\u015fletme olmad\u0131\u011f\u0131n\u0131 bilmemiz laz\u0131m. \u0130htiya\u00e7lar\u0131m\u0131z \u00f6l\u00e7\u00fcs\u00fcnde elbette belediyemize elaman al\u0131yoruz. Bunu da en hakkane \u015fekilde yap\u0131yoruz. Vicdan\u0131m son derece rahat. Bunun alt\u0131n\u0131 \u00e7iziyorum. Ben hizmet \u00fcretmek istiyorum. Benim hizmet \u00fcretebilmem i\u00e7in iki kayna\u011fa ihtiyac\u0131m var. Biri mali kaynak, biri de insan kayna\u011f\u0131. \u0130kisinden biri eksikse benim ayaklar\u0131m sakat demektir, sorunlu demektir ve hizmet yapamam&#8221; ifadelerini kulland\u0131.\u00a0<br \/>\n\u00a0 \u201cTarsus \u00dcniversitesi ile ilgileniyoruz\u201d\u00a0<br \/>\n\u00a0 Geride kalan 9 ayl\u0131k s\u00fcre i\u00e7inde mevcut kaynaklar\u0131 en iyi, en ak\u0131lc\u0131 \u015fekilde kullanarak \u00e7ok \u00f6nemli i\u015fler yapt\u0131klar\u0131 kaydeden Se\u00e7er, Tarsus ve \u00c7aml\u0131yayla\u2019n\u0131n mahallelerinde yap\u0131lan yol ve asfalt \u00e7al\u0131\u015fmalar\u0131 hakk\u0131nda ayr\u0131nt\u0131l\u0131 bilgileri payla\u015ft\u0131. Tarsus \u00dcniversitesi\u2019nin il\u00e7e i\u00e7in \u00f6nemine de\u011finen Se\u00e7er, \u201cTarsus \u00dcniversitesi bizim i\u00e7in \u00f6nemli. Tarsuslular y\u0131llarca \u00fcniversite kurulsun diye bunun m\u00fccadelesini verdi. Ben de parlamentoda oldu\u011fum s\u00fcrede g\u00fcndeme getirdim. Bununla ilgili bir kanun teklifim de var. Her kim yapt\u0131ysa, bizim i\u00e7in Tarsus\u2019a hizmet \u00f6nemli, Allah raz\u0131 olsun. Bu konuda elimizden gelen katk\u0131y\u0131 hem Tarsus Belediyesi olarak hem Mersin B\u00fcy\u00fck\u015fehir Belediyesi olarak yap\u0131yoruz. Rekt\u00f6r hocam\u0131zla ileti\u015fim halindeyiz. Kendi y\u00f6netti\u011fimiz bir kurum gibi Tarsus \u00dcniversitesi\u2019nin her sorununun \u00e7\u00f6z\u00fcm\u00fcyle ilgileniyoruz ve orada \u00f6nemli \u00e7al\u0131\u015fmalar yap\u0131yoruz\u201d \u015feklinde konu\u015ftu.\u00a0<br \/>\n\u00a0 \u201cOtob\u00fcs say\u0131s\u0131n\u0131 art\u0131raca\u011f\u0131z\u201d\u00a0<br \/>\n\u00a0 Ba\u015fkan Se\u00e7er, d\u00fcnyan\u0131n geli\u015fmi\u015f \u00fclkelerinde halka bedava verilen hizmetlerin ba\u015f\u0131nda ula\u015f\u0131m ve sa\u011fl\u0131\u011f\u0131n geldi\u011fine i\u015faret ederek, kendisinin de ula\u015f\u0131m\u0131 bir ticari faaliyet olarak g\u00f6rmedi\u011fini vurgulad\u0131. Se\u00e7er, \u00c7aml\u0131yayla\u2019ya k\u0131\u015f\u0131n bir otob\u00fcs\u00fcn g\u00fcnde 2 sefer yapt\u0131\u011f\u0131n\u0131, yaz\u0131n 2 otob\u00fcs\u00fcn 4 sefer yapt\u0131\u011f\u0131n\u0131, Tarsus ve \u00c7aml\u0131yayla\u2019ya hizmet veren otob\u00fcs say\u0131s\u0131 toplam\u0131n\u0131n 41, sefer say\u0131s\u0131 toplam\u0131n\u0131n 52 mahallede 255 oldu\u011funu kaydetti. Ba\u015fkan Se\u00e7er, yeni otob\u00fcslerin filoya eklenmesinin ard\u0131ndan her iki il\u00e7ede de otob\u00fcs say\u0131s\u0131n\u0131n art\u0131r\u0131laca\u011f\u0131n\u0131 s\u00f6yledi.\u00a0<br \/>\n\u00a0 \u201c300 milyon liral\u0131k yat\u0131r\u0131m yap\u0131lacak\u201d\u00a0<br \/>\n\u00a0 Tarsus\u2019un mezarl\u0131k sorununu Sucular mevkiinde olu\u015fturacaklar\u0131 100 d\u00f6n\u00fcml\u00fck yeni mezarl\u0131k alan\u0131yla \u00e7\u00f6zeceklerini ifade eden Se\u00e7er, il\u00e7ede yap\u0131lacak altyap\u0131 yat\u0131r\u0131mlar\u0131 konusunda ise \u015funlar\u0131 s\u00f6yledi; &#8220;Tarsus\u2019ta 200 milyon liral\u0131k su ve altyap\u0131 yat\u0131r\u0131m\u0131 s\u00f6z konusu. \u00c7aml\u0131yayla\u2019da 80 milyon liral\u0131k i\u00e7mesuyu yat\u0131r\u0131m\u0131 olacak. MESK\u0130 sadece \u00c7aml\u0131yayla\u2019ya 93 milyon liral\u0131k yat\u0131r\u0131m yapacak. Tarsus ve \u00c7aml\u0131yayla\u2019ya sadece MESK\u0130 2023 y\u0131l\u0131 sonuna kadar 300 milyon lira yat\u0131r\u0131m yapacak.\u201d\u00a0<\/p>\n","protected":false},"excerpt":{"rendered":"<p>\u00a0Mersin B\u00fcy\u00fck\u015fehir Belediye Ba\u015fkan\u0131 Vahap Se\u00e7er, Tarsus ve \u00c7aml\u0131yayla il\u00e7elerine 2023 y\u0131l\u0131 sonuna kadar 300 milyon liral\u0131k i\u00e7mesuyu ve kanalizasyon yat\u0131r\u0131m\u0131 yap\u0131laca\u011f\u0131n\u0131 s\u00f6yledi.\u00a0 \u00a0 \u00a0 Se\u00e7er, Tarsus ve \u00c7aml\u0131yayla muhtarlar\u0131yla &hellip; <a href=\"https:\/\/mersinekonomipolitikagazetesi.com\/?p=5638\" class=\"more-link\">Devam\u0131n\u0131 Oku&#8230;<\/a><\/p>\n","protected":false},"author":1,"featured_media":0,"comment_status":"open","ping_status":"open","sticky":false,"template":"","format":"standard","meta":[],"categories":[],"tags":[],"_links":{"self":[{"href":"https:\/\/mersinekonomipolitikagazetesi.com\/index.php?rest_route=\/wp\/v2\/posts\/5638"}],"collection":[{"href":"https:\/\/mersinekonomipolitikagazetesi.com\/index.php?rest_route=\/wp\/v2\/posts"}],"about":[{"href":"https:\/\/mersinekonomipolitikagazetesi.com\/index.php?rest_route=\/wp\/v2\/types\/post"}],"author":[{"embeddable":true,"href":"https:\/\/mersinekonomipolitikagazetesi.com\/index.php?rest_route=\/wp\/v2\/users\/1"}],"replies":[{"embeddable":true,"href":"https:\/\/mersinekonomipolitikagazetesi.com\/index.php?rest_route=%2Fwp%2Fv2%2Fcomments&post=5638"}],"version-history":[{"count":0,"href":"https:\/\/mersinekonomipolitikagazetesi.com\/index.php?rest_route=\/wp\/v2\/posts\/5638\/revisions"}],"wp:attachment":[{"href":"https:\/\/mersinekonomipolitikagazetesi.com\/index.php?rest_route=%2Fwp%2Fv2%2Fmedia&parent=5638"}],"wp:term":[{"taxonomy":"category","embeddable":true,"href":"https:\/\/mersinekonomipolitikagazetesi.com\/index.php?rest_route=%2Fwp%2Fv2%2Fcategories&post=5638"},{"taxonomy":"post_tag","embeddable":true,"href":"https:\/\/mersinekonomipolitikagazetesi.com\/index.php?rest_route=%2Fwp%2Fv2%2Ftags&post=5638"}],"curies":[{"name":"wp","href":"https:\/\/api.w.org\/{rel}","templated":true}]}}