{"id":5639,"date":"2020-11-04T18:26:04","date_gmt":"2020-11-04T15:26:04","guid":{"rendered":"http:\/\/mersinekonomipolitikagazetesi.com\/?p=5639"},"modified":"2020-11-04T18:26:04","modified_gmt":"2020-11-04T15:26:04","slug":"avustralya-buyukelcisi-brown-baskan-secer-ile-bir-araya-geldi","status":"publish","type":"post","link":"https:\/\/mersinekonomipolitikagazetesi.com\/?p=5639","title":{"rendered":"Avustralya B\u00fcy\u00fckel\u00e7isi Brown, Ba\u015fkan Se\u00e7er ile bir araya geldi"},"content":{"rendered":"<p><span style=\"font-family: sans-serif; font-size: 14px; text-align: justify; background-color: rgb(242, 244, 245);\">Avustralya\u2019n\u0131n Ankara B\u00fcy\u00fckel\u00e7isi Marc Innes Brown, Akdeniz Roman Dernekleri Federasyonunun Avustralya B\u00fcy\u00fckel\u00e7ili\u011fi DAP program\u0131 kapsam\u0131nda y\u00fcr\u00fctt\u00fc\u011f\u00fc &#8216;Roman Kad\u0131nlar \u0130\u015fe \u00c7ocuklar Kre\u015fe&#8217; projesi kapsam\u0131nda geldi\u011fi Mersin\u2019de, B\u00fcy\u00fck\u015fehir Belediye Ba\u015fkan\u0131 Vahap Se\u00e7er\u2019i ziyaret etti.<\/span><br style=\"box-sizing: border-box; font-family: sans-serif; font-size: 14px; text-align: justify; background-color: rgb(242, 244, 245);\" \/><br \/>\n<span style=\"font-family: sans-serif; font-size: 14px; text-align: justify; background-color: rgb(242, 244, 245);\">Mersin B\u00fcy\u00fck\u015fehir Belediye Ba\u015fkan\u0131 Se\u00e7er, makam\u0131nda a\u011f\u0131rlad\u0131\u011f\u0131 Avustralya B\u00fcy\u00fckel\u00e7isi Brown\u2019a, y\u00fcr\u00fctt\u00fckleri sosyal projeler hakk\u0131nda bilgi verdi.<\/span><br style=\"box-sizing: border-box; font-family: sans-serif; font-size: 14px; text-align: justify; background-color: rgb(242, 244, 245);\" \/><br \/>\n<span style=\"font-family: sans-serif; font-size: 14px; text-align: justify; background-color: rgb(242, 244, 245);\">Ba\u015fkan Se\u00e7er, ziyarette toplumun dezavantajl\u0131 kesimlerine y\u00f6nelik sosyal projeler hayata ge\u00e7irdiklerini belirterek, \u201cBu \u00e7al\u0131\u015fmalar\u0131m\u0131z farkl\u0131 alanlarda olabiliyor. Kad\u0131nlara, \u00e7ocuklara, engellilere, \u00f6zel \u00e7ocuklara y\u00f6nelik \u00e7al\u0131\u015fmalar yap\u0131yoruz. Baz\u0131 gruplar kendi vatanda\u015flar\u0131m\u0131z. Romanlar da yurtta\u015flar\u0131m\u0131z ve bu \u00fclkenin asli unsurlar\u0131. Ancak baz\u0131 gruplar var ki, Suriyeli s\u0131\u011f\u0131nmac\u0131lar gibi burada ya\u015famaya ba\u015flam\u0131\u015f ve baz\u0131 sorunlar\u0131 b\u00f6lgemize ta\u015f\u0131m\u0131\u015f topluluklar da var. Her grubun kendine has sorunlar\u0131n\u0131 \u00e7\u00f6zecek, Mersin\u2019de bir arada ya\u015faman\u0131n \u00f6n\u00fcn\u00fc a\u00e7acak projeler hayata ge\u00e7irmek istiyoruz. Amac\u0131m\u0131z, hem kendi sorunlar\u0131n\u0131 a\u015fmalar\u0131na yard\u0131mc\u0131 olmak hem de bu topluluklar\u0131n \u015fehir n\u00fcfusuna uyumunu sa\u011flamak. Umut ediyorum, sizlerle de ortak projeler yapabiliriz. Projelerimiz var. Sizin beklenti ve ama\u00e7lar\u0131n\u0131zla \u00f6rt\u00fc\u015f\u00fcyorsa beraber \u00e7al\u0131\u015fmaktan onur duyar\u0131z\u201d diye konu\u015ftu.<\/span><br style=\"box-sizing: border-box; font-family: sans-serif; font-size: 14px; text-align: justify; background-color: rgb(242, 244, 245);\" \/><br \/>\n<span style=\"font-family: sans-serif; font-size: 14px; text-align: justify; background-color: rgb(242, 244, 245);\">Se\u00e7er, Avustralya\u2019da haftalard\u0131r s\u00fcren orman yang\u0131nlar\u0131n\u0131 da \u00fcz\u00fcnt\u00fcyle takip ettiklerini belirterek, Avustralya halk\u0131na ge\u00e7mi\u015f olsun dileklerini iletti.<\/span><br style=\"box-sizing: border-box; font-family: sans-serif; font-size: 14px; text-align: justify; background-color: rgb(242, 244, 245);\" \/><br \/>\n<br style=\"box-sizing: border-box; font-family: sans-serif; font-size: 14px; text-align: justify; background-color: rgb(242, 244, 245);\" \/><br \/>\n<span style=\"font-family: sans-serif; font-size: 14px; text-align: justify; background-color: rgb(242, 244, 245);\">\u201cMersin, her iki mevsimde de harika\u201d<\/span><br style=\"box-sizing: border-box; font-family: sans-serif; font-size: 14px; text-align: justify; background-color: rgb(242, 244, 245);\" \/><br \/>\n<span style=\"font-family: sans-serif; font-size: 14px; text-align: justify; background-color: rgb(242, 244, 245);\">Mersin\u2019de olmaktan mutlu oldu\u011funu ifade B\u00fcy\u00fckel\u00e7i Brown da \u201cGe\u00e7en yaz ba\u015f\u0131nda verimli bir ziyaret ger\u00e7ekle\u015ftirmi\u015ftik. \u015eimdi k\u0131\u015f\u0131n geldim. Mersin, her iki mevsimde de harika\u201d dedi.<\/span><br style=\"box-sizing: border-box; font-family: sans-serif; font-size: 14px; text-align: justify; background-color: rgb(242, 244, 245);\" \/><br \/>\n<span style=\"font-family: sans-serif; font-size: 14px; text-align: justify; background-color: rgb(242, 244, 245);\">Kalk\u0131nma projeleri kapsam\u0131nda destekledikleri \u2018Roman Kad\u0131nlar \u0130\u015fe \u00c7ocuklar Kre\u015fe\u2019 projesi i\u00e7in yerel partnerlerle \u00e7al\u0131\u015ft\u0131klar\u0131n\u0131 dile getiren B\u00fcy\u00fckel\u00e7i Brown, \u201cBurada Roman toplumuna faydal\u0131 olabilmek i\u00e7in e\u011fitim projesi geli\u015ftirildi. Kad\u0131nlara yeni vas\u0131flar kazand\u0131r\u0131lmas\u0131n\u0131 ama\u00e7layan bir proje\u201d ifadelerini kulland\u0131.<\/span><\/p>\n","protected":false},"excerpt":{"rendered":"<p>Avustralya\u2019n\u0131n Ankara B\u00fcy\u00fckel\u00e7isi Marc Innes Brown, Akdeniz Roman Dernekleri Federasyonunun Avustralya B\u00fcy\u00fckel\u00e7ili\u011fi DAP program\u0131 kapsam\u0131nda y\u00fcr\u00fctt\u00fc\u011f\u00fc &#8216;Roman Kad\u0131nlar \u0130\u015fe \u00c7ocuklar Kre\u015fe&#8217; projesi kapsam\u0131nda geldi\u011fi Mersin\u2019de, B\u00fcy\u00fck\u015fehir Belediye Ba\u015fkan\u0131 Vahap Se\u00e7er\u2019i &hellip; <a href=\"https:\/\/mersinekonomipolitikagazetesi.com\/?p=5639\" class=\"more-link\">Devam\u0131n\u0131 Oku&#8230;<\/a><\/p>\n","protected":false},"author":1,"featured_media":0,"comment_status":"open","ping_status":"open","sticky":false,"template":"","format":"standard","meta":[],"categories":[],"tags":[],"_links":{"self":[{"href":"https:\/\/mersinekonomipolitikagazetesi.com\/index.php?rest_route=\/wp\/v2\/posts\/5639"}],"collection":[{"href":"https:\/\/mersinekonomipolitikagazetesi.com\/index.php?rest_route=\/wp\/v2\/posts"}],"about":[{"href":"https:\/\/mersinekonomipolitikagazetesi.com\/index.php?rest_route=\/wp\/v2\/types\/post"}],"author":[{"embeddable":true,"href":"https:\/\/mersinekonomipolitikagazetesi.com\/index.php?rest_route=\/wp\/v2\/users\/1"}],"replies":[{"embeddable":true,"href":"https:\/\/mersinekonomipolitikagazetesi.com\/index.php?rest_route=%2Fwp%2Fv2%2Fcomments&post=5639"}],"version-history":[{"count":0,"href":"https:\/\/mersinekonomipolitikagazetesi.com\/index.php?rest_route=\/wp\/v2\/posts\/5639\/revisions"}],"wp:attachment":[{"href":"https:\/\/mersinekonomipolitikagazetesi.com\/index.php?rest_route=%2Fwp%2Fv2%2Fmedia&parent=5639"}],"wp:term":[{"taxonomy":"category","embeddable":true,"href":"https:\/\/mersinekonomipolitikagazetesi.com\/index.php?rest_route=%2Fwp%2Fv2%2Fcategories&post=5639"},{"taxonomy":"post_tag","embeddable":true,"href":"https:\/\/mersinekonomipolitikagazetesi.com\/index.php?rest_route=%2Fwp%2Fv2%2Ftags&post=5639"}],"curies":[{"name":"wp","href":"https:\/\/api.w.org\/{rel}","templated":true}]}}