{"id":5640,"date":"2020-11-04T18:26:04","date_gmt":"2020-11-04T15:26:04","guid":{"rendered":"http:\/\/mersinekonomipolitikagazetesi.com\/?p=5640"},"modified":"2020-11-04T18:26:04","modified_gmt":"2020-11-04T15:26:04","slug":"pastane-imalathanesinde-yangin","status":"publish","type":"post","link":"https:\/\/mersinekonomipolitikagazetesi.com\/?p=5640","title":{"rendered":"Pastane imalathanesinde yang\u0131n"},"content":{"rendered":"<p>Mersin&#8217;in Erdemli il\u00e7esinde bir pastanenin imalathane b\u00f6l\u00fcm\u00fcnde yang\u0131n \u00e7\u0131kt\u0131.\u00a0 \u00a0<br \/>\n\u00a0 Al\u0131nan bilgiye g\u00f6re, Merkez Mahallesi Adnan Menderes Caddesi&#8217;nde bir pastaneye ait imalathanede hen\u00fcz bilinmeyen bir nedenle yang\u0131n \u00e7\u0131kt\u0131. Olay yerine gelen Mersin B\u00fcy\u00fck\u015fehir Belediyesi itfaiye ekipleri yang\u0131na m\u00fcdahale ediyor. Al\u0131\u015fveri\u015f merkezlerinin oldu\u011fu caddedeki vatanda\u015flar da b\u00f6lgeden uzakla\u015ft\u0131r\u0131ld\u0131.\u00a0<\/p>\n","protected":false},"excerpt":{"rendered":"<p>Mersin&#8217;in Erdemli il\u00e7esinde bir pastanenin imalathane b\u00f6l\u00fcm\u00fcnde yang\u0131n \u00e7\u0131kt\u0131.\u00a0 \u00a0 \u00a0 Al\u0131nan bilgiye g\u00f6re, Merkez Mahallesi Adnan Menderes Caddesi&#8217;nde bir pastaneye ait imalathanede hen\u00fcz bilinmeyen bir nedenle yang\u0131n \u00e7\u0131kt\u0131. Olay &hellip; <a href=\"https:\/\/mersinekonomipolitikagazetesi.com\/?p=5640\" class=\"more-link\">Devam\u0131n\u0131 Oku&#8230;<\/a><\/p>\n","protected":false},"author":1,"featured_media":0,"comment_status":"open","ping_status":"open","sticky":false,"template":"","format":"standard","meta":[],"categories":[],"tags":[],"_links":{"self":[{"href":"https:\/\/mersinekonomipolitikagazetesi.com\/index.php?rest_route=\/wp\/v2\/posts\/5640"}],"collection":[{"href":"https:\/\/mersinekonomipolitikagazetesi.com\/index.php?rest_route=\/wp\/v2\/posts"}],"about":[{"href":"https:\/\/mersinekonomipolitikagazetesi.com\/index.php?rest_route=\/wp\/v2\/types\/post"}],"author":[{"embeddable":true,"href":"https:\/\/mersinekonomipolitikagazetesi.com\/index.php?rest_route=\/wp\/v2\/users\/1"}],"replies":[{"embeddable":true,"href":"https:\/\/mersinekonomipolitikagazetesi.com\/index.php?rest_route=%2Fwp%2Fv2%2Fcomments&post=5640"}],"version-history":[{"count":0,"href":"https:\/\/mersinekonomipolitikagazetesi.com\/index.php?rest_route=\/wp\/v2\/posts\/5640\/revisions"}],"wp:attachment":[{"href":"https:\/\/mersinekonomipolitikagazetesi.com\/index.php?rest_route=%2Fwp%2Fv2%2Fmedia&parent=5640"}],"wp:term":[{"taxonomy":"category","embeddable":true,"href":"https:\/\/mersinekonomipolitikagazetesi.com\/index.php?rest_route=%2Fwp%2Fv2%2Fcategories&post=5640"},{"taxonomy":"post_tag","embeddable":true,"href":"https:\/\/mersinekonomipolitikagazetesi.com\/index.php?rest_route=%2Fwp%2Fv2%2Ftags&post=5640"}],"curies":[{"name":"wp","href":"https:\/\/api.w.org\/{rel}","templated":true}]}}