{"id":5650,"date":"2020-11-04T18:26:05","date_gmt":"2020-11-04T15:26:05","guid":{"rendered":"http:\/\/mersinekonomipolitikagazetesi.com\/?p=5650"},"modified":"2020-11-04T18:26:05","modified_gmt":"2020-11-04T15:26:05","slug":"denizde-kaybolan-bekciden-16-gundur-haber-yok","status":"publish","type":"post","link":"https:\/\/mersinekonomipolitikagazetesi.com\/?p=5650","title":{"rendered":"Denizde kaybolan bek\u00e7iden 16 g\u00fcnd\u00fcr haber yok"},"content":{"rendered":"<p><span style=\"font-family: sans-serif; font-size: 14px; text-align: justify; background-color: rgb(242, 244, 245);\">Mersin&#8217;in Tarsus il\u00e7esinde 11 Ocak&#8217;ta bal\u0131k tutmak i\u00e7in arkada\u015f\u0131yla kay\u0131kla denize a\u00e7\u0131ld\u0131ktan sonra haber al\u0131namayan bek\u00e7i Oktay Avc\u0131\u2019dan 16 g\u00fcnd\u00fcr haber al\u0131nam\u0131yor.<\/span><br style=\"box-sizing: border-box; font-family: sans-serif; font-size: 14px; text-align: justify; background-color: rgb(242, 244, 245);\" \/><br \/>\n<span style=\"font-family: sans-serif; font-size: 14px; text-align: justify; background-color: rgb(242, 244, 245);\">Tarsus Emniyet M\u00fcd\u00fcrl\u00fc\u011f\u00fc b\u00fcnyesinde mahalle ve \u00e7ar\u015f\u0131 bek\u00e7isi olarak g\u00f6rev yapan Oktay Avc\u0131&#8217;y\u0131 (32) bulmak i\u00e7in y\u00fcr\u00fct\u00fclen \u00e7al\u0131\u015fmalar, havadan, karadan ve denizden devam ediyor.<\/span><br style=\"box-sizing: border-box; font-family: sans-serif; font-size: 14px; text-align: justify; background-color: rgb(242, 244, 245);\" \/><br \/>\n<span style=\"font-family: sans-serif; font-size: 14px; text-align: justify; background-color: rgb(242, 244, 245);\">Drone deste\u011fiyle yap\u0131lan \u00e7al\u0131\u015fmalarda, Mersin ve Adana Emniyet M\u00fcd\u00fcrl\u00fc\u011f\u00fc Deniz Liman\u0131 \u015eube M\u00fcd\u00fcrl\u00fc\u011f\u00fcnde g\u00f6revli 10 polis, Tarsus \u0130l\u00e7e Emniyet M\u00fcd\u00fcrl\u00fc\u011f\u00fcnden ekipler de destek veriyor.<\/span><br style=\"box-sizing: border-box; font-family: sans-serif; font-size: 14px; text-align: justify; background-color: rgb(242, 244, 245);\" \/><br \/>\n<span style=\"font-family: sans-serif; font-size: 14px; text-align: justify; background-color: rgb(242, 244, 245);\">Mersin B\u00fcy\u00fck\u015fehir Belediyesinin kurdu\u011fu \u00e7ad\u0131rda bekleyen yak\u0131nlar\u0131na Tarsus Belediyesi ekipleri destek veriyor.<\/span><br style=\"box-sizing: border-box; font-family: sans-serif; font-size: 14px; text-align: justify; background-color: rgb(242, 244, 245);\" \/><br \/>\n<span style=\"font-family: sans-serif; font-size: 14px; text-align: justify; background-color: rgb(242, 244, 245);\">Deniz polisi, botla suda tarama yaparken, AFAD ekipleri, polisler de k\u0131y\u0131y\u0131 ve sazl\u0131k alanlar\u0131 inceliyor.<\/span><br style=\"box-sizing: border-box; font-family: sans-serif; font-size: 14px; text-align: justify; background-color: rgb(242, 244, 245);\" \/><br \/>\n<span style=\"font-family: sans-serif; font-size: 14px; text-align: justify; background-color: rgb(242, 244, 245);\">Oktay Avc\u0131 ile bal\u0131k tutmak i\u00e7in Kulak Mahallesi&#8217;nden denize a\u00e7\u0131lan bek\u00e7i \u00d6mer \u00d6zer&#8217;in (32) cans\u0131z bedeni 16 Ocak&#8217;ta yakla\u015f\u0131k 60 metre a\u00e7\u0131kta bulunmu\u015ftu.<\/span><\/p>\n","protected":false},"excerpt":{"rendered":"<p>Mersin&#8217;in Tarsus il\u00e7esinde 11 Ocak&#8217;ta bal\u0131k tutmak i\u00e7in arkada\u015f\u0131yla kay\u0131kla denize a\u00e7\u0131ld\u0131ktan sonra haber al\u0131namayan bek\u00e7i Oktay Avc\u0131\u2019dan 16 g\u00fcnd\u00fcr haber al\u0131nam\u0131yor. Tarsus Emniyet M\u00fcd\u00fcrl\u00fc\u011f\u00fc b\u00fcnyesinde mahalle ve \u00e7ar\u015f\u0131 bek\u00e7isi &hellip; <a href=\"https:\/\/mersinekonomipolitikagazetesi.com\/?p=5650\" class=\"more-link\">Devam\u0131n\u0131 Oku&#8230;<\/a><\/p>\n","protected":false},"author":1,"featured_media":0,"comment_status":"open","ping_status":"open","sticky":false,"template":"","format":"standard","meta":[],"categories":[],"tags":[],"_links":{"self":[{"href":"https:\/\/mersinekonomipolitikagazetesi.com\/index.php?rest_route=\/wp\/v2\/posts\/5650"}],"collection":[{"href":"https:\/\/mersinekonomipolitikagazetesi.com\/index.php?rest_route=\/wp\/v2\/posts"}],"about":[{"href":"https:\/\/mersinekonomipolitikagazetesi.com\/index.php?rest_route=\/wp\/v2\/types\/post"}],"author":[{"embeddable":true,"href":"https:\/\/mersinekonomipolitikagazetesi.com\/index.php?rest_route=\/wp\/v2\/users\/1"}],"replies":[{"embeddable":true,"href":"https:\/\/mersinekonomipolitikagazetesi.com\/index.php?rest_route=%2Fwp%2Fv2%2Fcomments&post=5650"}],"version-history":[{"count":0,"href":"https:\/\/mersinekonomipolitikagazetesi.com\/index.php?rest_route=\/wp\/v2\/posts\/5650\/revisions"}],"wp:attachment":[{"href":"https:\/\/mersinekonomipolitikagazetesi.com\/index.php?rest_route=%2Fwp%2Fv2%2Fmedia&parent=5650"}],"wp:term":[{"taxonomy":"category","embeddable":true,"href":"https:\/\/mersinekonomipolitikagazetesi.com\/index.php?rest_route=%2Fwp%2Fv2%2Fcategories&post=5650"},{"taxonomy":"post_tag","embeddable":true,"href":"https:\/\/mersinekonomipolitikagazetesi.com\/index.php?rest_route=%2Fwp%2Fv2%2Ftags&post=5650"}],"curies":[{"name":"wp","href":"https:\/\/api.w.org\/{rel}","templated":true}]}}