{"id":5655,"date":"2020-11-04T18:26:05","date_gmt":"2020-11-04T15:26:05","guid":{"rendered":"http:\/\/mersinekonomipolitikagazetesi.com\/?p=5655"},"modified":"2020-11-04T18:26:05","modified_gmt":"2020-11-04T15:26:05","slug":"akdeniz-belediyesinden-elazig-icin-yardim-kampanyasi","status":"publish","type":"post","link":"https:\/\/mersinekonomipolitikagazetesi.com\/?p=5655","title":{"rendered":"Akdeniz Belediyesi&#8217;nden Elaz\u0131\u011f i\u00e7in yard\u0131m kampanyas\u0131"},"content":{"rendered":"<p><span style=\"font-family: sans-serif; font-size: 14px; text-align: justify; background-color: rgb(242, 244, 245);\">Mersin&#8217;in merkez il\u00e7e Akdeniz Belediyesi, depremden etkilenen Elaz\u0131\u011f ve \u00e7evre illerde ya\u015fayan vatanda\u015flar i\u00e7in kampanya ba\u015flatt\u0131. Ba\u015fkan G\u00fcltak, \u201cHaydi Mersinliler g\u00fcn, yaralar\u0131m\u0131z\u0131 birlikte sarman\u0131n, birlik, dayan\u0131\u015fma ve karde\u015fli\u011fin g\u00fcn\u00fcd\u00fcr\u201d dedi.<\/span><br style=\"box-sizing: border-box; font-family: sans-serif; font-size: 14px; text-align: justify; background-color: rgb(242, 244, 245);\" \/><br \/>\n<span style=\"font-family: sans-serif; font-size: 14px; text-align: justify; background-color: rgb(242, 244, 245);\">Akdeniz Belediyesi&#8217;nden yap\u0131lan a\u00e7\u0131klamaya g\u00f6re, ba\u015fta Elaz\u0131\u011f ve Malatya olmak \u00fczere, depremden zarar g\u00f6ren b\u00f6lgelerde ya\u015fayan vatanda\u015flar yarar\u0131na yard\u0131m kampanyas\u0131 ba\u015flat\u0131ld\u0131. Toplanan g\u0131da, giyim, battaniye, temizlik ve benzeri ihtiya\u00e7 malzemesi dolu t\u0131rlar, Akdeniz\u2019den yola \u00e7\u0131karak, depremden etkilenen insanlara ula\u015ft\u0131r\u0131lacak.<\/span><br style=\"box-sizing: border-box; font-family: sans-serif; font-size: 14px; text-align: justify; background-color: rgb(242, 244, 245);\" \/><br \/>\n<span style=\"font-family: sans-serif; font-size: 14px; text-align: justify; background-color: rgb(242, 244, 245);\">Deprem sonucu hayatlar\u0131n\u0131 kaybedenlere Allah\u2019tan rahmet, yak\u0131nlar\u0131na sab\u0131r ve ba\u015fsa\u011fl\u0131\u011f\u0131 dileyen, yaral\u0131lara da acil \u015fifa temennisinde bulunan Akdeniz Belediye Ba\u015fkan\u0131 Mustafa G\u00fcltak, &#8220;Dualar\u0131m\u0131z ve g\u00f6nl\u00fcm\u00fcz sizinledir. Belediye olarak elimizden gelen her t\u00fcrl\u00fc deste\u011fi yerine getirece\u011fiz. Kampanyaya, Mersinli i\u015fadamlar\u0131m\u0131z ve hay\u0131rsever insanlar\u0131m\u0131z\u0131n kat\u0131l\u0131m ve desteklerini de bekliyoruz. \u00c7\u00fcnk\u00fc g\u00fcn; karde\u015flik, birlik ve dayan\u0131\u015fma g\u00fcn\u00fcd\u00fcr\u201d s\u00f6zleriyle \u00e7a\u011fr\u0131da bulundu.<\/span><br style=\"box-sizing: border-box; font-family: sans-serif; font-size: 14px; text-align: justify; background-color: rgb(242, 244, 245);\" \/><br \/>\n<span style=\"font-family: sans-serif; font-size: 14px; text-align: justify; background-color: rgb(242, 244, 245);\">Belediye olarak, 2 teslim noktas\u0131 olu\u015fturuldu\u011funu kaydeden G\u00fcltak, \u201cDileyen vatanda\u015flar\u0131m\u0131z, ula\u015ft\u0131rmak istedikleri ihtiya\u00e7 malzemelerini belediye merkez binada bulunan Zab\u0131ta M\u00fcd\u00fcrl\u00fc\u011f\u00fcm\u00fcz \u00f6n\u00fcndeki noktaya teslim edebilirler. \u0130steyen vatanda\u015flar\u0131m\u0131z ise Mesudiye Mahallesi 5113 Sokak No: 45 adresindeki K\u00fclt\u00fcr-Sosyal \u0130\u015fler M\u00fcd\u00fcrl\u00fc\u011f\u00fcm\u00fcz binas\u0131na b\u0131rakabilirler. Vatanda\u015flar\u0131m\u0131z ayr\u0131ca, afet b\u00f6lgesine ula\u015ft\u0131r\u0131lmas\u0131n\u0131 istedikleri ihtiya\u00e7 malzemelerini mahalle muhtarlar\u0131na da ula\u015ft\u0131rabilirler\u201d diye konu\u015ftu.<\/span><br style=\"box-sizing: border-box; font-family: sans-serif; font-size: 14px; text-align: justify; background-color: rgb(242, 244, 245);\" \/><br \/>\n<span style=\"font-family: sans-serif; font-size: 14px; text-align: justify; background-color: rgb(242, 244, 245);\">Akdeniz Belediyesi\u2019nin ba\u015flatt\u0131\u011f\u0131 kampanyaya kat\u0131larak, ihtiya\u00e7 malzemelerini deprem b\u00f6lgesine ula\u015ft\u0131rmak isteyenlerin, Zab\u0131ta M\u00fcd\u00fcrl\u00fc\u011f\u00fc\u2019n\u00fcn &#8216;0324-337 0101&#8217; ve K\u00fclt\u00fcr-Sosyal i\u015fler M\u00fcd\u00fcrl\u00fc\u011f\u00fc\u2019n\u00fcn &#8216;0324-3363677 &#8211; 0531 3944349&#8217; numaral\u0131 telefonlar\u0131 \u00fczerinden de yetkililere ula\u015f\u0131p bilgi alabilecekleri bildirildi.<\/span><\/p>\n","protected":false},"excerpt":{"rendered":"<p>Mersin&#8217;in merkez il\u00e7e Akdeniz Belediyesi, depremden etkilenen Elaz\u0131\u011f ve \u00e7evre illerde ya\u015fayan vatanda\u015flar i\u00e7in kampanya ba\u015flatt\u0131. Ba\u015fkan G\u00fcltak, \u201cHaydi Mersinliler g\u00fcn, yaralar\u0131m\u0131z\u0131 birlikte sarman\u0131n, birlik, dayan\u0131\u015fma ve karde\u015fli\u011fin g\u00fcn\u00fcd\u00fcr\u201d dedi. &hellip; <a href=\"https:\/\/mersinekonomipolitikagazetesi.com\/?p=5655\" class=\"more-link\">Devam\u0131n\u0131 Oku&#8230;<\/a><\/p>\n","protected":false},"author":1,"featured_media":0,"comment_status":"open","ping_status":"open","sticky":false,"template":"","format":"standard","meta":[],"categories":[],"tags":[],"_links":{"self":[{"href":"https:\/\/mersinekonomipolitikagazetesi.com\/index.php?rest_route=\/wp\/v2\/posts\/5655"}],"collection":[{"href":"https:\/\/mersinekonomipolitikagazetesi.com\/index.php?rest_route=\/wp\/v2\/posts"}],"about":[{"href":"https:\/\/mersinekonomipolitikagazetesi.com\/index.php?rest_route=\/wp\/v2\/types\/post"}],"author":[{"embeddable":true,"href":"https:\/\/mersinekonomipolitikagazetesi.com\/index.php?rest_route=\/wp\/v2\/users\/1"}],"replies":[{"embeddable":true,"href":"https:\/\/mersinekonomipolitikagazetesi.com\/index.php?rest_route=%2Fwp%2Fv2%2Fcomments&post=5655"}],"version-history":[{"count":0,"href":"https:\/\/mersinekonomipolitikagazetesi.com\/index.php?rest_route=\/wp\/v2\/posts\/5655\/revisions"}],"wp:attachment":[{"href":"https:\/\/mersinekonomipolitikagazetesi.com\/index.php?rest_route=%2Fwp%2Fv2%2Fmedia&parent=5655"}],"wp:term":[{"taxonomy":"category","embeddable":true,"href":"https:\/\/mersinekonomipolitikagazetesi.com\/index.php?rest_route=%2Fwp%2Fv2%2Fcategories&post=5655"},{"taxonomy":"post_tag","embeddable":true,"href":"https:\/\/mersinekonomipolitikagazetesi.com\/index.php?rest_route=%2Fwp%2Fv2%2Ftags&post=5655"}],"curies":[{"name":"wp","href":"https:\/\/api.w.org\/{rel}","templated":true}]}}