{"id":5656,"date":"2020-11-04T18:26:05","date_gmt":"2020-11-04T15:26:05","guid":{"rendered":"http:\/\/mersinekonomipolitikagazetesi.com\/?p=5656"},"modified":"2020-11-04T18:26:05","modified_gmt":"2020-11-04T15:26:05","slug":"erdemlide-futbolcular-actiklari-pankartla-elazig-depreminin-acisini-paylasti","status":"publish","type":"post","link":"https:\/\/mersinekonomipolitikagazetesi.com\/?p=5656","title":{"rendered":"Erdemli&#8217;de futbolcular a\u00e7t\u0131klar\u0131 pankartla Elaz\u0131\u011f depreminin ac\u0131s\u0131n\u0131 payla\u015ft\u0131"},"content":{"rendered":"<p><span style=\"font-family: sans-serif; font-size: 14px; text-align: justify; background-color: rgb(242, 244, 245);\">Mersin&#8217;in Erdemli il\u00e7esinde oynanan s\u00fcper amat\u00f6r lig futbol ma\u00e7\u0131nda a\u00e7\u0131lan pankartla sporcular Elaz\u0131\u011f depreminin ac\u0131s\u0131n\u0131 payla\u015ft\u0131.<\/span><br style=\"box-sizing: border-box; font-family: sans-serif; font-size: 14px; text-align: justify; background-color: rgb(242, 244, 245);\" \/><br \/>\n<span style=\"font-family: sans-serif; font-size: 14px; text-align: justify; background-color: rgb(242, 244, 245);\">Erdemli il\u00e7esinde Erdemlispor ile Erdemli Belediyespor, Erdemli derbisinde kar\u015f\u0131 kar\u015f\u0131ya geldi. \u015eehir stad\u0131ndaki ma\u00e7 \u00f6ncesinde her iki tak\u0131m\u0131n sporcular\u0131 a\u00e7t\u0131klar\u0131 pankart ile Elaz\u0131\u011f&#8217;da ya\u015fanan depremin ac\u0131s\u0131n\u0131 payla\u015ft\u0131. Ma\u00e7 \u00f6ncesinde sporcular ve taraftarlar 1 dakikal\u0131k sayg\u0131 duru\u015funda bulundu. Sporcular ma\u00e7a &#8220;Ge\u00e7mi\u015f olsun Elaz\u0131\u011f ac\u0131n\u0131z, ac\u0131m\u0131zd\u0131r&#8221; yaz\u0131l\u0131 pankartla \u00e7\u0131kt\u0131.<\/span><br style=\"box-sizing: border-box; font-family: sans-serif; font-size: 14px; text-align: justify; background-color: rgb(242, 244, 245);\" \/><br \/>\n<span style=\"font-family: sans-serif; font-size: 14px; text-align: justify; background-color: rgb(242, 244, 245);\">Ma\u00e7 \u00f6ncesinde bir a\u00e7\u0131klama yapan Erdemlispor&#8217;un 35 y\u0131ll\u0131k ba\u015fkan\u0131 Mehmet Morg\u00fcl, &#8220;Bug\u00fcn akl\u0131m\u0131z ma\u00e7ta de\u011fil, Elaz\u0131\u011f ve Malatya&#8217;da&#8221; dedi.<\/span><br style=\"box-sizing: border-box; font-family: sans-serif; font-size: 14px; text-align: justify; background-color: rgb(242, 244, 245);\" \/><br \/>\n<span style=\"font-family: sans-serif; font-size: 14px; text-align: justify; background-color: rgb(242, 244, 245);\">6.8 \u015fiddetindeki depremin ac\u0131s\u0131n\u0131 y\u00fcreklerinde hissettiklerini ifade eden Morg\u00fcl, &#8220;Dualar\u0131m\u0131z Elaz\u0131\u011f ve Malatya&#8217;daki karde\u015flerimiz i\u00e7indir. Vatanda\u015flar\u0131m\u0131z\u0131n ac\u0131s\u0131n\u0131 y\u00fcreklerimizde hissettik. Bug\u00fcnk\u00fc ma\u00e7\u0131n bizim i\u00e7in bir \u00f6nemi yok. \u00d6nemli olan bir can\u0131n daha kurtar\u0131lmas\u0131. B\u00f6lgeden gelecek bir kurtarma haberi. Bu manada hayat\u0131n\u0131 kaybeden karde\u015flerimize Y\u00fcce Allah&#8217;tan bir kez daha rahmet diliyoruz. Kederli ailelerine, Elaz\u0131\u011f ve Malatya halk\u0131na ve t\u00fcm T\u00fcrkiye&#8217;ye ba\u015fsa\u011fl\u0131\u011f\u0131 dileriz. Tedavi g\u00f6ren vatanda\u015flar\u0131m\u0131za da acil \u015fifalar diliyoruz&#8221; \u015feklinde konu\u015ftu.<\/span><br style=\"box-sizing: border-box; font-family: sans-serif; font-size: 14px; text-align: justify; background-color: rgb(242, 244, 245);\" \/><br \/>\n<span style=\"font-family: sans-serif; font-size: 14px; text-align: justify; background-color: rgb(242, 244, 245);\">Ba\u015fkan Morg\u00fcl, bu t\u00fcr afetlerin bir daha ya\u015fanmamas\u0131 temennisinde de bulundu.<\/span><\/p>\n","protected":false},"excerpt":{"rendered":"<p>Mersin&#8217;in Erdemli il\u00e7esinde oynanan s\u00fcper amat\u00f6r lig futbol ma\u00e7\u0131nda a\u00e7\u0131lan pankartla sporcular Elaz\u0131\u011f depreminin ac\u0131s\u0131n\u0131 payla\u015ft\u0131. Erdemli il\u00e7esinde Erdemlispor ile Erdemli Belediyespor, Erdemli derbisinde kar\u015f\u0131 kar\u015f\u0131ya geldi. \u015eehir stad\u0131ndaki ma\u00e7 &hellip; <a href=\"https:\/\/mersinekonomipolitikagazetesi.com\/?p=5656\" class=\"more-link\">Devam\u0131n\u0131 Oku&#8230;<\/a><\/p>\n","protected":false},"author":1,"featured_media":0,"comment_status":"open","ping_status":"open","sticky":false,"template":"","format":"standard","meta":[],"categories":[],"tags":[],"_links":{"self":[{"href":"https:\/\/mersinekonomipolitikagazetesi.com\/index.php?rest_route=\/wp\/v2\/posts\/5656"}],"collection":[{"href":"https:\/\/mersinekonomipolitikagazetesi.com\/index.php?rest_route=\/wp\/v2\/posts"}],"about":[{"href":"https:\/\/mersinekonomipolitikagazetesi.com\/index.php?rest_route=\/wp\/v2\/types\/post"}],"author":[{"embeddable":true,"href":"https:\/\/mersinekonomipolitikagazetesi.com\/index.php?rest_route=\/wp\/v2\/users\/1"}],"replies":[{"embeddable":true,"href":"https:\/\/mersinekonomipolitikagazetesi.com\/index.php?rest_route=%2Fwp%2Fv2%2Fcomments&post=5656"}],"version-history":[{"count":0,"href":"https:\/\/mersinekonomipolitikagazetesi.com\/index.php?rest_route=\/wp\/v2\/posts\/5656\/revisions"}],"wp:attachment":[{"href":"https:\/\/mersinekonomipolitikagazetesi.com\/index.php?rest_route=%2Fwp%2Fv2%2Fmedia&parent=5656"}],"wp:term":[{"taxonomy":"category","embeddable":true,"href":"https:\/\/mersinekonomipolitikagazetesi.com\/index.php?rest_route=%2Fwp%2Fv2%2Fcategories&post=5656"},{"taxonomy":"post_tag","embeddable":true,"href":"https:\/\/mersinekonomipolitikagazetesi.com\/index.php?rest_route=%2Fwp%2Fv2%2Ftags&post=5656"}],"curies":[{"name":"wp","href":"https:\/\/api.w.org\/{rel}","templated":true}]}}