{"id":5657,"date":"2020-11-04T18:26:05","date_gmt":"2020-11-04T15:26:05","guid":{"rendered":"http:\/\/mersinekonomipolitikagazetesi.com\/?p=5657"},"modified":"2020-11-04T18:26:05","modified_gmt":"2020-11-04T15:26:05","slug":"depremden-etkilenen-vatandaslar-cadir-kentlerde-yasiyor","status":"publish","type":"post","link":"https:\/\/mersinekonomipolitikagazetesi.com\/?p=5657","title":{"rendered":"Depremden etkilenen vatanda\u015flar \u2018\u00e7ad\u0131r kentlerde\u2019 ya\u015f\u0131yor"},"content":{"rendered":"<p><span style=\"font-family: sans-serif; font-size: 14px; text-align: justify; background-color: rgb(242, 244, 245);\">Elaz\u0131\u011f\u2019da meydana gelen ve baz\u0131 evlerin \u00e7\u00f6kt\u00fc\u011f\u00fc, bir\u00e7ok evde de hasar meydana gelen 6.8 \u015fiddetindeki deprem sonras\u0131nda AFAD ve K\u0131z\u0131lay taraf\u0131ndan \u00e7ad\u0131r kentler kuruldu.<\/span><br style=\"box-sizing: border-box; font-family: sans-serif; font-size: 14px; text-align: justify; background-color: rgb(242, 244, 245);\" \/><br \/>\n<span style=\"font-family: sans-serif; font-size: 14px; text-align: justify; background-color: rgb(242, 244, 245);\">24 Ocak&#8217;ta meydana gelen 6.8 b\u00fcy\u00fckl\u00fc\u011f\u00fcndeki depremle sars\u0131lan Elaz\u0131\u011f\u2019da AFAD ve K\u0131z\u0131lay taraf\u0131ndan kent merkezinde ba\u015fta K\u00fclt\u00fcr Park olmak \u00fczere 5 bin \u00e7ad\u0131r kuruldu. \u00c7ad\u0131rlarda, \u00e7o\u011fu evleri a\u011f\u0131r hasarl\u0131 olan ve evlerine girmek istemeyen vatanda\u015flar kalmaya ba\u015flad\u0131. Vatanda\u015flar i\u00e7in \u00e7ad\u0131rlar\u0131n kuruldu\u011fu alanlarda T\u00fcrk K\u0131z\u0131lay&#8217;\u0131 \u00e7al\u0131\u015fmalar\u0131n\u0131 s\u00fcrd\u00fcr\u00fcrken, depremzedelere 3 \u00f6\u011f\u00fcn yemek verilmeye ba\u015fland\u0131. Aile, \u00c7al\u0131\u015fma ve Sosyal Hizmetler \u0130l M\u00fcd\u00fcrl\u00fc\u011f\u00fc ekipleri ise b\u00f6lgede psiko-sosyal destek faaliyetlerine ba\u015flad\u0131.<\/span><br style=\"box-sizing: border-box; font-family: sans-serif; font-size: 14px; text-align: justify; background-color: rgb(242, 244, 245);\" \/><br \/>\n<span style=\"font-family: sans-serif; font-size: 14px; text-align: justify; background-color: rgb(242, 244, 245);\">Deprem s\u0131ras\u0131nda i\u015ften \u00e7\u0131kt\u0131\u011f\u0131n\u0131 ifade eden Murat Kunca, \u201c\u0130\u015ften \u00e7\u0131kt\u0131ktan sonra kahvehanede arkada\u015flar\u0131n yan\u0131na u\u011frad\u0131m. Eve do\u011fru giderken sokakta depreme yakaland\u0131m. \u015eiddeti baya\u011f\u0131 b\u00fcy\u00fckt\u00fc oldu\u011fum yerde durup tekmil getirip bekledim. O esnada sesler, ka\u00e7anlar, ba\u011f\u0131ranlar ve siren seslerini duyuyordum. Evde ya\u015fl\u0131 bir annem var onu \u00e7\u0131karmak i\u00e7in direkt eve do\u011fru ko\u015ftum. Annem dizlerinden rahats\u0131z oldu\u011fu i\u00e7in y\u00fcr\u00fcyemiyordu zaten sinir krizi ge\u00e7irdi ben de s\u0131rt\u0131ma al\u0131p a\u015fa\u011f\u0131ya indirdim. Hava so\u011fuk oldu\u011fu i\u00e7in \u00fczerine montumu att\u0131m. Deprem g\u00fcn\u00fc sabah 6\u2019ya kadar d\u0131\u015far\u0131da kald\u0131k. 6\u2019dan sonra eve u\u011fray\u0131p hasar olup olmad\u0131\u011f\u0131na g\u00f6rmek istedik. Evde bir \u015fey yoktu ama \u015fu an tedbir ama\u00e7l\u0131 d\u0131\u015far\u0131da kal\u0131yoruz. Devletimizin bizlere vermi\u015f oldu\u011fu hizmetlerden dolay\u0131 te\u015fekk\u00fcr ediyoruz. Devletimiz var olsun\u201d dedi.<\/span><br style=\"box-sizing: border-box; font-family: sans-serif; font-size: 14px; text-align: justify; background-color: rgb(242, 244, 245);\" \/><br \/>\n<span style=\"font-family: sans-serif; font-size: 14px; text-align: justify; background-color: rgb(242, 244, 245);\">Deprem s\u0131ras\u0131nda evinde oldu\u011funu dile getiren Metin Koyuno\u011flu ise, \u201cDeprem olunca herkes gibi biz de d\u0131\u015far\u0131ya att\u0131k kendimizi. \u0130lk g\u00fcn devletimizin kurdu\u011fu \u00e7ad\u0131rlar vard\u0131 ge\u00e7 geldi\u011fimiz i\u00e7in alamad\u0131k ama 2\u2019nci g\u00fcn bize \u00e7ad\u0131rlar\u0131 verdiler. Allah devletimizden raz\u0131 olsun. \u015eu anda g\u00fcvenli alanday\u0131z sa\u011f olsunlar bizimle ilgileniyorlar. Sabah \u00e7orbam\u0131z\u0131 ve \u00e7ay\u0131m\u0131z\u0131 da veriyorlar Allah raz\u0131 olsun devletimizden\u201d diye konu\u015ftu.<\/span><\/p>\n","protected":false},"excerpt":{"rendered":"<p>Elaz\u0131\u011f\u2019da meydana gelen ve baz\u0131 evlerin \u00e7\u00f6kt\u00fc\u011f\u00fc, bir\u00e7ok evde de hasar meydana gelen 6.8 \u015fiddetindeki deprem sonras\u0131nda AFAD ve K\u0131z\u0131lay taraf\u0131ndan \u00e7ad\u0131r kentler kuruldu. 24 Ocak&#8217;ta meydana gelen 6.8 b\u00fcy\u00fckl\u00fc\u011f\u00fcndeki &hellip; <a href=\"https:\/\/mersinekonomipolitikagazetesi.com\/?p=5657\" class=\"more-link\">Devam\u0131n\u0131 Oku&#8230;<\/a><\/p>\n","protected":false},"author":1,"featured_media":0,"comment_status":"open","ping_status":"open","sticky":false,"template":"","format":"standard","meta":[],"categories":[],"tags":[],"_links":{"self":[{"href":"https:\/\/mersinekonomipolitikagazetesi.com\/index.php?rest_route=\/wp\/v2\/posts\/5657"}],"collection":[{"href":"https:\/\/mersinekonomipolitikagazetesi.com\/index.php?rest_route=\/wp\/v2\/posts"}],"about":[{"href":"https:\/\/mersinekonomipolitikagazetesi.com\/index.php?rest_route=\/wp\/v2\/types\/post"}],"author":[{"embeddable":true,"href":"https:\/\/mersinekonomipolitikagazetesi.com\/index.php?rest_route=\/wp\/v2\/users\/1"}],"replies":[{"embeddable":true,"href":"https:\/\/mersinekonomipolitikagazetesi.com\/index.php?rest_route=%2Fwp%2Fv2%2Fcomments&post=5657"}],"version-history":[{"count":0,"href":"https:\/\/mersinekonomipolitikagazetesi.com\/index.php?rest_route=\/wp\/v2\/posts\/5657\/revisions"}],"wp:attachment":[{"href":"https:\/\/mersinekonomipolitikagazetesi.com\/index.php?rest_route=%2Fwp%2Fv2%2Fmedia&parent=5657"}],"wp:term":[{"taxonomy":"category","embeddable":true,"href":"https:\/\/mersinekonomipolitikagazetesi.com\/index.php?rest_route=%2Fwp%2Fv2%2Fcategories&post=5657"},{"taxonomy":"post_tag","embeddable":true,"href":"https:\/\/mersinekonomipolitikagazetesi.com\/index.php?rest_route=%2Fwp%2Fv2%2Ftags&post=5657"}],"curies":[{"name":"wp","href":"https:\/\/api.w.org\/{rel}","templated":true}]}}