{"id":5658,"date":"2020-11-04T18:26:05","date_gmt":"2020-11-04T15:26:05","guid":{"rendered":"http:\/\/mersinekonomipolitikagazetesi.com\/?p=5658"},"modified":"2020-11-04T18:26:05","modified_gmt":"2020-11-04T15:26:05","slug":"secer-metronun-odemesi-6-yil-sonra-baslayacak","status":"publish","type":"post","link":"https:\/\/mersinekonomipolitikagazetesi.com\/?p=5658","title":{"rendered":"SE\u00c7ER: \u201cMETRO\u2019NUN \u00d6DEMES\u0130 6 YIL SONRA BA\u015eLAYACAK\u201d"},"content":{"rendered":"<p>\u00a0<\/p>\n<p>Mersin B\u00fcy\u00fck\u015fehirBelediye Ba\u015fkan\u0131 Vahap Se\u00e7er ile Akdeniz Belediye Ba\u015fkan\u0131 M. Mustafa G\u00fcltak, Mersin Sanayicileri ve \u0130\u015f \u0130nsanlar\u0131 Derne\u011fi (MES\u0130AD) taraf\u0131ndan d\u00fczenlenen toplant\u0131da, dernek \u00fcyesi i\u015f insanlar\u0131yla bir araya geldi. Se\u00e7er ve G\u00fcltak, i\u015f insanlar\u0131yla bulu\u015fmas\u0131nda, Mersin\u2019e yapacaklar\u0131 yat\u0131r\u0131mlar\u0131 de\u011ferlendirdi.Mersin\u2019de yap\u0131lacak yat\u0131r\u0131mlar\u0131 de\u011ferlendiren ve i\u015f d\u00fcnyas\u0131 ile payla\u015fan Ba\u015fkan Se\u00e7er, \u201cMetro b\u00fcy\u00fckbir proje, iyi bir proje, inan\u0131yorum, arkas\u0131nday\u0131m. Biz bunun \u00f6demesine 6 y\u0131lsonra ba\u015flayaca\u011f\u0131z. Bu konuda deste\u011finizi istiyorum. Sadece yolcu indirdik,\u00a0 bindirdik meselesi de\u011fil. Kente kataca\u011f\u0131 \u00f6nemli bir de\u011fer var, bunu g\u00f6rmek laz\u0131m\u201d dedi.<\/p>\n<p>\n\u201cMetro projesine sahip \u00e7\u0131k\u0131n\u201d<\/p>\n<p>\nMersin B\u00fcy\u00fck\u015fehirBelediye Ba\u015fkan\u0131 Vahap Se\u00e7er, i\u015f insanlar\u0131yla bulu\u015fmas\u0131nda rayl\u0131 sistem projesiyle ilgili de\u011ferlendirmelerde de bulurken, \u201cMetro b\u00fcy\u00fck bir proje, iyi bir proje, inan\u0131yorum, arkas\u0131nday\u0131m. \u00d6nce benim inanmam laz\u0131m. Birileri b\u00f6yle dedi diye yapm\u0131yorum Se\u00e7im \u00f6ncesi birileri metro dedi biz de s\u00f6z verdi konun i\u00e7in yapm\u0131yorum. Yanl\u0131\u015f olsa yanl\u0131\u015ftan d\u00f6nerdim, bunu topluma izah ederdim. Biz bunun \u00f6demesine 6 y\u0131l sonra ba\u015flayaca\u011f\u0131z. Kazmay\u0131 vurduk, 6 y\u0131l sonra saat \u00e7al\u0131\u015fmaya ba\u015flayacak, \u00f6demeler ba\u015flayacak. 3.5 y\u0131l in\u015faat,\u00a0 6ay opsiyon, 4 y\u0131l in\u015faat s\u00fcresi, 2 y\u0131l \u00f6demesiz, ondan sonra ba\u015fl\u0131yoruz 11 y\u0131l.Toplam 17 y\u0131l.\u00a0 Bug\u00fcn ba\u015flad\u0131k 17 y\u0131l i\u00e7inde \u00f6deyece\u011fim ama 6 y\u0131l sonra ba\u015flayaca\u011f\u0131m.\u00a0 Bu konuda deste\u011finizi istiyorum. Sadece yolcu indirdik, bindirdik meselesi de\u011fil. Kente kataca\u011f\u0131 \u00f6nemli bir de\u011fer var, bunu g\u00f6rmek laz\u0131m.Toplumlar\u0131 kayna\u015ft\u0131racak. \u00d6yle bir proje hayata ge\u00e7irece\u011fiz ki alt gelirli, \u00fcst gelirli, orta gelirli, herkes o metroya binecek. Akdeniz\u2019e de gidecek \u00e7\u00fcnk\u00fc.Mersin \u015eehir Hastanesi\u2019ne de gidecek, otogara da gidecek, Mezitli\u2019ye de gidecek. Forum\u2019a giden de ona binecek, Marina\u2019ya giden de ona binecek, \u00fcniversiteye giden de ona binecek. Toplumu, b\u00fct\u00fcn o katmanlar\u0131n\u0131 bulu\u015fturan bir proje. Kenti k\u00fc\u00e7\u00fclt\u00fcyor. Kent k\u00fc\u00e7\u00fcl\u00fcyor. \u00c7\u00fcnk\u00fc \u015fu anda 40 dakikada ula\u015famayaca\u011f\u0131 yere 10 dakikada, 15 dakikada ula\u015f\u0131yor. \u0130\u015fte al\u0131\u015fveri\u015f canland\u0131.Bir yere k\u00fcmelenmiyor insanlar. Bu kadar ta\u015f\u0131t soka\u011fa \u00e7\u0131km\u0131yor, bu kadar emisyon olmuyor, bu kadar akaryak\u0131t t\u00fcketilmiyor, bu kadar g\u00fcr\u00fclt\u00fc olmuyor.Onun i\u00e7in sahip \u00e7\u0131k\u0131n, \u00f6nemli proje. Bug\u00fcn pahal\u0131 dedi\u011finiz yar\u0131n ucuz olacak.\u201ddiyerek destek beklediklerini belirtti.<\/p>\n<p>\n\u201cKente kataca\u011f\u0131 \u00f6nemli bir de\u011fer var\u201d<\/p>\n<p>\nMetro projesi hakk\u0131nda bilgi vererek ayd\u0131nlatmay\u0131 s\u00fcrd\u00fcren Se\u00e7er, \u201cMetro b\u00fcy\u00fck bir proje, iyi bir proje, inan\u0131yorum, arkas\u0131nday\u0131m. Birileri b\u00f6yle dedi diye yapm\u0131yorum. Biz bunun \u00f6demesine 6 y\u0131l sonra ba\u015flayaca\u011f\u0131z. Kazmay\u0131 vurduk, 6 y\u0131l sonra saat \u00e7al\u0131\u015fmaya ba\u015flayacak, \u00f6demeler ba\u015flayacak. Bu konuda deste\u011finizi istiyorum.Sadece yolcu indirdik, bindirdik meselesi de\u011fil. Kente kataca\u011f\u0131 \u00f6nemli bir de\u011fer var, bunu g\u00f6rmek laz\u0131m\u201d diye konu\u015ftu.<\/p>\n<p>\n\u201cTurizm b\u00f6lgelerine2.5 milyar liral\u0131k altyap\u0131 yat\u0131r\u0131m\u0131 yapaca\u011f\u0131z\u201d<\/p>\n<p>\nTurizm b\u00f6lgelerinde alt yap\u0131ya \u00f6nem verdiklerini ve kalan 4 y\u0131lda\u00a0 projeksiyonlar\u0131nda Mersin\u2019in bat\u0131 b\u00f6lgelerinde, turizmin yo\u011fun ya\u015fand\u0131\u011f\u0131 yerlerde altyap\u0131, temiz i\u00e7me suyu, kanalizasyon, at\u0131ksu ar\u0131tma tesisleri gibi \u00f6nemli yat\u0131r\u0131mlar\u00a0 olaca\u011f\u0131n\u0131 belirten Se\u00e7er, \u201cBu b\u00f6lgeye harcayaca\u011f\u0131m\u0131z yakla\u015f\u0131k 2.5 milyar lira gibi biryat\u0131r\u0131m bedeli var. Hibe kaynaklardan faydalanabiliriz. Bunun farkl\u0131 yollar\u0131 var, bunlar\u0131 bulmak ve proje ile gitmek laz\u0131m. Mezitli i\u00e7me suyu \u015febekesi i\u00e7inFrans\u0131z Kalk\u0131na Ajans\u0131\u2019ndan 17 milyon avroluk hibe alaca\u011f\u0131z. Hibeler, farkl\u0131 referanslarla oluyor. Bu referanslar\u0131n bir\u00e7o\u011funa Mersin haiz. Ba\u015fta Suriyeli misafirler. Uluslararas\u0131 kurulu\u015flardan, ajanslardan, bankalardan, \u00fclkelerdenSuriyeli s\u0131\u011f\u0131nmac\u0131lar referans\u0131yla \u00f6nemli hibeler al\u0131nabilir, bunlar alt yap\u0131da kullan\u0131labilir. Bunlar i\u00e7in \u00f6nemli \u00e7al\u0131\u015fmalar yap\u0131yoruz. Tabi bunlar\u0131n yan\u0131s\u0131ra sosyal projeler i\u00e7in de kullan\u0131labilir\u201d ifadelerini kulland\u0131.<\/p>\n<p>\nBat\u0131 kesime 2,5milyar liral\u0131k altyap\u0131 yat\u0131r\u0131m\u0131 yap\u0131lacak<\/p>\n<p>\nBa\u015fkan Se\u00e7er, Mersin\u2019de turizm faaliyetlerinin yo\u011fun oldu\u011fu bat\u0131 kesime 2,5 milyar liral\u0131k altyap\u0131 yat\u0131r\u0131m\u0131 yapacaklar\u0131n\u0131 da vurgulayarak\u00a0 kat\u0131l\u0131mc\u0131lar\u0131n sorular\u0131n\u0131 yan\u0131tlad\u0131.Konu\u015fmas\u0131na kendisinin de bir i\u015f insan\u0131 oldu\u011funu hat\u0131rlatarak ba\u015flayan Ba\u015fkan VahapSe\u00e7er,\u00a0 \u201c\u015eimdi \u00fcretiyoruz. Kendimize de\u011fil, kentimize, \u00fclkemize, insanl\u0131\u011fa \u00fcretmeye \u00e7al\u0131\u015f\u0131yoruz. Bu ayr\u0131 bir haz. Bunun parasal bir kar\u015f\u0131l\u0131\u011f\u0131 yok. Bu ba\u015fka bir \u015fey. Bunu ya\u015famak laz\u0131m. Son derecede keyifli ve mutlu bir belediye ba\u015fkan\u0131y\u0131m. Son derece zor bir g\u00f6rev olarak de\u011ferlendirilebilir. Ama vicdan\u0131m rahat, ak\u015fam da rahat uyudu\u011fum i\u00e7in kendimi \u00e7ok mutlu bir insan olarak addediyorum. Zaten bu mutluluk olmasa kente bir \u015feyler katma enerjimi yitiririm\u201d diye konu\u015ftu.<\/p>\n<p>\n\u201cB\u00fcrokrasi h\u0131zlans\u0131n diye i\u015fleri elden takip ediyoruz\u201d<\/p>\n<p>\nMersin i\u015f d\u00fcnyas\u0131n\u0131n uzun s\u00fcredir bekledi\u011fi 1\/5000\u2019lik naz\u0131m planlar\u0131 konusunda b\u00fcrokrasiyi h\u0131zland\u0131rmaya \u00e7al\u0131\u015ft\u0131klar\u0131n\u0131 belirten Se\u00e7er, \u201c\u0130ktidara mensup \u00e7ok de\u011ferli mesai arkada\u015flar\u0131m\u0131z, belediye ba\u015fkanlar\u0131m\u0131z, milletvekillerimiz, Say\u0131n Bakan,\u00f6nceki d\u00f6nem bakan\u0131, benim de Plan B\u00fct\u00e7e Komisyonu\u2019ndan mesai arkada\u015f\u0131m Say\u0131nElvan\u2019\u0131n da katk\u0131lar\u0131yla b\u00fcrokrasideki t\u0131kanmalar\u0131 a\u015fmaya \u00e7al\u0131\u015f\u0131yoruz.B\u00fcrokrasi bir an evvel bitsin i\u015fleri elden takip ediyoruz \u201d ifadelerini kulland\u0131.<\/p>\n<p>\n\u201c\u00c7ukurova Havaliman\u0131 gereksiz uzayan bir yat\u0131r\u0131m\u201d<\/p>\n<p>\n\u00c7ukurova Havaliman\u0131 konusunun merkezi y\u00f6netimin konusu oldu\u011funu, kendisinin de Belediye Ba\u015fkan\u0131 olarak takip etti\u011fini belirterek, \u201cBurada bir ele\u015ftiri yapmak durumunday\u0131m. \u00c7ok gereksiz uzayan bir yat\u0131r\u0131m. Ger\u00e7ekten bir muamma. \u0130stanbulHavaliman\u0131\u2019n\u0131 yapt\u0131 bu iktidar. Bunu bir an evvel yapmas\u0131 laz\u0131m. Onun yan\u0131nda bonus bile de\u011fil. O kadar k\u00fc\u00e7\u00fck bir proje. Ama bizim i\u00e7in \u00f6nemli sonu\u00e7lar do\u011furacak, her sekt\u00f6re \u00f6nemli katk\u0131lar yapacak bir proje\u201d dedi.<\/p>\n<p>\nG\u00fcltak, \u201cBu i\u015f olmaz diyenleri bo\u015fa \u00e7\u0131kard\u0131k\u201d<\/p>\n<p>\nAkdeniz Belediye Ba\u015fkan\u0131 M. Mustafa G\u00fcltak ise projelere dikkat \u00e7ekerek \u0130mar Plan\u0131 ile ilgili , \u201cMersin\u2019in 1\/5000\u2019lik imar\u0131n\u0131n ilk a\u015famas\u0131 \u00e7\u00f6z\u00fcld\u00fc. Mersin B\u00fcy\u00fck\u015fehir Belediyesi\u2019nin 2. etap 1\/5000\u2019lik imar\u0131yla ilgili onay yaz\u0131s\u0131, kamu yarar\u0131 do\u011frultusunda \u00c7evre ve \u015eehircilik Bakan\u0131m\u0131z Murat Kurum taraf\u0131ndan onayland\u0131. Bundan sonraki a\u015fama, Tar\u0131m ve Orman Bakanl\u0131\u011f\u0131\u2019n\u0131n yine kamu yarar\u0131 do\u011frultusunda h\u0131zla 1\/5000\u2019lik naz\u0131m imar plan\u0131n\u0131 onaylamas\u0131 olacak.Buradaki yaz\u0131\u015fma trafi\u011fi de \u015fu \u015fekilde ger\u00e7ekle\u015fecek, \u00c7evre ve \u015eehircilik Bakanl\u0131\u011f\u0131\u2019n\u0131n 1\/5000\u2019lik onay yaz\u0131s\u0131 Mersin B\u00fcy\u00fck\u015fehir Belediyesi\u2019ne ula\u015ft\u0131ktan sonra B\u00fcy\u00fck\u015fehir Belediyesi de ayn\u0131 onay talebini \u0130l Tar\u0131m ve Orman M\u00fcd\u00fcrl\u00fc\u011f\u00fc\u2019ne iletecek. Tar\u0131m ve Orman il M\u00fcd\u00fcrl\u00fc\u011f\u00fc\u2019nden de Valilik kanal\u0131yla Tar\u0131m ve Orman Bakanl\u0131\u011f\u0131\u2019na yaz\u0131ld\u0131ktan sonra plan\u0131n onay\u0131yla ilgili takibimiz devam edecek. Bu karar\u0131n da h\u0131zl\u0131 bir \u015fekilde onaylanmas\u0131n\u0131 sa\u011flayarak; bug\u00fcne kadar \u2018bu i\u015fler olmaz, bitmez\u2019 \u015feklindeki ifadeleri bo\u015fa \u00e7\u0131kartarak, Mersin\u2019e verdi\u011fimiz s\u00f6zleri tek tek tutmaya devam ediyoruz\u201d dedi.\u00a0<\/p>\n<p>\n\u201cSpek\u00fclasyonlara son verdik\u201d<\/p>\n<p>\nAkdeniz Belediye Ba\u015fkan\u0131 G\u00fcltak y\u0131k\u0131lan Tevfik S\u0131rr\u0131 G\u00fcr Stadyumuna vurgu yaparak,\u00a0 \u201cBuras\u0131, belki de insanlar\u0131n en \u00e7ok spek\u00fcle etti\u011fi, dedikodular uydurulan bir aland\u0131. Birilerine g\u00f6re; \u2018buralar\u0131 AVM olacakt\u0131, birilerine rant sa\u011flanacakt\u0131, iktidar \u015f\u00f6yle yapacakt\u0131\u2019 gibi laflar dola\u015ft\u0131. Fakat biz bunun b\u00f6yle olmayaca\u011f\u0131n\u0131n s\u00f6z\u00fcn\u00fc se\u00e7im \u00f6ncesinde de vermi\u015ftik. Geldi\u011fimiz noktada firma \u00e7al\u0131\u015fmalar\u0131na ba\u015flad\u0131, y\u0131k\u0131lan Tevfik S\u0131rr\u0131 G\u00fcr Stad\u0131\u2019n\u0131n oldu\u011fu yer tamamen Millet Bah\u00e7esinin i\u00e7inde yer al\u0131yor\u201d diye konu\u015ftu.\u00a0<\/p>\n<p>\n\u201c\u0130nsanlar streslerini millet bah\u00e7esinde atacak\u201d<\/p>\n<p>\nMillet Bah\u00e7esini gezen insanlar\u0131n, yap\u0131lacak k\u00f6pr\u00fcn\u00fcn \u00fczerinden bisikletleri veya yaya olarak k\u0131\u015flan\u0131n oldu\u011fu ormanl\u0131k alan\u0131da gezebileceklerini belirten G\u00fcltak, \u201cBurada y\u00fcr\u00fcy\u00fc\u015f ve bisiklet yollar\u0131 da olacak. Bir\u00e7ok sosyal, k\u00fclt\u00fcrel donat\u0131 ve yap\u0131n\u0131n yer alaca\u011f\u0131 Millet Bah\u00e7esi i\u00e7inde kalacak olan aqua park\u0131n \u00f6n\u00fc de tamamen halka a\u00e7\u0131k bir plaj olacak.\u0130nsanlar\u0131m\u0131z buradan rahatl\u0131kla denize girebilecekler, sohbetlerini edip \u00e7aylar\u0131n\u0131 ve kahvelerini i\u00e7ebilecekler. G\u00fcn i\u00e7indeki o yo\u011fun hayat\u0131n stresini, in\u015fallah bu millet bah\u00e7esinde atacaklar\u201d ifadelerini kulland\u0131.<\/p>\n<p>\nMillet Bah\u00e7esinde hem g\u00fcney-kuzey hem de do\u011fu-bat\u0131 akslar\u0131 olaca\u011f\u0131n\u0131 kaydeden G\u00fcltak, \u201cK\u0131\u015fla arazisi de \u00e7ok spek\u00fcle edildi. \u2018Alamazs\u0131n, yapamazs\u0131n, m\u00fcmk\u00fcn de\u011fil, oradaki a\u011fa\u00e7lar kesilecek, arazi bir otel sahibine verilecek, rant elde edilecek\u2019 dediler. Fakat biz OYAK\u2019tan 41milyon TL de\u011ferinde bir arazi takas\u0131yla k\u0131\u015flay\u0131 da Millet Bah\u00e7esinin i\u00e7ine katm\u0131\u015f olaca\u011f\u0131z\u201d \u015feklinde konu\u015ftu.<br \/>\nMersin Sanayicileri ve \u0130\u015f \u0130nsanlar\u0131 Derne\u011fi taraf\u0131ndan d\u00fczenlenen toplant\u0131da, dernek \u00fcyesi i\u015f insanlar\u0131n\u0131n sorular\u0131n\u0131 Se\u00e7er ve G\u00fcltak cevaplad\u0131.<\/p>\n","protected":false},"excerpt":{"rendered":"<p>\u00a0 Mersin B\u00fcy\u00fck\u015fehirBelediye Ba\u015fkan\u0131 Vahap Se\u00e7er ile Akdeniz Belediye Ba\u015fkan\u0131 M. Mustafa G\u00fcltak, Mersin Sanayicileri ve \u0130\u015f \u0130nsanlar\u0131 Derne\u011fi (MES\u0130AD) taraf\u0131ndan d\u00fczenlenen toplant\u0131da, dernek \u00fcyesi i\u015f insanlar\u0131yla bir araya geldi. &hellip; <a href=\"https:\/\/mersinekonomipolitikagazetesi.com\/?p=5658\" class=\"more-link\">Devam\u0131n\u0131 Oku&#8230;<\/a><\/p>\n","protected":false},"author":1,"featured_media":0,"comment_status":"open","ping_status":"open","sticky":false,"template":"","format":"standard","meta":[],"categories":[],"tags":[],"_links":{"self":[{"href":"https:\/\/mersinekonomipolitikagazetesi.com\/index.php?rest_route=\/wp\/v2\/posts\/5658"}],"collection":[{"href":"https:\/\/mersinekonomipolitikagazetesi.com\/index.php?rest_route=\/wp\/v2\/posts"}],"about":[{"href":"https:\/\/mersinekonomipolitikagazetesi.com\/index.php?rest_route=\/wp\/v2\/types\/post"}],"author":[{"embeddable":true,"href":"https:\/\/mersinekonomipolitikagazetesi.com\/index.php?rest_route=\/wp\/v2\/users\/1"}],"replies":[{"embeddable":true,"href":"https:\/\/mersinekonomipolitikagazetesi.com\/index.php?rest_route=%2Fwp%2Fv2%2Fcomments&post=5658"}],"version-history":[{"count":0,"href":"https:\/\/mersinekonomipolitikagazetesi.com\/index.php?rest_route=\/wp\/v2\/posts\/5658\/revisions"}],"wp:attachment":[{"href":"https:\/\/mersinekonomipolitikagazetesi.com\/index.php?rest_route=%2Fwp%2Fv2%2Fmedia&parent=5658"}],"wp:term":[{"taxonomy":"category","embeddable":true,"href":"https:\/\/mersinekonomipolitikagazetesi.com\/index.php?rest_route=%2Fwp%2Fv2%2Fcategories&post=5658"},{"taxonomy":"post_tag","embeddable":true,"href":"https:\/\/mersinekonomipolitikagazetesi.com\/index.php?rest_route=%2Fwp%2Fv2%2Ftags&post=5658"}],"curies":[{"name":"wp","href":"https:\/\/api.w.org\/{rel}","templated":true}]}}