{"id":5659,"date":"2020-11-04T18:26:05","date_gmt":"2020-11-04T15:26:05","guid":{"rendered":"http:\/\/mersinekonomipolitikagazetesi.com\/?p=5659"},"modified":"2020-11-04T18:26:05","modified_gmt":"2020-11-04T15:26:05","slug":"polipropilen-tesisi-ve-balik-ciftlikleri-yatirimcinin-gelmesine-engel","status":"publish","type":"post","link":"https:\/\/mersinekonomipolitikagazetesi.com\/?p=5659","title":{"rendered":"POL\u0130PROP\u0130LEN TES\u0130S\u0130 VE BALIK \u00c7\u0130FTL\u0130KLER\u0130 YATIRIMCININ GELMES\u0130NE ENGEL..!"},"content":{"rendered":"<p>Engin, \u201cPolipropilen tesisinin, bal\u0131k \u00e7iftliklerinin yap\u0131lmas\u0131 bir \u00e7ok projeye de, d\u0131\u015fardan yat\u0131r\u0131mc\u0131n\u0131n gelmesine de engel oluyor.\u201d dedi.<\/p>\n<p>Mersin Sanayicileri ve \u0130\u015f \u0130nsanlar\u0131 Derne\u011fi (MES\u0130AD) taraf\u0131ndan toplant\u0131 d\u00fczenlendi. Mersin B\u00fcy\u00fck\u015fehir Belediye Ba\u015fkan\u0131 Vahap Se\u00e7er ile M. Mustafa G\u00fcltak ve dernek \u00fcyelerinin \u00a0de kat\u0131l\u0131m sa\u011fland\u0131\u011f\u0131 toplant\u0131da Mersin\u2019e y\u00f6nelik yat\u0131r\u0131m ve projeler masaya yat\u0131r\u0131ld\u0131.<\/p>\n<p>MES\u0130AD Y\u00f6netim Kurulu Ba\u015fkan\u0131 Hasan Engin yapt\u0131\u011f\u0131 konu\u015fmada bir\u00e7ok projeye destek olmak i\u00e7in \u00e7aba sarf ettiklerini belirtti.<br \/>\nMersin\u2019e yap\u0131lacak yat\u0131r\u0131mlar\u0131n dikkatlice incelenmesi gerekti\u011fini vurgulayan Engin, \u201cPolipropilen tesisinin, bal\u0131k \u00e7iftliklerinin yap\u0131lmas\u0131 bir \u00e7ok projeye de, d\u0131\u015fardan yat\u0131r\u0131mc\u0131n\u0131n gelmesine de engel. Tarsus k\u0131y\u0131 kesimi turizm \u00a0projesinde de ayn\u0131 durum s\u00f6z konusu. Hava alan\u0131 yap\u0131lmad\u0131k\u00e7a buralara \u00e7ok fazla yat\u0131r\u0131mc\u0131n\u0131n gelece\u011fini zannetmiyorum. Hava alan\u0131n\u0131n \u00a0biran \u00f6nce bitirilmesi gerekmektedir. Kentteki b\u00fct\u00fcn Sivil Toplum Kurulu\u015flar\u0131n yerel y\u00f6netim ve y\u00f6neticilerle beraber bir kent lobisi olu\u015fturarak \u00f6nc\u00fcl\u00fck edip \u00f6ne s\u00fcrmesi gerekir. Projeleri Ankara\u2019ya, TBMM\u2019ye, Cumhurba\u015fkan\u0131\u2019na g\u00f6t\u00fcrmesi gerekir.\u201d diyerek \u00e7a\u011fr\u0131da bulundu.<\/p>\n<p>\u201c\u00c7ukurova Havaalan\u0131 talihsiz bir proje\u201d<\/p>\n<p>Yap\u0131lmas\u0131 planlanan ve Mersin\u2019de esnaf ve vatanda\u015f\u0131n bekledi\u011fi \u00c7ukurova Havaliman\u0131 hakk\u0131nda da konu\u015fan Engin, \u201cHavaalan\u0131 projesinde bir talihsizlik oldu. \u0130haleyi alan firma 2013\u2019te iflas etti ve bunun ihale ve s\u00f6zle\u015fme s\u00fcreci tekrar yap\u0131m a\u015famas\u0131na ge\u00e7mesi 3 y\u0131l\u0131 buldu. Oradaki b\u00f6lgenin tamamen iyile\u015ftirilmesi gerekiyor. Zemin olarak \u00e7ok \u00e7\u00fcr\u00fck bir zemin. 4 metre pistlerin alt\u0131 kaz\u0131larak kaya dolgulardan yap\u0131ld\u0131. Proje maket olarak sunulmuyor ve hemen yap ve devret \u015feklinde bir s\u00fcre\u00e7 ne yaz\u0131k ki yok. Alt yap\u0131m\u0131 devam ederken \u00fcst yap\u0131 ihalesini alan firmalar yap\u0131m\u0131ndan ne olduysa vazge\u00e7ti. L\u00fctfi Elvan Bakan\u0131m\u0131z \u00c7ukurova Havaalan\u0131 i\u00e7in \u00a0\u00e7ok b\u00fcy\u00fck \u00e7aba sarf etti. Proje i\u00e7in \u00e7al\u0131\u015fmalar\u0131 yak\u0131ndan takip ediyoruz.\u201d diye konu\u015ftu.<\/p>\n<p>\u201cMetro \u00a0Projesi Mersin\u2019e uygun de\u011fil\u201d<\/p>\n<p>Metro Projesini \u00a0Mersin B\u00fcy\u00fck\u015fehir Belediye Ba\u015fkan\u0131 Vahap Se\u00e7er a\u00e7\u0131klamas\u0131n\u0131n ard\u0131ndan MES\u0130AD \u00f6nc\u00fcl\u00fc\u011f\u00fcnde i\u015f adamlar\u0131yla bulu\u015fan Engin, \u201cMetro projesi Mersin\u2019e uygun de\u011fil diye a\u00e7\u0131klamalar\u0131m\u0131z var .Bunlar hakk\u0131nda verilen kitap\u00e7\u0131klar\u0131m\u0131z var. Yerel y\u00f6netimlere sundu\u011fumuz raporlar\u0131m\u0131z var. \u00d6zellikle liman \u00a0ili\u015fi\u011fiyle alakal\u0131 ve ikinci \u00e7evre yolu OSB\u2019ye iletilmesi konusunda yani ula\u015f\u0131m konusunda Metro de\u011fil de hafif rayl\u0131 sistem yada metrob\u00fcs sisteminin \u00a0Mersin\u2019e uygun oldu\u011funu vurgulad\u0131k.\u201d diyerek ele\u015ftirdi.<br \/>\n\u00a0<br \/>\n\u201cKredi ve hazine garantisi olmayan bir proje\u201d<br \/>\n\u00a0<br \/>\nMetro g\u00fczel b\u00fct\u00fcn kentlerde olmas\u0131 gereken \u00e7a\u011fda\u015f ve teknolojik bir proje oldu\u011funu belirten Engin, \u201c\u015eu anda Metro \u00a0Mersin\u2019e uygun de\u011fil diyoruz. \u00c7etinkaya\u2019dan Kipa kav\u015fa\u011f\u0131na kadar bir kanal a\u00e7\u0131lacak ve kalan 5 kilometrelik alanda yerin a\u00e7\u0131lmas\u0131yla olu\u015fturulacak. Yap\u0131labilir fakat kredisi olmayan hazine garantisi olmayan bir proje. Bizlere 6 y\u0131l sonra \u00f6deme yap\u0131lacak diyorlar bizler de in\u015fallah yap\u0131l\u0131r diyoruz. Fakat \u00f6n yeterlilik alan firma \u00e7\u0131kar m\u0131 bilmiyoruz.\u201d diye konu\u015ftu.<\/p>\n","protected":false},"excerpt":{"rendered":"<p>Engin, \u201cPolipropilen tesisinin, bal\u0131k \u00e7iftliklerinin yap\u0131lmas\u0131 bir \u00e7ok projeye de, d\u0131\u015fardan yat\u0131r\u0131mc\u0131n\u0131n gelmesine de engel oluyor.\u201d dedi. Mersin Sanayicileri ve \u0130\u015f \u0130nsanlar\u0131 Derne\u011fi (MES\u0130AD) taraf\u0131ndan toplant\u0131 d\u00fczenlendi. Mersin B\u00fcy\u00fck\u015fehir Belediye &hellip; <a href=\"https:\/\/mersinekonomipolitikagazetesi.com\/?p=5659\" class=\"more-link\">Devam\u0131n\u0131 Oku&#8230;<\/a><\/p>\n","protected":false},"author":1,"featured_media":0,"comment_status":"open","ping_status":"open","sticky":false,"template":"","format":"standard","meta":[],"categories":[],"tags":[],"_links":{"self":[{"href":"https:\/\/mersinekonomipolitikagazetesi.com\/index.php?rest_route=\/wp\/v2\/posts\/5659"}],"collection":[{"href":"https:\/\/mersinekonomipolitikagazetesi.com\/index.php?rest_route=\/wp\/v2\/posts"}],"about":[{"href":"https:\/\/mersinekonomipolitikagazetesi.com\/index.php?rest_route=\/wp\/v2\/types\/post"}],"author":[{"embeddable":true,"href":"https:\/\/mersinekonomipolitikagazetesi.com\/index.php?rest_route=\/wp\/v2\/users\/1"}],"replies":[{"embeddable":true,"href":"https:\/\/mersinekonomipolitikagazetesi.com\/index.php?rest_route=%2Fwp%2Fv2%2Fcomments&post=5659"}],"version-history":[{"count":0,"href":"https:\/\/mersinekonomipolitikagazetesi.com\/index.php?rest_route=\/wp\/v2\/posts\/5659\/revisions"}],"wp:attachment":[{"href":"https:\/\/mersinekonomipolitikagazetesi.com\/index.php?rest_route=%2Fwp%2Fv2%2Fmedia&parent=5659"}],"wp:term":[{"taxonomy":"category","embeddable":true,"href":"https:\/\/mersinekonomipolitikagazetesi.com\/index.php?rest_route=%2Fwp%2Fv2%2Fcategories&post=5659"},{"taxonomy":"post_tag","embeddable":true,"href":"https:\/\/mersinekonomipolitikagazetesi.com\/index.php?rest_route=%2Fwp%2Fv2%2Ftags&post=5659"}],"curies":[{"name":"wp","href":"https:\/\/api.w.org\/{rel}","templated":true}]}}