{"id":5660,"date":"2020-11-04T18:26:05","date_gmt":"2020-11-04T15:26:05","guid":{"rendered":"http:\/\/mersinekonomipolitikagazetesi.com\/?p=5660"},"modified":"2020-11-04T18:26:05","modified_gmt":"2020-11-04T15:26:05","slug":"mersin-barosu-depremzedeler-icin-yardim-kampanyasi-baslatti","status":"publish","type":"post","link":"https:\/\/mersinekonomipolitikagazetesi.com\/?p=5660","title":{"rendered":"Mersin Barosu, depremzedeler i\u00e7in yard\u0131m kampanyas\u0131 ba\u015flatt\u0131"},"content":{"rendered":"<p>Mersin Barosu, Elaz\u0131\u011f\u2019da meydana gelen 6,8 b\u00fcy\u00fckl\u00fc\u011f\u00fcndeki depremin ard\u0131ndan depremzedeler i\u00e7in yard\u0131m kampanyas\u0131 ba\u015flatt\u0131. Mersin Barosu Ba\u015fkan\u0131 Bilgin Ye\u015filbo\u011faz, kampanyaya destek \u00e7a\u011fr\u0131s\u0131 yapt\u0131.\u00a0<br \/>\n\u00a0 Mersin Barosu Ba\u015fkan\u0131 Ye\u015filbo\u011faz, yapt\u0131\u011f\u0131 a\u00e7\u0131klamada, yard\u0131m kampanyas\u0131yla ilgili bilgi verdi. T\u00fcm meslekta\u015flar\u0131n\u0131, adliye \u00e7al\u0131\u015fanlar\u0131n\u0131 ve Mersin halk\u0131n\u0131 kampanyaya destek vermeye \u00e7a\u011f\u0131ran Ye\u015filbo\u011faz, \u201cElaz\u0131\u011f ve Malatya\u2019daki depremzedelere ula\u015ft\u0131rmak i\u00e7in k\u0131\u015fl\u0131k giysi, mont, bot, \u00e7orap, eldiven, atk\u0131, bere, uyku tulumu, \u00e7ocuk bezi ile battaniye gibi temel ihtiya\u00e7 malzemeleri haz\u0131rl\u0131yoruz. Vatanda\u015flar\u0131m\u0131z\u0131n ve \u00e7ocuklar\u0131m\u0131z\u0131n daha fazla ma\u011fduriyet ya\u015famamalar\u0131, yaralar\u0131n bir an evvel sar\u0131lmas\u0131 i\u00e7in meslekta\u015flar\u0131m\u0131z\u0131n ve t\u00fcm Mersin halk\u0131n\u0131n kampanyam\u0131za deste\u011fini bekliyoruz. Katk\u0131 sunmak isteyenlerin belirtilen ihtiya\u00e7lar\u0131 e\u015fya olarak getirebilecekleri gibi Mersin Adliyesi 4. kat Baro Odam\u0131zda bulunan ba\u011f\u0131\u015f kutusuna da katk\u0131 sunabilirler. Durumun aciliyeti nedeniyle yard\u0131m kampanyam\u0131z 28 Ocak 2020 sal\u0131 g\u00fcn\u00fc saat 17.00\u2019de sona erecektir. Kampanyam\u0131za ilgi g\u00f6steren herkese te\u015fekk\u00fcr ediyorum. Depremde hayat\u0131n\u0131 kaybeden vatanda\u015flar\u0131m\u0131za Allah&#8217;tan rahmet, yaral\u0131lara acil \u015fifalar diliyor, depremden etkilenen vatanda\u015flar\u0131m\u0131za da ge\u00e7mi\u015f olsun dileklerimi iletiyorum\u201d dedi.\u00a0<\/p>\n","protected":false},"excerpt":{"rendered":"<p>Mersin Barosu, Elaz\u0131\u011f\u2019da meydana gelen 6,8 b\u00fcy\u00fckl\u00fc\u011f\u00fcndeki depremin ard\u0131ndan depremzedeler i\u00e7in yard\u0131m kampanyas\u0131 ba\u015flatt\u0131. Mersin Barosu Ba\u015fkan\u0131 Bilgin Ye\u015filbo\u011faz, kampanyaya destek \u00e7a\u011fr\u0131s\u0131 yapt\u0131.\u00a0 \u00a0 Mersin Barosu Ba\u015fkan\u0131 Ye\u015filbo\u011faz, yapt\u0131\u011f\u0131 a\u00e7\u0131klamada, &hellip; <a href=\"https:\/\/mersinekonomipolitikagazetesi.com\/?p=5660\" class=\"more-link\">Devam\u0131n\u0131 Oku&#8230;<\/a><\/p>\n","protected":false},"author":1,"featured_media":0,"comment_status":"open","ping_status":"open","sticky":false,"template":"","format":"standard","meta":[],"categories":[],"tags":[],"_links":{"self":[{"href":"https:\/\/mersinekonomipolitikagazetesi.com\/index.php?rest_route=\/wp\/v2\/posts\/5660"}],"collection":[{"href":"https:\/\/mersinekonomipolitikagazetesi.com\/index.php?rest_route=\/wp\/v2\/posts"}],"about":[{"href":"https:\/\/mersinekonomipolitikagazetesi.com\/index.php?rest_route=\/wp\/v2\/types\/post"}],"author":[{"embeddable":true,"href":"https:\/\/mersinekonomipolitikagazetesi.com\/index.php?rest_route=\/wp\/v2\/users\/1"}],"replies":[{"embeddable":true,"href":"https:\/\/mersinekonomipolitikagazetesi.com\/index.php?rest_route=%2Fwp%2Fv2%2Fcomments&post=5660"}],"version-history":[{"count":0,"href":"https:\/\/mersinekonomipolitikagazetesi.com\/index.php?rest_route=\/wp\/v2\/posts\/5660\/revisions"}],"wp:attachment":[{"href":"https:\/\/mersinekonomipolitikagazetesi.com\/index.php?rest_route=%2Fwp%2Fv2%2Fmedia&parent=5660"}],"wp:term":[{"taxonomy":"category","embeddable":true,"href":"https:\/\/mersinekonomipolitikagazetesi.com\/index.php?rest_route=%2Fwp%2Fv2%2Fcategories&post=5660"},{"taxonomy":"post_tag","embeddable":true,"href":"https:\/\/mersinekonomipolitikagazetesi.com\/index.php?rest_route=%2Fwp%2Fv2%2Ftags&post=5660"}],"curies":[{"name":"wp","href":"https:\/\/api.w.org\/{rel}","templated":true}]}}