{"id":5661,"date":"2020-11-04T18:26:05","date_gmt":"2020-11-04T15:26:05","guid":{"rendered":"http:\/\/mersinekonomipolitikagazetesi.com\/?p=5661"},"modified":"2020-11-04T18:26:05","modified_gmt":"2020-11-04T15:26:05","slug":"kizilay-gonulluleri-sahili-plastik-atiklardan-temizledi","status":"publish","type":"post","link":"https:\/\/mersinekonomipolitikagazetesi.com\/?p=5661","title":{"rendered":"K\u0131z\u0131lay g\u00f6n\u00fcll\u00fcleri sahili plastik at\u0131klardan temizledi"},"content":{"rendered":"<p>Mersin&#8217;in Erdemli il\u00e7esinde T\u00fcrk K\u0131z\u0131lay temsilcili\u011fi taraf\u0131ndan &#8220;Temiz \u00e7evre temiz deniz&#8221; projesi kapsam\u0131nda, sahil temizli\u011fi ger\u00e7ekle\u015ftirildi. Bal\u0131k\u00e7\u0131 bar\u0131na\u011f\u0131 \u00e7evresindeki sahil \u015feridinde yo\u011funla\u015fan temizlik \u00e7al\u0131\u015fmas\u0131nda po\u015fetler dolusu \u00e7\u00f6p topland\u0131. G\u00f6n\u00fcll\u00fclerin hummal\u0131 \u00e7al\u0131\u015fmas\u0131 sonucu geni\u015f sahil \u015feridi plastik at\u0131klardan temizlendi.\u00a0 \u00a0<br \/>\n\u00a0 Sahil temizli\u011fine kat\u0131lan K\u0131z\u0131lay g\u00f6n\u00fcll\u00fcs\u00fc Zehra \u00d6zt\u00fcrk, &#8220;Sabah erken saatlerde sahili temizlemek i\u00e7in, toplumu bilin\u00e7lendirmek ad\u0131na burada topland\u0131k. \u0130nsanlar\u0131m\u0131z\u0131n temizli\u011fe kar\u015f\u0131 daha duyarl\u0131 olmalar\u0131n\u0131 istiyoruz. Yediklerini, i\u00e7tiklerini \u00e7\u00f6p tenekelerine atmalar\u0131 ger\u00e7ekten \u00e7ok \u00f6nemli. Do\u011faya verdi\u011fimiz zarar\u0131n fark\u0131nda bile de\u011filiz. Toplum olarak bizim bilin\u00e7lenmemiz laz\u0131m. \u00c7evremizi temiz tutmak i\u00e7in \u00e7\u00f6p kutular\u0131n\u0131 kullanmam\u0131z gerekti\u011fini \u00f6\u011frenmemiz laz\u0131m. \u00d6zellikle \u00e7ocuklar\u0131m\u0131za \u00f6rnek olmak ad\u0131na elimizdeki bir \u00e7\u00f6p\u00fc, yere de\u011fil, soka\u011fa de\u011fil, \u00e7\u00f6p kutusuna atmay\u0131 \u00f6\u011fretmemiz laz\u0131m&#8221; dedi.\u00a0<br \/>\n\u00a0<br \/>\n\u00a0 &#8220;\u00c7\u00f6pleri nereye atmam\u0131z gerekti\u011fini \u00f6\u011frenmeliyiz&#8221;\u00a0<br \/>\n\u00a0 Sahildeki po\u015fet y\u0131\u011f\u0131nlar\u0131n\u0131n sadece insanlara de\u011fil b\u00fct\u00fcn canl\u0131lara zarar\u0131n\u0131n oldu\u011funu ifade eden \u00d6zt\u00fcrk, &#8220;\u00c7evremizi hep birlikte temizleyelim. Temiz tutal\u0131m, temiz tutmay\u0131 \u00f6\u011frenelim. En ba\u015fta temiz tutmay\u0131 \u00f6\u011frenmek \u00e7ok \u00f6nemli, temizlemekte de\u011fil. Biz burada temizlik yapabiliriz, bir g\u00fcn yapar\u0131z, iki g\u00fcn yapar\u0131z. Ama s\u00fcrekli kirleten insanlar oldu\u011fu s\u00fcrece \u00e7evremiz temiz olmaz. Hepimiz bilin\u00e7li bir \u015fekilde \u00e7\u00f6pleri nereye atmam\u0131z gerekti\u011fini \u00f6\u011frenmeli, \u00e7evremizdekileri uyarmal\u0131, bilin\u00e7li bir toplum olmal\u0131y\u0131z&#8221; diye konu\u015ftu.\u00a0<br \/>\n\u00a0<br \/>\n\u00a0 &#8220;En g\u00fczel temizlik \u00e7evreyi kirletmemektir&#8221;\u00a0<br \/>\n\u00a0 T\u00fcrk K\u0131z\u0131lay&#8217;\u0131 Erdemli Temsilcisi Necati \u015eevik ise \u00e7evre bilinci ve duyarl\u0131l\u0131k olu\u015fturmak i\u00e7in bu t\u00fcr \u00e7evre temizli\u011fi faaliyetlerini \u00f6nemsediklerini ve belirli aral\u0131klarla ger\u00e7ekle\u015ftirdiklerini s\u00f6yledi. \u015eevik, &#8220;Bizim amac\u0131m\u0131z etraf\u0131 komple temizlemek de\u011fil, dikkat \u00e7ekmek. En g\u00fczel temizlik \u00e7evreyi kirletmemektir. \u00c7\u00f6p bidonuna \u00e7ok yak\u0131n mesafede dahi \u00e7\u00f6plerin \u015fi\u015felerin etrafa at\u0131ld\u0131\u011f\u0131n\u0131 g\u00f6r\u00fcyoruz. \u00c7\u00f6p kutular\u0131n\u0131n 1 metre yak\u0131n\u0131ndan bile olduk\u00e7a fazla \u00e7\u00f6p toplad\u0131k. Denize at\u0131lan \u00e7\u00f6plerin tekrar k\u0131y\u0131ya vurdu\u011funu, araba lastiklerinin k\u0131y\u0131ya vurdu\u011fu g\u00f6r\u00fcl\u00fcyor. Onlar\u0131 temizledik. Bu konuda \u00e7al\u0131\u015fmalar\u0131m\u0131z devam edecek. B\u00fct\u00fcn herkesi bu \u00e7al\u0131\u015fmalar\u0131m\u0131za destek olmaya bekliyoruz&#8221; dedi.\u00a0<br \/>\n\u00a0 Ger\u00e7ekle\u015ftirilen \u00e7evreye kar\u015f\u0131 duyarl\u0131l\u0131k etkinliklerinin sahil \u015feridi d\u0131\u015f\u0131nda y\u00fcksek rak\u0131ml\u0131 yayla k\u00f6ylerinde ve piknik alanlar\u0131nda da ger\u00e7ekle\u015ftirilece\u011fi kaydedildi.\u00a0<\/p>\n","protected":false},"excerpt":{"rendered":"<p>Mersin&#8217;in Erdemli il\u00e7esinde T\u00fcrk K\u0131z\u0131lay temsilcili\u011fi taraf\u0131ndan &#8220;Temiz \u00e7evre temiz deniz&#8221; projesi kapsam\u0131nda, sahil temizli\u011fi ger\u00e7ekle\u015ftirildi. Bal\u0131k\u00e7\u0131 bar\u0131na\u011f\u0131 \u00e7evresindeki sahil \u015feridinde yo\u011funla\u015fan temizlik \u00e7al\u0131\u015fmas\u0131nda po\u015fetler dolusu \u00e7\u00f6p topland\u0131. G\u00f6n\u00fcll\u00fclerin hummal\u0131 &hellip; <a href=\"https:\/\/mersinekonomipolitikagazetesi.com\/?p=5661\" class=\"more-link\">Devam\u0131n\u0131 Oku&#8230;<\/a><\/p>\n","protected":false},"author":1,"featured_media":0,"comment_status":"open","ping_status":"open","sticky":false,"template":"","format":"standard","meta":[],"categories":[],"tags":[],"_links":{"self":[{"href":"https:\/\/mersinekonomipolitikagazetesi.com\/index.php?rest_route=\/wp\/v2\/posts\/5661"}],"collection":[{"href":"https:\/\/mersinekonomipolitikagazetesi.com\/index.php?rest_route=\/wp\/v2\/posts"}],"about":[{"href":"https:\/\/mersinekonomipolitikagazetesi.com\/index.php?rest_route=\/wp\/v2\/types\/post"}],"author":[{"embeddable":true,"href":"https:\/\/mersinekonomipolitikagazetesi.com\/index.php?rest_route=\/wp\/v2\/users\/1"}],"replies":[{"embeddable":true,"href":"https:\/\/mersinekonomipolitikagazetesi.com\/index.php?rest_route=%2Fwp%2Fv2%2Fcomments&post=5661"}],"version-history":[{"count":0,"href":"https:\/\/mersinekonomipolitikagazetesi.com\/index.php?rest_route=\/wp\/v2\/posts\/5661\/revisions"}],"wp:attachment":[{"href":"https:\/\/mersinekonomipolitikagazetesi.com\/index.php?rest_route=%2Fwp%2Fv2%2Fmedia&parent=5661"}],"wp:term":[{"taxonomy":"category","embeddable":true,"href":"https:\/\/mersinekonomipolitikagazetesi.com\/index.php?rest_route=%2Fwp%2Fv2%2Fcategories&post=5661"},{"taxonomy":"post_tag","embeddable":true,"href":"https:\/\/mersinekonomipolitikagazetesi.com\/index.php?rest_route=%2Fwp%2Fv2%2Ftags&post=5661"}],"curies":[{"name":"wp","href":"https:\/\/api.w.org\/{rel}","templated":true}]}}