{"id":5671,"date":"2020-11-04T18:26:07","date_gmt":"2020-11-04T15:26:07","guid":{"rendered":"http:\/\/mersinekonomipolitikagazetesi.com\/?p=5671"},"modified":"2020-11-04T18:26:07","modified_gmt":"2020-11-04T15:26:07","slug":"basin-karti-iptal-haberleri-yalanlandi-altun-iddialar-gercegi-yansitmamaktadir","status":"publish","type":"post","link":"https:\/\/mersinekonomipolitikagazetesi.com\/?p=5671","title":{"rendered":"BASIN KARTI \u0130PTAL HABERLER\u0130 YALANLANDI..!     ALTUN: \u201c\u0130DD\u0130ALAR GER\u00c7E\u011e\u0130 YANSITMAMAKTADIR\u201d"},"content":{"rendered":"<p>T\u00fcrkiye Cumhuriyeti Cumhurba\u015fkanl\u0131\u011f\u0131 \u0130leti\u015fim Ba\u015fkan\u0131 Fahrettin Altun bas\u0131n kart\u0131 ba\u015fvurular\u0131na ili\u015fkin a\u00e7\u0131klamalarda bulundu. Altun, \u201cBas\u0131n kartlar\u0131n\u0131n iptal edildi\u011fine y\u00f6nelik iddialar ger\u00e7e\u011fi yans\u0131tmamaktad\u0131r.\u201d dedi.<\/p>\n<p>Bir\u00e7ok gazetecinin bas\u0131n kart\u0131n\u0131n iptaline y\u00f6nelik al\u0131nan karar\u0131n ard\u0131ndan gazeteciler ve medya sekt\u00f6r\u00fc yap\u0131lan uygulamaya tepki g\u00f6stermi\u015fti. Boykot ba\u015flamas\u0131n\u0131n ard\u0131ndan T\u00fcrkiye\u2019de ses getiren olay ile ilgili \u0130leti\u015fim Ba\u015fkan\u0131 Fahrettin Altun a\u00e7\u0131klama yapt\u0131. Altun yap\u0131lan \u00e7al\u0131\u015fmalar\u0131n Bas\u0131n Kart\u0131 Y\u00f6netmeli\u011fi \u00e7er\u00e7evesinde ger\u00e7ekle\u015fti\u011fini belirterek, \u201c\u0130leti\u015fim Ba\u015fkanl\u0131\u011f\u0131 Bas\u0131n Kart\u0131 Ba\u015fvuru Sistemi a\u00e7\u0131kt\u0131r ve g\u00fcncel olarak ba\u015fvurular\u0131 almaktad\u0131r. Ba\u015fvurular\u0131n ard\u0131ndan de\u011ferlendirme s\u00fcreci, bas\u0131n kart\u0131n\u0131n itibar\u0131n\u0131 ve sayg\u0131nl\u0131\u011f\u0131n\u0131 koruyacak \u015fekilde titizlikle y\u00fcr\u00fct\u00fclmektedir.\u201d diye konu\u015ftu.<\/p>\n<p>\u201c13 bin 372 yeni bas\u0131n kart\u0131 teslim edilmi\u015ftir\u201d<\/p>\n<p>Ba\u015fvuru sahibinin Bas\u0131n Kart\u0131 Y\u00f6netmeli\u011finde belirtilen \u201cbas\u0131n kart\u0131 verilecek ki\u015filerde aranan \u015fartlar\u0131\u201d ta\u015f\u0131y\u0131p ta\u015f\u0131mad\u0131\u011f\u0131n\u0131 tespit etmek \u00fczere derinlemesine ara\u015ft\u0131rmalar yap\u0131lmakta oldu\u011funu vurgulayan Altun, \u201c\u0130leti\u015fim Ba\u015fkanl\u0131\u011f\u0131 kuruldu\u011fundan itibaren de\u011ferlendirme s\u00fcreci tamamlanan 13 bin 372 medya mensubuna yeni bas\u0131n kartlar\u0131 teslim edilmi\u015ftir. \u015eu anda de\u011ferlendirme s\u00fcreci devam eden ba\u015fvuru say\u0131s\u0131 894\u2019t\u00fcr.\u201d dedi\u00a0<\/p>\n<p>\u00a0<\/p>\n<p>\u201cKartlar\u0131n\u0131n iptal edildi\u011fi iddias\u0131 kesinlikle ger\u00e7ek d\u0131\u015f\u0131d\u0131r\u201d<\/p>\n<p>Ba\u015fvuru s\u00fcrecinde\u00a0 teknik kriterlerin yan\u0131 s\u0131ra ba\u015fvuru sahibinin ger\u00e7ekten mesleki faaliyet icra edip etmedi\u011fi, herhangi bir ter\u00f6r \u00f6rg\u00fct\u00fcyle ba\u011flant\u0131l\u0131 olup olmad\u0131\u011f\u0131, mahkumiyet karar\u0131 ya da meslek onurunu zedeleyici tutumlar\u0131 gibi \u00e7e\u015fitli kriterler g\u00f6z \u00f6n\u00fcnde bulundurulmakta oldu\u011funu vurgulayan Altun, \u201cMevcut durumda de\u011ferlendirme s\u00fcreci devam eden kartlarla ilgili herhangi bir iptal durumu s\u00f6z konusu de\u011fildir. Bas\u0131n kart\u0131na y\u00f6nelik hen\u00fcz neticelenmemi\u015f yenileme ba\u015fvurular\u0131 hala aktiftir. Dolay\u0131s\u0131yla \u00f6zellikle baz\u0131 medya kurumlar\u0131nda \u00e7al\u0131\u015fanlar\u0131n kartlar\u0131n\u0131n iptal edildi\u011fi iddias\u0131 kesinlikle ger\u00e7ek d\u0131\u015f\u0131d\u0131r.\u201d diye vurgulad\u0131.<\/p>\n<p>\u201cS\u00fcre\u00e7 tamamland\u0131\u011f\u0131nda bilgilendirme yap\u0131lacakt\u0131r\u201d<\/p>\n<p>Her kurumda yeni bas\u0131n kart\u0131n\u0131 alanlar oldu\u011fu gibi, de\u011ferlendirmesi devam edenler de bulunabilmekte oldu\u011funa dikkat \u00e7eken Altun, \u201cKendilerine bas\u0131n kart\u0131 verilmedi\u011fini iddia eden kurumlarda da yeni bas\u0131n kartlar\u0131n\u0131 alanlar\u0131n bulunmas\u0131 bile bu art niyetli giri\u015fimi bo\u015fa \u00e7\u0131karmaktad\u0131r. De\u011ferlendirmesi devam eden ba\u015fvurulara ili\u015fkin s\u00fcre\u00e7 tamamland\u0131\u011f\u0131nda ba\u015fvuru sahiplerine gerekli bildirimler yap\u0131lacakt\u0131r.\u201d diye konu\u015ftu.<\/p>\n","protected":false},"excerpt":{"rendered":"<p>T\u00fcrkiye Cumhuriyeti Cumhurba\u015fkanl\u0131\u011f\u0131 \u0130leti\u015fim Ba\u015fkan\u0131 Fahrettin Altun bas\u0131n kart\u0131 ba\u015fvurular\u0131na ili\u015fkin a\u00e7\u0131klamalarda bulundu. Altun, \u201cBas\u0131n kartlar\u0131n\u0131n iptal edildi\u011fine y\u00f6nelik iddialar ger\u00e7e\u011fi yans\u0131tmamaktad\u0131r.\u201d dedi. Bir\u00e7ok gazetecinin bas\u0131n kart\u0131n\u0131n iptaline y\u00f6nelik al\u0131nan &hellip; <a href=\"https:\/\/mersinekonomipolitikagazetesi.com\/?p=5671\" class=\"more-link\">Devam\u0131n\u0131 Oku&#8230;<\/a><\/p>\n","protected":false},"author":1,"featured_media":0,"comment_status":"open","ping_status":"open","sticky":false,"template":"","format":"standard","meta":[],"categories":[],"tags":[],"_links":{"self":[{"href":"https:\/\/mersinekonomipolitikagazetesi.com\/index.php?rest_route=\/wp\/v2\/posts\/5671"}],"collection":[{"href":"https:\/\/mersinekonomipolitikagazetesi.com\/index.php?rest_route=\/wp\/v2\/posts"}],"about":[{"href":"https:\/\/mersinekonomipolitikagazetesi.com\/index.php?rest_route=\/wp\/v2\/types\/post"}],"author":[{"embeddable":true,"href":"https:\/\/mersinekonomipolitikagazetesi.com\/index.php?rest_route=\/wp\/v2\/users\/1"}],"replies":[{"embeddable":true,"href":"https:\/\/mersinekonomipolitikagazetesi.com\/index.php?rest_route=%2Fwp%2Fv2%2Fcomments&post=5671"}],"version-history":[{"count":0,"href":"https:\/\/mersinekonomipolitikagazetesi.com\/index.php?rest_route=\/wp\/v2\/posts\/5671\/revisions"}],"wp:attachment":[{"href":"https:\/\/mersinekonomipolitikagazetesi.com\/index.php?rest_route=%2Fwp%2Fv2%2Fmedia&parent=5671"}],"wp:term":[{"taxonomy":"category","embeddable":true,"href":"https:\/\/mersinekonomipolitikagazetesi.com\/index.php?rest_route=%2Fwp%2Fv2%2Fcategories&post=5671"},{"taxonomy":"post_tag","embeddable":true,"href":"https:\/\/mersinekonomipolitikagazetesi.com\/index.php?rest_route=%2Fwp%2Fv2%2Ftags&post=5671"}],"curies":[{"name":"wp","href":"https:\/\/api.w.org\/{rel}","templated":true}]}}