{"id":5682,"date":"2020-11-04T18:26:07","date_gmt":"2020-11-04T15:26:07","guid":{"rendered":"http:\/\/mersinekonomipolitikagazetesi.com\/?p=5682"},"modified":"2020-11-04T18:26:07","modified_gmt":"2020-11-04T15:26:07","slug":"cocuklar-forum-mersin-de-eglenerek-tasarim-yapiyor","status":"publish","type":"post","link":"https:\/\/mersinekonomipolitikagazetesi.com\/?p=5682","title":{"rendered":"\u00c7ocuklar, Forum Mersin \u2018de e\u011flenerek tasar\u0131m yap\u0131yor"},"content":{"rendered":"<p>Forum Mersin Al\u0131\u015fveri\u015f Merkezi, s\u00f6mestr tatili at\u00f6lyeleri ile \u00e7ocuklara, kendi elleriyle yapt\u0131klar\u0131 tasar\u0131mlar\u0131 hayata ge\u00e7irme f\u0131rsat\u0131 sunuyor.\u00a0<br \/>\nForum Mersin, ge\u00e7ti\u011fimiz hafta sonunda tarihlerinde Forum Sanat\u2019ta, Waldorf \u00e7ocuklar do\u011fa ile bulu\u015fuyor, ke\u00e7e kukla tasarlama, bez \u00e7anta boyama ve Reggio Emillia y\u00f6ntemi ile kardan adam at\u00f6lyeleri ile minik misafirlerin hayal g\u00fc\u00e7lerini geli\u015ftirdikleri, birbirinden e\u011flenceli ve \u00f6\u011fretici at\u00f6lyelere ev sahipli\u011fi yapt\u0131. At\u00f6lyelere kay\u0131tlar sosyal medya \u00fczerinden al\u0131n\u0131rken, aileler etkinli\u011fe yo\u011fun ilgi g\u00f6sterdi.\u00a0<br \/>\n\u00c7ocuklar, yap\u0131lan \u00e7e\u015fitli at\u00f6lyelerle hem yeteneklerini sergilediler hem de keyifli zaman ge\u00e7irdiler. \u00c7ocuklar, at\u00f6lyelere anne veya babalar\u0131 ile kat\u0131ld\u0131lar. Etkinlik sonras\u0131nda kat\u0131l\u0131mc\u0131 minik misafirlerle foto\u011fraf \u00e7ekimi yap\u0131ld\u0131.\u00a0<br \/>\nForum Mersin s\u00f6mestr tatili at\u00f6lyeleri 1-2 \u015eubat 2020 tarihlerinde Forum Sanat\u2019ta kar k\u00fcresi yap\u0131m\u0131, ke\u00e7e zombi yast\u0131k tasarlama, kurabiye ve maske s\u00fcsleme at\u00f6lyeleri ile devam edecek.\u00a0<\/p>\n","protected":false},"excerpt":{"rendered":"<p>Forum Mersin Al\u0131\u015fveri\u015f Merkezi, s\u00f6mestr tatili at\u00f6lyeleri ile \u00e7ocuklara, kendi elleriyle yapt\u0131klar\u0131 tasar\u0131mlar\u0131 hayata ge\u00e7irme f\u0131rsat\u0131 sunuyor.\u00a0 Forum Mersin, ge\u00e7ti\u011fimiz hafta sonunda tarihlerinde Forum Sanat\u2019ta, Waldorf \u00e7ocuklar do\u011fa ile bulu\u015fuyor, &hellip; <a href=\"https:\/\/mersinekonomipolitikagazetesi.com\/?p=5682\" class=\"more-link\">Devam\u0131n\u0131 Oku&#8230;<\/a><\/p>\n","protected":false},"author":1,"featured_media":0,"comment_status":"open","ping_status":"open","sticky":false,"template":"","format":"standard","meta":[],"categories":[],"tags":[],"_links":{"self":[{"href":"https:\/\/mersinekonomipolitikagazetesi.com\/index.php?rest_route=\/wp\/v2\/posts\/5682"}],"collection":[{"href":"https:\/\/mersinekonomipolitikagazetesi.com\/index.php?rest_route=\/wp\/v2\/posts"}],"about":[{"href":"https:\/\/mersinekonomipolitikagazetesi.com\/index.php?rest_route=\/wp\/v2\/types\/post"}],"author":[{"embeddable":true,"href":"https:\/\/mersinekonomipolitikagazetesi.com\/index.php?rest_route=\/wp\/v2\/users\/1"}],"replies":[{"embeddable":true,"href":"https:\/\/mersinekonomipolitikagazetesi.com\/index.php?rest_route=%2Fwp%2Fv2%2Fcomments&post=5682"}],"version-history":[{"count":0,"href":"https:\/\/mersinekonomipolitikagazetesi.com\/index.php?rest_route=\/wp\/v2\/posts\/5682\/revisions"}],"wp:attachment":[{"href":"https:\/\/mersinekonomipolitikagazetesi.com\/index.php?rest_route=%2Fwp%2Fv2%2Fmedia&parent=5682"}],"wp:term":[{"taxonomy":"category","embeddable":true,"href":"https:\/\/mersinekonomipolitikagazetesi.com\/index.php?rest_route=%2Fwp%2Fv2%2Fcategories&post=5682"},{"taxonomy":"post_tag","embeddable":true,"href":"https:\/\/mersinekonomipolitikagazetesi.com\/index.php?rest_route=%2Fwp%2Fv2%2Ftags&post=5682"}],"curies":[{"name":"wp","href":"https:\/\/api.w.org\/{rel}","templated":true}]}}