{"id":5695,"date":"2020-11-04T18:26:08","date_gmt":"2020-11-04T15:26:08","guid":{"rendered":"http:\/\/mersinekonomipolitikagazetesi.com\/?p=5695"},"modified":"2020-11-04T18:26:08","modified_gmt":"2020-11-04T15:26:08","slug":"onlari-bir-gun-degil-her-gun-fark-edin","status":"publish","type":"post","link":"https:\/\/mersinekonomipolitikagazetesi.com\/?p=5695","title":{"rendered":"ONLARI B\u0130R G\u00dcN DE\u011e\u0130L HER G\u00dcN FARK ED\u0130N!"},"content":{"rendered":"<p>OT\u0130ZML\u0130 \u00c7OCUKLARI;<br \/>\n\u00d6tekile\u015ftirmeyin! &#8211; Uzakla\u015ft\u0131rmay\u0131n! \u2013 Yaln\u0131zla\u015ft\u0131rmay\u0131n!<\/p>\n<p>\u00a0<\/p>\n<p>OT\u0130ZM\u0130 ANNEDEN D\u0130NL\u0130YORUZ&#8230;<\/p>\n<p>Ge\u00e7en hafta, Mezitli Kent Konseyi ve Otistik \u00c7ocuklar\u0131 Ya\u015fatma ve Kazanma Derne\u011fi taraf\u0131ndan \u2018Otizmi Anneden Dinliyoruz\u2019 ba\u015fl\u0131kl\u0131 seminer d\u00fczenlendi.\u00a0<br \/>\nMezitli Kent Konseyi Salonunda ger\u00e7ekle\u015ftirilen seminerde, otizmli Mert\u2019in annesi J\u00fclide G\u00fczel konu\u015fmac\u0131 olarak kat\u0131ld\u0131. J\u00fclide anne, bir\u00e7ok otizmli \u00e7ocuk annesinin kar\u015f\u0131la\u015ft\u0131 engeller ve y\u00fcklendikleri zorlu sorumlulu\u011fu anlatt\u0131 bizlere.<\/p>\n<p>J\u00dcL\u0130DE ANNE OT\u0130ZM\u0130 ANLATTI<\/p>\n<p>J\u00fclide anne, konu\u015fmas\u0131nda otizmle ilgili \u00f6nemli bilgiler payla\u015ft\u0131. Seminer sonras\u0131, Otistik \u00c7ocuklar\u0131 Ya\u015fatma ve Kazanma Derne\u011fi Ba\u015fkan\u0131 Nazmiye Yaman ve J\u00fclide G\u00fczel ile bir r\u00f6portaj yaparak semineri ka\u00e7\u0131ranlar i\u00e7in, otizmli annelerin sesini bir kere daha sizlere ula\u015ft\u0131rmak istedim.<\/p>\n<p>MERS\u0130N OT\u0130ST\u0130K \u00c7OCUKLARI YA\u015eATMA VE KAZANMA DERNE\u011e\u0130 NELER YAPIYOR?<\/p>\n<p>N.M. : Nazmiye ba\u015fkan\u0131m, sizi tan\u0131yabilir miyiz?\u00a0<br \/>\nN.Y. : Tabii Ben 1981 Hatay do\u011fumluyum. \u0130lk\u00f6\u011fretim ve ortaokulu Tarsus\u2019ta, lise ve \u00fcniversiteyi \u0130stanbul\u2019da okudum. \u00c7ocuk geli\u015fimi mezunuyum. \u0130ki \u00e7ocuk annesiyim k\u0131z\u0131m 16 ya\u015f\u0131nda, o\u011flum 11 ya\u015f\u0131nda. O\u011flum a\u011f\u0131r otizm engelli okuluna gidiyor, k\u0131z\u0131m lise 3\u2019e gidiyor (\u00e7ocuk geli\u015fim okuyor).<\/p>\n<p>N.M.: Bize Otistik \u00c7ocuklar\u0131 Ya\u015fatma ve Kazanma Derne\u011finden bahseder misin? \u00a0N.Y. : Tabi, derne\u011fimiz kurulal\u0131 2 seneyi ge\u00e7ti. Dernek y\u00f6netimimizin tamam\u0131 otizmli \u00e7ocu\u011fa sahip anneler ve\/veya yak\u0131nlar\u0131ndan olu\u015fmakta. \u00dcyelerimiz ise aile i\u00e7erisinde otizmle ya\u015fayan kad\u0131n\/erkek ve otizmlilere hassasiyet ile yakla\u015fan g\u00f6n\u00fcll\u00fclerden olu\u015fuyor.<\/p>\n<p>N.M.: Derne\u011finizin sadece kad\u0131nlardan m\u0131 olu\u015fuyor? Derne\u011finizin ka\u00e7 \u00fcyesi var?\u00a0<br \/>\nN.Y: Hay\u0131r. T\u00fcm aile fertleri \u00fcye olabiliyor. Derne\u011fimizim resmi \u00fcye say\u0131s\u0131 130.<\/p>\n<p>N.M.: Derne\u011finiz hak temelli \u00e7al\u0131\u015f\u0131yor mu? Yoksa ya\u015f a\u011f\u0131rl\u0131k ayr\u0131m\u0131 var m\u0131? Derne\u011finizin projeleri ve bu kapsamda \u00e7al\u0131\u015fmalar\u0131 var m\u0131d\u0131r? Derne\u011finiz ne gibi faaliyetler y\u00fcr\u00fct\u00fcyor?<br \/>\nN.Y. : Derne\u011fimiz hak temelli hafif, orta, a\u011f\u0131r ayr\u0131m\u0131 yapmadan \u00e7al\u0131\u015f\u0131yor. Herkese e\u015fit yakla\u015f\u0131yor. Derne\u011fimizi kurarken kendimize hedefler belirledik.<br \/>\nBunlar Otizm g\u00fcnd\u00fcz bak\u0131m merkezi, yat\u0131l\u0131 bak\u0131m merkezi, otizm ya\u015fam merkezi ve mola evleri. Hedefimiz Mersin\u2019deki her il\u00e7eye bu hizmetlerin ula\u015fmas\u0131 ve her otizmli \u00e7ocu\u011fun faydalanmas\u0131. Derne\u011fimiz aileleri ziyaret ediyor. Aile e\u011fitimleri veriyor. Psikolojik destek sa\u011fl\u0131yor. Ayr\u0131ca seminerler, \u00e7al\u0131\u015ftay ve paneller d\u00fczenliyor. Aileler ve \u00e7ocuklar i\u00e7in gezi-tiyatro gibi k\u00fclt\u00fcrel etkinlikler d\u00fczenliyoruz.<\/p>\n<p>N.M.: Otistik \u00e7ocuk anneleri \u00e7ok zor s\u00fcre\u00e7lerden ge\u00e7iyorlar. Derne\u011finiz, otizmli \u00e7ocuk annelerine psikolojik destek veriyor mu?<br \/>\nN.Y.: Evet veriyoruz ve ailelerimizi d\u00fczenli ziyaretlerde bulunuyoruz. Onlar\u0131 duygusal olarak yaln\u0131z ve \u00e7aresiz b\u0131rakmamaya \u00f6zen g\u00f6steriyoruz.<\/p>\n<p>N.M.: Ka\u00e7 ya\u015f\u0131nda ortaya \u00e7\u0131kar? Otizm nedir, belirtileri nelerdir?<br \/>\nN.Y. : Otizm ya\u015fam\u0131n ilk \u00fc\u00e7 y\u0131l\u0131nda ortaya \u00e7\u0131kar. Otizm yayg\u0131n geli\u015fimsel bozukluktur. D\u00f6nen cisimleri izlemesi, parmak ucunda y\u00fcr\u00fcmesi, alg\u0131s\u0131n\u0131n kapal\u0131 olmas\u0131, g\u00f6z temas\u0131 olmamas\u0131, konu\u015fma varken konu\u015fman\u0131n kesilmesi veya hi\u00e7 konu\u015fma olmamas\u0131, seslenince bakmamas\u0131 gibi belirtiler ile otizm kendisini g\u00f6stermekte.<\/p>\n<p>N.M.: Peki, erken ya\u015fta te\u015fhisin \u00f6nemi var m\u0131?<br \/>\nN.Y.: Kesinlikle \u00e7ok \u00f6nemli. \u0130lk fark edildi\u011finde hemen doktora gidilmeli. \u00c7ocuk psikiyatri uzman\u0131na muayene olunmal\u0131.<\/p>\n<p>N.M.: T\u00fcrkiye\u2019de olduk\u00e7a fazla otizmli birey var \u00f6yle de\u011fil mi? \u00dclkemizde Otizm g\u00f6r\u00fclme oran\u0131 nedir?\u00a0<br \/>\nN.Y.: Tahmininizden \u00e7ok fazla. 0-14 ya\u015f aras\u0131 otizmli \u00e7ocuk say\u0131s\u0131 yakla\u015f\u0131k 140 bin, 14 ya\u015f \u00fcst\u00fc say\u0131 500 bin civar\u0131. Otizm g\u00f6r\u00fclme oran\u0131 \u015fuan 48 \u00e7ocukta 1.<\/p>\n<p>N.M.: Bu rakamlar resmi rakamlar tabii. Birde tespit edilemeyen \u00e7ocuklar\u0131m\u0131z var \u00f6yle de\u011fil mi?\u00a0<br \/>\nN.Y.: Evet ve maalesef her g\u00fcn artmaya devam ediyor.<\/p>\n<p>N.M. Sizi bas\u0131nda \u00e7ok s\u0131k g\u00f6rm\u00fcyoruz. Bunun belli bir nedeni var m\u0131?<br \/>\n\u00a0N.Y.: Asl\u0131nda \u00e7ok s\u0131k radyo ve televizyon programlar\u0131na \u00e7\u0131k\u0131yoruz. Ama maalesef medyam\u0131zda bu konuda pek haber\/program yapma isteklisi de\u011fil.<\/p>\n<p>N.M: \u00d6zellikle Mersin ilimizde Otizmde Fark\u0131ndal\u0131\u011f\u0131 art\u0131rmak, birlik ve beraberli\u011fi sa\u011flamak amac\u0131yla ne gibi etkinlikler d\u00fczenlendi?<br \/>\nN.Y.: Seminerler, Paneller, \u00c7al\u0131\u015ftaylar yap\u0131yoruz. Televizyon ve Radyo programlar\u0131na kat\u0131l\u0131yoruz. \u0130l\u00e7elerde Fark\u0131ndal\u0131k \u015fenlikleri, piknikler d\u00fczenliyoruz.<\/p>\n<p>N.M.: Otistik \u00c7ocuklar\u0131 Ya\u015fatma ve Kazanma Derne\u011fi faaliyetlerini s\u00fcrd\u00fcrme karar\u0131 nereden akl\u0131n\u0131za geldi? Neden b\u00f6yle bir karar ald\u0131n\u0131z?\u00a0<br \/>\nN.Y.: Otizm herkese anlatmak bilin\u00e7lendirmek gerekiyor. Toplum ve aileler bilin\u00e7lenirse \u00e7ocuklar\u0131m\u0131z\u0131n ya\u015fam\u0131 daha kolayla\u015f\u0131r. Faaliyetlere ara vermeden h\u0131zla devam edece\u011fiz ki daha \u00e7ok halk\u0131m\u0131z \u00f6\u011frensin.<br \/>\n\u00a0<br \/>\nPARAN VARSA E\u011e\u0130T\u0130M VAR!<\/p>\n<p>N.M.: T\u00fcrkiye\u2019deki otizm art\u0131\u015f\u0131 konusunda ne d\u00fc\u015f\u00fcn\u00fcyorsunuz? Bug\u00fcn, \u00fclkemizde engelli \u00e7ocuklar\u0131n e\u011fitimi konusunda neredeyiz sizce? Yeteri kadar \u00e7al\u0131\u015fma yap\u0131l\u0131yor mu?\u00a0<br \/>\nN.Y.: T\u00fcrkiye\u2019de otizm maalesef h\u0131zla art\u0131yor bunun nedenleri \u00e7ok fazla do\u011fal beslenmiyoruz, d\u0131\u015fa ba\u011f\u0131ml\u0131 ya\u015f\u0131yoruz. Do\u011fal beslenmedi\u011fimiz, d\u0131\u015fa ba\u011f\u0131ml\u0131 ya\u015fad\u0131\u011f\u0131m\u0131z, \u00e7evre kirlili\u011fi, radyasyon yayan \u00fcr\u00fcnleri \u00e7ok kulland\u0131\u011f\u0131m\u0131z s\u00fcrece artmaya devam edecek.<br \/>\nT\u00fcrkiye\u2019de e\u011fitim \u00e7ok yetersiz, devlet \u00f6zel e\u011fitimin sadece ayda 8 saatini kar\u015f\u0131l\u0131yor. Ne \u00fcz\u00fcc\u00fcd\u00fcr ki paran varsa e\u011fitim var! Okullarda e\u011fitim maalesef hi\u00e7 iyi de\u011fil. Otizmli \u00e7ocuklar okullarda d\u0131\u015flan\u0131yor ve istenmiyor. \u2018Gelmese de olur\u2019 deniyor. Bizler aral\u0131ks\u0131z e\u011fitim almal\u0131y\u0131z, hi\u00e7 tatil olmamal\u0131. Tatil olunca \u00e7ocuklar\u0131m\u0131z \u00f6\u011frendiklerini unutuyorlar.<br \/>\nOtizmli \u00e7ocuklar\u0131m\u0131z kaliteli e\u011fitimi, alan mezunu \u00f6\u011fretmenlerden almal\u0131lar. Maalesef okullarda \u00e7o\u011funlukta ba\u015fka mesleklerden mezun olmu\u015f 3 ay kursa gitmi\u015f ve \u00f6\u011fretmen olmu\u015f \u00fccretli \u00f6\u011fretmenler var. Bu durum otizmli \u00e7ocuklar\u0131n e\u011fitimini olumsuz y\u00f6nde \u00e7ok etkiliyor.<\/p>\n<p>N.M.: T\u00fcrkiye\u2019deki bu konuda yeteri kadar \u00e7al\u0131\u015fma yap\u0131l\u0131yor mu?\u00a0<br \/>\nN.Y.: Ge\u00e7en y\u0131la kadar yeterli \u00e7al\u0131\u015fma yap\u0131lm\u0131yordu. Halen \u00e7al\u0131\u015fmalar yeterli de\u011fil ama ge\u00e7mi\u015fe oranla g\u00f6zlenebilir bir iyile\u015fme var.<\/p>\n<p>N.M.: Nedir bu iyile\u015fmeler?\u00a0<br \/>\nN.Y.: Devletimiz, otizmin h\u0131zla artt\u0131\u011f\u0131n\u0131 hen\u00fcz yeni kabul etti. Bu konuda bir ara\u015ft\u0131rma komisyonu kurdu. Kurulan komisyon, T\u00fcrkiye Otizm Meclisi ile birlikte \u00e7ok g\u00fczel bir \u00e7al\u0131\u015fma yapt\u0131. \u0130lleri okullar\u0131 ziyaret ettiler. Derneklerle ailelerle g\u00f6r\u00fc\u015ft\u00fcler. Ankara\u2019da gerekli yerlerle defalarca toplant\u0131lar d\u00fczenledir.<br \/>\nBizleri kabul ettiler, gittik 3 saat bir toplant\u0131 yapt\u0131k. Bire bir aileleri dinlediler ve \u015fuanda rapor haz\u0131rl\u0131yorlar. Ben inan\u0131yorum daha g\u00fczel geli\u015fmeler olacak.<\/p>\n<p>N.M.: Hakl\u0131s\u0131n\u0131z, bu kadar toplant\u0131 bo\u015funa yap\u0131lmam\u0131\u015f olmal\u0131. Muhakkak g\u00fczel \u00e7\u00f6z\u00fcmler ile devletimiz otizmli \u00e7ocuklar\u0131 kucaklayacak. \u00dclkemizde Otizmli ya\u015fam merkez(ler)i var m\u0131? Varsa hangi illerde var? Yoksa buna y\u00f6nelik bir proje var m\u0131?<br \/>\nN.Y.: \u015euanda yap\u0131m a\u015famas\u0131nda olanlar var. Bizim projemiz var mesela. Bunu yerel y\u00f6netimlere sunduk in\u015fallah yap\u0131lacak.<br \/>\n\u00a0<br \/>\nVAHAP SE\u00c7ER ve ABDULLAH \u00d6ZY\u0130\u011e\u0130T VERD\u0130\u011e\u0130 S\u00d6ZLER\u0130 YER\u0130NE GET\u0130RD\u0130 M\u0130?<\/p>\n<p>N.M.: Yerel y\u00f6netim derken belediyelerimizi kast ettiniz yan\u0131lm\u0131yorsam. Projeleriniz konusunda hangi belediyelerimiz ve\/veya belediye ba\u015fkanlar\u0131m\u0131z ile g\u00f6r\u00fc\u015ft\u00fcn\u00fcz? Ve ne gibi s\u00f6zler ald\u0131n\u0131z?<br \/>\nN.Y.: Mersin B\u00fcy\u00fck\u015fehir Belediye Ba\u015fkan\u0131 Say\u0131n Vahap Se\u00e7er ile g\u00f6r\u00fc\u015ft\u00fck projelerimizi ve mola evi projemiz ger\u00e7ekle\u015fecek in\u015fallah.<br \/>\n-Yeni\u015fehir Belediye Ba\u015fkan\u0131m\u0131z Say\u0131n Abdullah \u00d6zyi\u011fit Otizm Ya\u015fam Merkezi Yapaca\u011f\u0131na ve Yeni\u015fehir \u0130l\u00e7emizi Otizm dosttu il\u00e7e yapaca\u011f\u0131na s\u00f6z verdi.<br \/>\n-Aile Sosyal Politikalar \u0130l M\u00fcd\u00fcrl\u00fc\u011f\u00fc Otizm G\u00fcnd\u00fcz Bak\u0131m Merkezi Yapmaya S\u00f6z Verdi.<\/p>\n<p>N.M.: Peki, bu s\u00f6zler ve vaatler yerine getirildi mi?\u00a0<br \/>\nN.Y.: \u015eu anda Aile Sosyal Politikalar s\u00f6z\u00fcnde durdu Otizm G\u00fcnd\u00fcz Bak\u0131m Merkezimiz yap\u0131l\u0131yor.<\/p>\n<p>N.M.: Ger\u00e7ekten \u00e7ok verimli ge\u00e7en bir seminerdi. Seminerinizdeki konu\u015fmac\u0131n\u0131z J\u00fclide G\u00fczel ile tan\u0131\u015fman\u0131z nas\u0131l oldu?\u00a0<br \/>\nN.Y.: J\u00fclide han\u0131mla sosyal medya arac\u0131l\u0131\u011f\u0131yla tan\u0131\u015ft\u0131m. O\u011flu i\u00e7in yapt\u0131\u011f\u0131 payla\u015f\u0131m \u00fczerine kendisini arad\u0131m ve bir araya geldik. Beraber okulla ilgili m\u00fccadelemizi verdik.<br \/>\nDEVAMI YARIN<\/p>\n","protected":false},"excerpt":{"rendered":"<p>OT\u0130ZML\u0130 \u00c7OCUKLARI; \u00d6tekile\u015ftirmeyin! &#8211; Uzakla\u015ft\u0131rmay\u0131n! \u2013 Yaln\u0131zla\u015ft\u0131rmay\u0131n! \u00a0 OT\u0130ZM\u0130 ANNEDEN D\u0130NL\u0130YORUZ&#8230; Ge\u00e7en hafta, Mezitli Kent Konseyi ve Otistik \u00c7ocuklar\u0131 Ya\u015fatma ve Kazanma Derne\u011fi taraf\u0131ndan \u2018Otizmi Anneden Dinliyoruz\u2019 ba\u015fl\u0131kl\u0131 seminer d\u00fczenlendi.\u00a0 &hellip; <a href=\"https:\/\/mersinekonomipolitikagazetesi.com\/?p=5695\" class=\"more-link\">Devam\u0131n\u0131 Oku&#8230;<\/a><\/p>\n","protected":false},"author":1,"featured_media":0,"comment_status":"open","ping_status":"open","sticky":false,"template":"","format":"standard","meta":[],"categories":[],"tags":[],"_links":{"self":[{"href":"https:\/\/mersinekonomipolitikagazetesi.com\/index.php?rest_route=\/wp\/v2\/posts\/5695"}],"collection":[{"href":"https:\/\/mersinekonomipolitikagazetesi.com\/index.php?rest_route=\/wp\/v2\/posts"}],"about":[{"href":"https:\/\/mersinekonomipolitikagazetesi.com\/index.php?rest_route=\/wp\/v2\/types\/post"}],"author":[{"embeddable":true,"href":"https:\/\/mersinekonomipolitikagazetesi.com\/index.php?rest_route=\/wp\/v2\/users\/1"}],"replies":[{"embeddable":true,"href":"https:\/\/mersinekonomipolitikagazetesi.com\/index.php?rest_route=%2Fwp%2Fv2%2Fcomments&post=5695"}],"version-history":[{"count":0,"href":"https:\/\/mersinekonomipolitikagazetesi.com\/index.php?rest_route=\/wp\/v2\/posts\/5695\/revisions"}],"wp:attachment":[{"href":"https:\/\/mersinekonomipolitikagazetesi.com\/index.php?rest_route=%2Fwp%2Fv2%2Fmedia&parent=5695"}],"wp:term":[{"taxonomy":"category","embeddable":true,"href":"https:\/\/mersinekonomipolitikagazetesi.com\/index.php?rest_route=%2Fwp%2Fv2%2Fcategories&post=5695"},{"taxonomy":"post_tag","embeddable":true,"href":"https:\/\/mersinekonomipolitikagazetesi.com\/index.php?rest_route=%2Fwp%2Fv2%2Ftags&post=5695"}],"curies":[{"name":"wp","href":"https:\/\/api.w.org\/{rel}","templated":true}]}}