{"id":5696,"date":"2020-11-04T18:26:08","date_gmt":"2020-11-04T15:26:08","guid":{"rendered":"http:\/\/mersinekonomipolitikagazetesi.com\/?p=5696"},"modified":"2020-11-04T18:26:08","modified_gmt":"2020-11-04T15:26:08","slug":"mersinde-karda-kaybolan-sahsin-cesedine-ulasildi","status":"publish","type":"post","link":"https:\/\/mersinekonomipolitikagazetesi.com\/?p=5696","title":{"rendered":"Mersin&#8217;de karda kaybolan \u015fahs\u0131n cesedine ula\u015f\u0131ld\u0131"},"content":{"rendered":"<p>\u00a0Mersin&#8217;in Erdemli il\u00e7esinde 23 Aral\u0131k tarihinde \u00e7\u0131kt\u0131\u011f\u0131 Toros da\u011flar\u0131n\u0131n 2 bin 200 rak\u0131ml\u0131 Musabozuldu\u011fu Yaylas\u0131nda karda kaybolan Ali Ka\u00e7ar&#8217;\u0131n cesedine ula\u015f\u0131ld\u0131.\u00a0 \u00a0<br \/>\n\u00a0 23 Aral\u0131k 2019 tarihinde 3 arkada\u015f\u0131yla birlikte \u00e7\u0131kt\u0131\u011f\u0131 2 bin 200 rak\u0131ml\u0131 Musabozuldu\u011fu Yaylas\u0131nda kaybolan Ali Ka\u00e7ar&#8217;\u0131n bulunmas\u0131 i\u00e7in jandarma, AFAD, Orman \u0130\u015fletme M\u00fcd\u00fcrl\u00fc\u011f\u00fc ve belediye ekipleri 38 g\u00fcnd\u00fcr arama \u00e7al\u0131\u015fmas\u0131 y\u00fcr\u00fct\u00fcyordu. Ka\u00e7ar&#8217;\u0131n cesedi, jandarma ekiplerince bug\u00fcn kayboldu\u011fu b\u00f6lgede bulundu. Ali Ka\u00e7ar&#8217;\u0131n cesedinin bulundu\u011fu b\u00f6lgede jandarma ekiplerince g\u00fcvenlik \u00f6nlemi al\u0131n\u0131rken, cumhuriyet savc\u0131s\u0131n\u0131n olay yerinde inceleme yapmas\u0131n\u0131n beklendi\u011fi bildirildi.\u00a0<\/p>\n","protected":false},"excerpt":{"rendered":"<p>\u00a0Mersin&#8217;in Erdemli il\u00e7esinde 23 Aral\u0131k tarihinde \u00e7\u0131kt\u0131\u011f\u0131 Toros da\u011flar\u0131n\u0131n 2 bin 200 rak\u0131ml\u0131 Musabozuldu\u011fu Yaylas\u0131nda karda kaybolan Ali Ka\u00e7ar&#8217;\u0131n cesedine ula\u015f\u0131ld\u0131.\u00a0 \u00a0 \u00a0 23 Aral\u0131k 2019 tarihinde 3 arkada\u015f\u0131yla birlikte &hellip; <a href=\"https:\/\/mersinekonomipolitikagazetesi.com\/?p=5696\" class=\"more-link\">Devam\u0131n\u0131 Oku&#8230;<\/a><\/p>\n","protected":false},"author":1,"featured_media":0,"comment_status":"open","ping_status":"open","sticky":false,"template":"","format":"standard","meta":[],"categories":[],"tags":[],"_links":{"self":[{"href":"https:\/\/mersinekonomipolitikagazetesi.com\/index.php?rest_route=\/wp\/v2\/posts\/5696"}],"collection":[{"href":"https:\/\/mersinekonomipolitikagazetesi.com\/index.php?rest_route=\/wp\/v2\/posts"}],"about":[{"href":"https:\/\/mersinekonomipolitikagazetesi.com\/index.php?rest_route=\/wp\/v2\/types\/post"}],"author":[{"embeddable":true,"href":"https:\/\/mersinekonomipolitikagazetesi.com\/index.php?rest_route=\/wp\/v2\/users\/1"}],"replies":[{"embeddable":true,"href":"https:\/\/mersinekonomipolitikagazetesi.com\/index.php?rest_route=%2Fwp%2Fv2%2Fcomments&post=5696"}],"version-history":[{"count":0,"href":"https:\/\/mersinekonomipolitikagazetesi.com\/index.php?rest_route=\/wp\/v2\/posts\/5696\/revisions"}],"wp:attachment":[{"href":"https:\/\/mersinekonomipolitikagazetesi.com\/index.php?rest_route=%2Fwp%2Fv2%2Fmedia&parent=5696"}],"wp:term":[{"taxonomy":"category","embeddable":true,"href":"https:\/\/mersinekonomipolitikagazetesi.com\/index.php?rest_route=%2Fwp%2Fv2%2Fcategories&post=5696"},{"taxonomy":"post_tag","embeddable":true,"href":"https:\/\/mersinekonomipolitikagazetesi.com\/index.php?rest_route=%2Fwp%2Fv2%2Ftags&post=5696"}],"curies":[{"name":"wp","href":"https:\/\/api.w.org\/{rel}","templated":true}]}}