{"id":5697,"date":"2020-11-04T18:26:08","date_gmt":"2020-11-04T15:26:08","guid":{"rendered":"http:\/\/mersinekonomipolitikagazetesi.com\/?p=5697"},"modified":"2020-11-04T18:26:08","modified_gmt":"2020-11-04T15:26:08","slug":"toroslar-belediyesi-bocce-takimi-avrupa-sampiyonlar-liginde","status":"publish","type":"post","link":"https:\/\/mersinekonomipolitikagazetesi.com\/?p=5697","title":{"rendered":"Toroslar Belediyesi Bocce Tak\u0131m\u0131 Avrupa \u015eampiyonlar Liginde"},"content":{"rendered":"<p>\u00a0Toroslar Belediyesi Bocce Tak\u0131m\u0131, \u0130talya&#8217;da yap\u0131lacak Raffa Kul\u00fcpleraras\u0131 \u015eampiyonlar Liginde \u00fclkemizi temsil edecek.\u00a0<br \/>\n\u00a0 Toroslar Belediyesinden yap\u0131lan a\u00e7\u0131klamaya g\u00f6re, Ankara&#8217;da yap\u0131lan Bocce 1. Ligi Raffa Etab\u0131nda, 15 ma\u00e7\u0131n 14\u2019\u00fcnde galip gelerek ilk etab\u0131 birincilikle tamamlayan Toroslar Belediyesi Bocce Tak\u0131m\u0131, ilk kez \u0130talya&#8217;da yap\u0131lacak olan Raffa Kul\u00fcpleraras\u0131 \u015eampiyonlar Liginde T\u00fcrkiye\u2019yi temsil etmeye hak kazand\u0131.\u00a0<br \/>\n\u00a0 Tak\u0131m, bu ba\u015far\u0131s\u0131n\u0131 desteklerini hi\u00e7bir zaman esirgemeyen Toroslar Belediye Ba\u015fkan\u0131 Ats\u0131z Af\u015f\u0131n Y\u0131lmaz\u2019a hediye etti. Tak\u0131m Antren\u00f6r\u00fc Niyazi Kutlay, \u201cSporun ve sporcunun her daim yan\u0131nda olan Ba\u015fkan\u0131m\u0131z Ats\u0131z Af\u015f\u0131n Y\u0131lmaz\u2019a \u00e7ok te\u015fekk\u00fcr ediyoruz. Elde etti\u011fimiz ba\u015far\u0131lar eme\u011fin, disiplinli \u00e7al\u0131\u015fman\u0131n ve \u00f6zverinin eseridir. Tamamen g\u00f6n\u00fclden sevdik ve ba\u015far\u0131y\u0131 yakalad\u0131k. Bu anlay\u0131\u015fla \u00e7al\u0131\u015fmaya devam ederek, daha nice ba\u015far\u0131lar elde edece\u011fimize inan\u0131yoruz\u201d dedi.\u00a0<br \/>\n\u00a0<br \/>\n\u201cBoccede T\u00fcrkiye&#8217;nin en iyisiyiz\u201d\u00a0<br \/>\n\u00a0 Toroslar&#8217;\u0131 bir spor merkezi haline getirmek amac\u0131yla \u00e7al\u0131\u015fmalar yapt\u0131klar\u0131n\u0131 s\u00f6yleyen Ba\u015fkan Y\u0131lmaz da \u201c2-9 Kas\u0131m 2019 tarihleri aras\u0131nda D\u00fcnya B\u00fcy\u00fckler Bocce \u015eampiyonas\u0131 ile D\u00fcnya Kad\u0131nlar Bocce Kupas\u0131na il\u00e7emizde ev sahipli\u011fi yaparak T\u00fcrk sporuna yak\u0131\u015f\u0131r bir organizasyonun alt\u0131na imza att\u0131k. Boccede T\u00fcrkiye&#8217;nin en iyisi oldu\u011fumuzu ba\u015far\u0131l\u0131 sonu\u00e7lara imza atarak g\u00f6sterdik. \u015eimdi de tak\u0131m\u0131m\u0131z, ilk kez \u0130talya&#8217;da yap\u0131lacak olan Raffa Kul\u00fcpleraras\u0131 \u015eampiyonlar Liginde \u00fclkemizi, Toroslar\u0131m\u0131z\u0131 temsil etmeye hak kazand\u0131. Sporcular\u0131m\u0131z\u0131 ve antren\u00f6r\u00fcm\u00fcz\u00fc tebrik eder, ba\u015far\u0131lar\u0131n\u0131n devam\u0131n\u0131 dilerim\u201d ifadelerini kulland\u0131.\u00a0<\/p>\n","protected":false},"excerpt":{"rendered":"<p>\u00a0Toroslar Belediyesi Bocce Tak\u0131m\u0131, \u0130talya&#8217;da yap\u0131lacak Raffa Kul\u00fcpleraras\u0131 \u015eampiyonlar Liginde \u00fclkemizi temsil edecek.\u00a0 \u00a0 Toroslar Belediyesinden yap\u0131lan a\u00e7\u0131klamaya g\u00f6re, Ankara&#8217;da yap\u0131lan Bocce 1. Ligi Raffa Etab\u0131nda, 15 ma\u00e7\u0131n 14\u2019\u00fcnde galip &hellip; <a href=\"https:\/\/mersinekonomipolitikagazetesi.com\/?p=5697\" class=\"more-link\">Devam\u0131n\u0131 Oku&#8230;<\/a><\/p>\n","protected":false},"author":1,"featured_media":0,"comment_status":"open","ping_status":"open","sticky":false,"template":"","format":"standard","meta":[],"categories":[],"tags":[],"_links":{"self":[{"href":"https:\/\/mersinekonomipolitikagazetesi.com\/index.php?rest_route=\/wp\/v2\/posts\/5697"}],"collection":[{"href":"https:\/\/mersinekonomipolitikagazetesi.com\/index.php?rest_route=\/wp\/v2\/posts"}],"about":[{"href":"https:\/\/mersinekonomipolitikagazetesi.com\/index.php?rest_route=\/wp\/v2\/types\/post"}],"author":[{"embeddable":true,"href":"https:\/\/mersinekonomipolitikagazetesi.com\/index.php?rest_route=\/wp\/v2\/users\/1"}],"replies":[{"embeddable":true,"href":"https:\/\/mersinekonomipolitikagazetesi.com\/index.php?rest_route=%2Fwp%2Fv2%2Fcomments&post=5697"}],"version-history":[{"count":0,"href":"https:\/\/mersinekonomipolitikagazetesi.com\/index.php?rest_route=\/wp\/v2\/posts\/5697\/revisions"}],"wp:attachment":[{"href":"https:\/\/mersinekonomipolitikagazetesi.com\/index.php?rest_route=%2Fwp%2Fv2%2Fmedia&parent=5697"}],"wp:term":[{"taxonomy":"category","embeddable":true,"href":"https:\/\/mersinekonomipolitikagazetesi.com\/index.php?rest_route=%2Fwp%2Fv2%2Fcategories&post=5697"},{"taxonomy":"post_tag","embeddable":true,"href":"https:\/\/mersinekonomipolitikagazetesi.com\/index.php?rest_route=%2Fwp%2Fv2%2Ftags&post=5697"}],"curies":[{"name":"wp","href":"https:\/\/api.w.org\/{rel}","templated":true}]}}