{"id":5698,"date":"2020-11-04T18:26:08","date_gmt":"2020-11-04T15:26:08","guid":{"rendered":"http:\/\/mersinekonomipolitikagazetesi.com\/?p=5698"},"modified":"2020-11-04T18:26:08","modified_gmt":"2020-11-04T15:26:08","slug":"ertugrul-firkateyninin-130-yili-anma-etkinlikleri-mersinde-yapilacak","status":"publish","type":"post","link":"https:\/\/mersinekonomipolitikagazetesi.com\/?p=5698","title":{"rendered":"Ertu\u011frul F\u0131rkateyni&#8217;nin 130. y\u0131l\u0131 anma etkinlikleri Mersin&#8217;de yap\u0131lacak"},"content":{"rendered":"<p>Japonya\u2019n\u0131n Kushimoto kenti a\u00e7\u0131klar\u0131nda 1890\u2019da kayal\u0131klara \u00e7arparak batan Ertu\u011frul F\u0131rkateyni\u2019nde hayat\u0131n\u0131 kaybeden 587 T\u00fcrk denizci, \u015fehit olu\u015flar\u0131n\u0131n 130. y\u0131l\u0131nda Mersin\u2019de d\u00fczenlenecek t\u00f6renle an\u0131lacak.\u00a0<br \/>\n\u00a0 Bu kapsamda etkinlik koordinasyon toplant\u0131s\u0131 i\u00e7in kente gelen Japonya heyetini makamda a\u011f\u0131rlayan Mersin B\u00fcy\u00fck\u015fehir Belediyesi Ba\u015fkan Vekili G\u00fclcan K\u0131\u015f, Japonya ile ili\u015fkilere ciddi anlamda de\u011fer verdiklerini belirterek, B\u00fcy\u00fck\u015fehir Belediyesi olarak etkinli\u011fe gereken her t\u00fcrl\u00fc deste\u011fi vereceklerini s\u00f6yledi. Ger\u00e7ekle\u015ftirilen ziyarete, Ankara Japonya B\u00fcy\u00fckel\u00e7ili\u011fi Savunma Ata\u015fesi Dz. Alb. Ryo Kumai, JMSDF E\u011fitim Filosu Kurmay Ba\u015fkan\u0131 Dz. Alb. Hiroaki Takeshima, JMSDF E\u011fitim Filosu idari i\u015fler g\u00f6revlisi Yb. Hiroki Sunagawa ile Mersin B\u00fcy\u00fck\u015fehir Belediyesi Genel Sekreter Vekili Olcay Tok kat\u0131ld\u0131. Konuklar\u0131 a\u011f\u0131rlamaktan mutluluk duydu\u011funu belirten K\u0131\u015f, &#8220;Ziyaretinizi \u00f6nemsiyoruz, \u00e7ok \u00f6nemli. Biliyorsunuz Japonya ile ili\u015fkilerimize ciddi anlamda de\u011fer veriyoruz. Japonlar ve T\u00fcrkler, biri Asya\u2019n\u0131n en do\u011fusunda, di\u011feri en bat\u0131 ucunda \u00f6zg\u00fcn k\u00fclt\u00fcrel miraslar\u0131n\u0131 g\u00fcn\u00fcm\u00fcze kadar korumu\u015f, Asya medeniyetini kucaklayan iki b\u00fcy\u00fck millettir. Bunun \u00f6tesinde, Kushimoto Soka\u011f\u0131m\u0131z var. Ertu\u011frul F\u0131rkateyni\u2019nin an\u0131s\u0131na yapm\u0131\u015f oldu\u011funuz etkinlikleri de \u00e7ok iyi biliyoruz. Bu dostlu\u011fun geli\u015fmesi y\u00f6n\u00fcnde elbette ki yapaca\u011f\u0131n\u0131z etkinlikte \u00fczerimize d\u00fc\u015fen k\u0131sm\u0131yla yard\u0131mc\u0131 olmaya \u00e7al\u0131\u015faca\u011f\u0131z. Ne istedi\u011finizi, taleplerinizi iletirseniz, Belediye b\u00fcnyesinde, imkanlar\u0131m\u0131z do\u011frultusunda biz de bu etkinlikte size destek olmak isteriz. Kushimoto\u2019da Ertu\u011frul F\u0131rkateyni An\u0131t\u0131 var. Her ay d\u00fczenli olarak Belediye Ba\u015fkan\u0131 taraf\u0131ndan ziyaret ediliyor. Onun devam\u0131nda \u00f6\u011frencilerin haftal\u0131k ve ayl\u0131k d\u00fczenli olarak gidip oralar\u0131 ziyaret etmesi, temizlemelerini biz T\u00fcrkler olarak \u00f6nemsiyoruz ve \u00e7ok k\u0131ymetli buluyoruz\u201d diye konu\u015ftu.\u00a0<br \/>\n\u00a0 Mersin\u2019de bulunan Kushimoto Soka\u011f\u0131ndan da bahseden K\u0131\u015f, &#8220;Bu sokak Mersin\u2019de \u00f6zellikle tercih edilen kafelerin, restoranlar\u0131n ve k\u00fclt\u00fcrel etkinliklerin yap\u0131ld\u0131\u011f\u0131 bir sokak. Her y\u0131l d\u00fczenli olarak anma t\u00f6renlerinde o soka\u011f\u0131m\u0131zda etkinlikler d\u00fczenliyoruz ve halk\u0131n kat\u0131l\u0131m\u0131n\u0131 sa\u011fl\u0131yoruz. Bu konuyu her y\u0131l canl\u0131 tutarak, ciddi anlamda anma t\u00f6renlerimizi ve desteklerimizi s\u00fcrd\u00fcr\u00fcyoruz. Kushimoto biliyorsunuz hem B\u00fcy\u00fck\u015fehir\u2019de karde\u015f kentimiz, hem de Yeni\u015fehir il\u00e7e belediyemizin karde\u015f kenti. O y\u00fczden \u00e7ok \u00f6nemsiyoruz. Japonya ile T\u00fcrklerin k\u00fclt\u00fcrel etkinliklerinin kayna\u015fmas\u0131 ve bu ili\u015fkinin uzun s\u00fcre devam edebilmesi i\u00e7in karde\u015f \u015fehir etkinliklerine ve \u00e7al\u0131\u015fmalar\u0131na da \u00e7ok b\u00fcy\u00fck \u00f6nem ve destek veriyoruz&#8221; \u015feklinde konu\u015ftu.\u00a0<br \/>\n\u00a0 Konu\u015fmalar\u0131n ard\u0131ndan K\u0131\u015f, Japon heyetine cam nazar boncu hediye etti.\u00a0<\/p>\n","protected":false},"excerpt":{"rendered":"<p>Japonya\u2019n\u0131n Kushimoto kenti a\u00e7\u0131klar\u0131nda 1890\u2019da kayal\u0131klara \u00e7arparak batan Ertu\u011frul F\u0131rkateyni\u2019nde hayat\u0131n\u0131 kaybeden 587 T\u00fcrk denizci, \u015fehit olu\u015flar\u0131n\u0131n 130. y\u0131l\u0131nda Mersin\u2019de d\u00fczenlenecek t\u00f6renle an\u0131lacak.\u00a0 \u00a0 Bu kapsamda etkinlik koordinasyon toplant\u0131s\u0131 i\u00e7in &hellip; <a href=\"https:\/\/mersinekonomipolitikagazetesi.com\/?p=5698\" class=\"more-link\">Devam\u0131n\u0131 Oku&#8230;<\/a><\/p>\n","protected":false},"author":1,"featured_media":0,"comment_status":"open","ping_status":"open","sticky":false,"template":"","format":"standard","meta":[],"categories":[],"tags":[],"_links":{"self":[{"href":"https:\/\/mersinekonomipolitikagazetesi.com\/index.php?rest_route=\/wp\/v2\/posts\/5698"}],"collection":[{"href":"https:\/\/mersinekonomipolitikagazetesi.com\/index.php?rest_route=\/wp\/v2\/posts"}],"about":[{"href":"https:\/\/mersinekonomipolitikagazetesi.com\/index.php?rest_route=\/wp\/v2\/types\/post"}],"author":[{"embeddable":true,"href":"https:\/\/mersinekonomipolitikagazetesi.com\/index.php?rest_route=\/wp\/v2\/users\/1"}],"replies":[{"embeddable":true,"href":"https:\/\/mersinekonomipolitikagazetesi.com\/index.php?rest_route=%2Fwp%2Fv2%2Fcomments&post=5698"}],"version-history":[{"count":0,"href":"https:\/\/mersinekonomipolitikagazetesi.com\/index.php?rest_route=\/wp\/v2\/posts\/5698\/revisions"}],"wp:attachment":[{"href":"https:\/\/mersinekonomipolitikagazetesi.com\/index.php?rest_route=%2Fwp%2Fv2%2Fmedia&parent=5698"}],"wp:term":[{"taxonomy":"category","embeddable":true,"href":"https:\/\/mersinekonomipolitikagazetesi.com\/index.php?rest_route=%2Fwp%2Fv2%2Fcategories&post=5698"},{"taxonomy":"post_tag","embeddable":true,"href":"https:\/\/mersinekonomipolitikagazetesi.com\/index.php?rest_route=%2Fwp%2Fv2%2Ftags&post=5698"}],"curies":[{"name":"wp","href":"https:\/\/api.w.org\/{rel}","templated":true}]}}