{"id":5714,"date":"2020-11-04T18:26:09","date_gmt":"2020-11-04T15:26:09","guid":{"rendered":"http:\/\/mersinekonomipolitikagazetesi.com\/?p=5714"},"modified":"2020-11-04T18:26:09","modified_gmt":"2020-11-04T15:26:09","slug":"emittte-mersin-ruzgari-esti","status":"publish","type":"post","link":"https:\/\/mersinekonomipolitikagazetesi.com\/?p=5714","title":{"rendered":"EMITT\u2019te Mersin r\u00fczgar\u0131 esti"},"content":{"rendered":"<p>Mersin B\u00fcy\u00fck\u015fehir Belediyesi, d\u00fcnyan\u0131n en \u00f6nemli turizm fuarlar\u0131 aras\u0131nda yer alan ve bu y\u0131l 24.&#8217;s\u00fc d\u00fczenlenen Do\u011fu Akdeniz Uluslararas\u0131 Turizm ve Seyahat Fuar\u0131\u2019nda (EMITT) yerini ald\u0131. Farkl\u0131 stant tasar\u0131m\u0131 ve teknolojik alt yap\u0131s\u0131 ile \u00f6ne \u00e7\u0131kan Mersin B\u00fcy\u00fck\u015fehir Belediyesi fuara, Tarsus, Silifke, Erdemli ve Mut il\u00e7eleri ile birlikte kat\u0131ld\u0131.\u00a0 \u00a0<br \/>\n\u00a0 Mersin B\u00fcy\u00fck\u015fehir Belediyesi, bu y\u0131l EMITT&#8217;te &#8216;zarafetin kenti\u201d slogan\u0131yla yerini ald\u0131. Balerinler ve baletlerin g\u00f6sterileriyle Mersin\u2019in tarihi ve sanat\u0131 dans\u0131n esteti\u011fiyle bulu\u015ftu. Klasik m\u00fczik triosu e\u015fli\u011finde gen\u00e7 balerinler ve baletler fuarda g\u00f6sterilerini yaparken, sanatsal \u015fov ziyaret\u00e7ilerden b\u00fcy\u00fck ilgi \u00e7ekti.\u00a0<br \/>\n\u00a0 &#8216;Kentin zarafeti projesi&#8217; kapsam\u0131nda yap\u0131lan g\u00f6steride de do\u011fal g\u00fczellikleri, tarihi buluntular\u0131 ve kent yap\u0131lar\u0131, liman\u0131yla \u00e7ok zengin bir \u015fehir olan Mersin\u2019de, de\u011fi\u015fen ve modernle\u015fen kent imaj\u0131n\u0131 \u00e7izmek, modern Mersin\u2019in sanata, tarihe, do\u011faya, kente ve kent ya\u015fam\u0131na \u00f6nem veren bir il oldu\u011funu anlatmak i\u00e7in g\u00f6steri yap\u0131ld\u0131. Stantlarda, Mersin\u2019e \u00f6zg\u00fc lezzetler de yerini ald\u0131.\u00a0<br \/>\n\u00a0 VR Mersin g\u00f6z doldurdu\u00a0<br \/>\n\u00a0 Mersin\u2019in tarihi ve do\u011fal g\u00fczelliklerinin sanal tur y\u00f6ntemi ile 360 derece tan\u0131t\u0131m\u0131n\u0131n yap\u0131ld\u0131\u011f\u0131 &#8216;VR Mersin&#8217;, ziyaret\u00e7ileri kentin do\u011fal g\u00fczellikleri ve tarihi yerlerinde gezintiye \u00e7\u0131kararak, farkl\u0131 bir deneyim ya\u015fatt\u0131. Ziyaret\u00e7iler proje kapsam\u0131nda il genelinde 350\u2019ye yak\u0131n noktada hava-kara, gece-g\u00fcnd\u00fcz \u00e7ekimlerinin yer ald\u0131\u011f\u0131 ve yakla\u015f\u0131k toplam 2 bin 500 adet panoramik foto\u011fraf\u0131n bulundu\u011fu &#8216;VR Mersin&#8217; ile kentin sahip oldu\u011fu tarihi, do\u011fal ve k\u00fclt\u00fcrel de\u011ferlere g\u00f6z atma f\u0131rsat\u0131 buldu.\u00a0<br \/>\n\u00a0 Ulusal ve uluslararas\u0131 8 \u00f6d\u00fcle sahip olan ve en son ge\u00e7ti\u011fimiz y\u0131l \u0130stanbul Uluslararas\u0131 Turizm Filmleri Festivali\u2019nde &#8216;K\u00fclt\u00fcr ve destinasyon&#8217; dal\u0131nda en iyi film se\u00e7ilen VR Mersin, EMITT\u2019te g\u00f6z doldurdu, yerli ve yabanc\u0131 ziyaret\u00e7ilerin u\u011frak adresi oldu.\u00a0<br \/>\n\u00a0 &#8220;Mersin, turizmde bekledi\u011fini bulamad\u0131&#8221;\u00a0<br \/>\n\u00a0 Mersin B\u00fcy\u00fck\u015fehir Belediye Ba\u015fkan\u0131 Vahap Se\u00e7er de ziyaret\u00e7ilere Mersin\u2019i tan\u0131tt\u0131. Mersin\u2019in turizmde bekledi\u011fini bulamad\u0131\u011f\u0131na dikkat \u00e7eken Se\u00e7er, \u201cBu konuda yaram\u0131z derin a\u00e7\u0131k\u00e7as\u0131. Antalya\u2019y\u0131 10 milyonun \u00fczerinde turistin ziyaret etti\u011fi, Kapadokya b\u00f6lgesini 4 milyon turistin ziyaret etti\u011fi bir s\u00fcre\u00e7te Mersin,100 bin turist taraf\u0131ndan dahi ziyaret edilemiyor. Bizim i\u00e7in \u00fcz\u00fcnt\u00fc verici bir tablo. Dolay\u0131s\u0131yla kenti tan\u0131tmam\u0131z laz\u0131m. Bunun bir de\u011fil birden \u00e7ok gerek\u00e7eleri var. Birincisi yap\u0131sal sorunlar\u0131 var. Turizme y\u00f6nelik bir tak\u0131m altyap\u0131 \u00e7al\u0131\u015fmalar\u0131n\u0131n olmas\u0131 laz\u0131m. Orada turistin kalaca\u011f\u0131 otelden gezece\u011fi alanlar\u0131n tanzimine kadar bir\u00e7ok d\u00fczenleme yap\u0131lmas\u0131 laz\u0131m. \u0130\u015fin a\u00e7\u0131k\u00e7as\u0131 el at\u0131lmas\u0131 laz\u0131m. Tabi bu bir ba\u015f\u0131na yerel y\u00f6netimlerin ba\u015farabilece\u011fi bir durum de\u011fil ama \u00f6nemli katk\u0131lar yapabiliriz. Burada merkezi y\u00f6netimin bir irade ortaya koymas\u0131 laz\u0131m.Turizm yat\u0131r\u0131mlar\u0131 y\u00fcksek olan bir sekt\u00f6rd\u00fcr. Dolay\u0131s\u0131yla te\u015fviklerin bizim b\u00f6lgeye sa\u011flanmas\u0131, baz\u0131 yat\u0131r\u0131mlar\u0131n gelmesi gerekiyor. Uluslararas\u0131 havaalan\u0131 yat\u0131r\u0131m\u0131 var in\u015faat\u0131 uzun s\u00fcredir devam ediyor bitirilemedi, Ta\u015fucu ile Gazipa\u015fa aras\u0131nda sahil yolu projesi var, bunlar\u0131n tamamlanmas\u0131 son derece \u00f6nemli katk\u0131lar yapacak&#8221; dedi.\u00a0<br \/>\n\u00a0 \u201cBu tip organizasyonlar ve fuarlar kentimizin tan\u0131t\u0131m\u0131na \u00f6nemli katk\u0131lar yap\u0131yor\u201d\u00a0<br \/>\n\u00a0 2020 y\u0131l\u0131 i\u00e7erisinde temeli at\u0131lmas\u0131 planlanan metro projesiyle ilgili de a\u00e7\u0131klamalarda bulunan Se\u00e7er, projeyi Mersin\u2019in marka kent olmas\u0131 yolunda \u00f6nemli bir ad\u0131m olarak de\u011ferlendirdi. Mersin\u2019in tan\u0131t\u0131m\u0131n\u0131n \u00f6nemine dikkat \u00e7eken Se\u00e7er, \u201cHem T\u00fcrkiye\u2019de hem d\u00fcnyada Mersin\u2019i tan\u0131tmak gerekiyor. Turistin ni\u00e7in geldi\u011fini bilmesi laz\u0131m. \u00d6rne\u011fin Hristiyan d\u00fcnyas\u0131n\u0131n \u00f6nemli sembollerinden biri St. Paul\u2019un Tarsus\u2019ta oldu\u011funu bilmeyen milyonlarca Hristiyan var. Dolay\u0131s\u0131yla\u00a0 inan\u00e7 d\u00fcnyas\u0131nda s\u00f6z sahibi olmak istiyorsan\u0131z, bunu d\u00fcnyaya tan\u0131tmal\u0131s\u0131n\u0131z. Bir\u00e7ok medeniyete, semavi dinlere, inan\u00e7 gruplar\u0131na, imparatorluklara ev sahipli\u011fi yapm\u0131\u015f topraklar \u00fczerinde ya\u015f\u0131yoruz. Bunlar\u0131 anlatmak laz\u0131m. Oras\u0131n\u0131n Kleopatra\u2019n\u0131n ziyaret etti\u011fi bir yer oldu\u011funun bilinmesi gerekiyor. Yada Romal\u0131lar\u2019\u0131n y\u00f6netimi alt\u0131nda tuttu\u011fu topraklar oldu\u011funu, orada Sel\u00e7uklu ve Osmanl\u0131 imparatorluklar\u0131n\u0131n \u00f6nemli de\u011ferlerinin oldu\u011funu, ulusal kurtulu\u015f m\u00fccadelemizin \u00e7ok \u00f6nemli noktalar\u0131ndan bir tanesi oldu\u011funu tan\u0131tmak laz\u0131m. Yerli veya yabanc\u0131 turistin Mersin\u2019e gelmek i\u00e7in bir gerek\u00e7esi olmal\u0131. Bu tip organizasyonlar ve fuarlarda kentimizin tan\u0131t\u0131m\u0131na \u00f6nemli katk\u0131lar yap\u0131yor&#8221; ifadelerini kulland\u0131.\u00a0<br \/>\n\u00a0 B\u00fcy\u00fck\u015fehir Belediyesi stand\u0131nda il\u00e7elerinde temsil edildi\u011fini ifade eden Se\u00e7er, il\u00e7elere \u00f6zg\u00fc tarihi turistik ve gastronomik \u00f6zelliklerinde tan\u0131t\u0131ld\u0131\u011f\u0131n\u0131 belirtti.\u00a0<\/p>\n","protected":false},"excerpt":{"rendered":"<p>Mersin B\u00fcy\u00fck\u015fehir Belediyesi, d\u00fcnyan\u0131n en \u00f6nemli turizm fuarlar\u0131 aras\u0131nda yer alan ve bu y\u0131l 24.&#8217;s\u00fc d\u00fczenlenen Do\u011fu Akdeniz Uluslararas\u0131 Turizm ve Seyahat Fuar\u0131\u2019nda (EMITT) yerini ald\u0131. Farkl\u0131 stant tasar\u0131m\u0131 ve &hellip; <a href=\"https:\/\/mersinekonomipolitikagazetesi.com\/?p=5714\" class=\"more-link\">Devam\u0131n\u0131 Oku&#8230;<\/a><\/p>\n","protected":false},"author":1,"featured_media":0,"comment_status":"open","ping_status":"open","sticky":false,"template":"","format":"standard","meta":[],"categories":[],"tags":[],"_links":{"self":[{"href":"https:\/\/mersinekonomipolitikagazetesi.com\/index.php?rest_route=\/wp\/v2\/posts\/5714"}],"collection":[{"href":"https:\/\/mersinekonomipolitikagazetesi.com\/index.php?rest_route=\/wp\/v2\/posts"}],"about":[{"href":"https:\/\/mersinekonomipolitikagazetesi.com\/index.php?rest_route=\/wp\/v2\/types\/post"}],"author":[{"embeddable":true,"href":"https:\/\/mersinekonomipolitikagazetesi.com\/index.php?rest_route=\/wp\/v2\/users\/1"}],"replies":[{"embeddable":true,"href":"https:\/\/mersinekonomipolitikagazetesi.com\/index.php?rest_route=%2Fwp%2Fv2%2Fcomments&post=5714"}],"version-history":[{"count":0,"href":"https:\/\/mersinekonomipolitikagazetesi.com\/index.php?rest_route=\/wp\/v2\/posts\/5714\/revisions"}],"wp:attachment":[{"href":"https:\/\/mersinekonomipolitikagazetesi.com\/index.php?rest_route=%2Fwp%2Fv2%2Fmedia&parent=5714"}],"wp:term":[{"taxonomy":"category","embeddable":true,"href":"https:\/\/mersinekonomipolitikagazetesi.com\/index.php?rest_route=%2Fwp%2Fv2%2Fcategories&post=5714"},{"taxonomy":"post_tag","embeddable":true,"href":"https:\/\/mersinekonomipolitikagazetesi.com\/index.php?rest_route=%2Fwp%2Fv2%2Ftags&post=5714"}],"curies":[{"name":"wp","href":"https:\/\/api.w.org\/{rel}","templated":true}]}}