{"id":5715,"date":"2020-11-04T18:26:09","date_gmt":"2020-11-04T15:26:09","guid":{"rendered":"http:\/\/mersinekonomipolitikagazetesi.com\/?p=5715"},"modified":"2020-11-04T18:26:09","modified_gmt":"2020-11-04T15:26:09","slug":"tarsus-idman-yurdunda-hedef-yilport-samsunspor-galibiyeti","status":"publish","type":"post","link":"https:\/\/mersinekonomipolitikagazetesi.com\/?p=5715","title":{"rendered":"Tarsus \u0130dman Yurdu\u2019nda hedef Y\u0131lport Samsunspor galibiyeti"},"content":{"rendered":"<p><span style=\"font-family: sans-serif; font-size: 14px; text-align: justify; background-color: rgb(242, 244, 245);\">TFF 2. Lig Beyaz Grup ekiplerinden Tarsus \u0130dman Yurdu Y\u00f6netim Kurulu Ba\u015fkan\u0131 Dr. Musa Atay, yeni bir y\u00f6netim olarak t\u00fcm ma\u00e7lar\u0131n\u0131 karnaval havas\u0131nda oynamay\u0131 hedeflediklerini s\u00f6yledi.<\/span><br style=\"box-sizing: border-box; font-family: sans-serif; font-size: 14px; text-align: justify; background-color: rgb(242, 244, 245);\" \/><br \/>\n<span style=\"font-family: sans-serif; font-size: 14px; text-align: justify; background-color: rgb(242, 244, 245);\">Burhanettin Kocamaz Stad\u0131nda yap\u0131lan bas\u0131n toplant\u0131s\u0131nda pazar g\u00fcn\u00fc oynayacaklar\u0131 grup Lideri Y\u0131lport Samsunspor ma\u00e7\u0131nda stada gelen taraftarlar\u0131m\u0131za iyi bir oyun izlettirip puanlar almay\u0131 hedeflediklerini bildirdi.<\/span><br style=\"box-sizing: border-box; font-family: sans-serif; font-size: 14px; text-align: justify; background-color: rgb(242, 244, 245);\" \/><br \/>\n<span style=\"font-family: sans-serif; font-size: 14px; text-align: justify; background-color: rgb(242, 244, 245);\">Atay, ligin 2. yar\u0131s\u0131nda oynad\u0131klar\u0131 Hekimo\u011flu Trabzon ve Sar\u0131yerspor ma\u00e7lar\u0131n\u0131 iyi oynamalar\u0131na ra\u011fmen kazanamad\u0131klar\u0131 i\u00e7in \u00fczg\u00fcn olduklar\u0131n\u0131 belirtti.<\/span><br style=\"box-sizing: border-box; font-family: sans-serif; font-size: 14px; text-align: justify; background-color: rgb(242, 244, 245);\" \/><br \/>\n<span style=\"font-family: sans-serif; font-size: 14px; text-align: justify; background-color: rgb(242, 244, 245);\">\u0130\u00e7 sahada ise \u015eanl\u0131urfa Spor ma\u00e7\u0131n\u0131 kazanarak moral bulduklar\u0131n\u0131 kaydeden Ba\u015fkan Atay, Y\u0131lport Samsunspor ma\u00e7\u0131n\u0131 kazanarak, Tarsus \u0130dman Yurdu&#8217;nu ilk 5 i\u00e7erisine atmak istediklerini dile getirdi.<\/span><br style=\"box-sizing: border-box; font-family: sans-serif; font-size: 14px; text-align: justify; background-color: rgb(242, 244, 245);\" \/><br \/>\n<span style=\"font-family: sans-serif; font-size: 14px; text-align: justify; background-color: rgb(242, 244, 245);\">Tarsus \u0130dman Yurdu Teknik Direkt\u00f6r\u00fc Erg\u00fcn Penbe, pazar g\u00fcn\u00fc oynayacaklar\u0131 Y\u0131lport Samsunspor ma\u00e7\u0131n\u0131 kazanacak g\u00fc\u00e7te olduklar\u0131n\u0131 s\u00f6yledi.<\/span><br style=\"box-sizing: border-box; font-family: sans-serif; font-size: 14px; text-align: justify; background-color: rgb(242, 244, 245);\" \/><br \/>\n<span style=\"font-family: sans-serif; font-size: 14px; text-align: justify; background-color: rgb(242, 244, 245);\">Oyuncular\u0131na g\u00fcvendiklerini belirten Teknik Patron Penbe, &#8220;Y\u0131lport Samsunspor ma\u00e7\u0131n\u0131n ilk yar\u0131s\u0131nda deplasmanda oynad\u0131\u011f\u0131m\u0131z ma\u00e7\u0131 iyi bir futbol ortaya koymam\u0131za ra\u011fmen kaybettik. Pazar g\u00fcn\u00fc konuk edece\u011fimiz Rakibimizi yenecek g\u00fcce sahibiz. \u0130yi bir futbol ile sahada galibiyet ayr\u0131laca\u011f\u0131m\u0131za inan\u0131yorum\u201d dedi.<\/span><\/p>\n","protected":false},"excerpt":{"rendered":"<p>TFF 2. Lig Beyaz Grup ekiplerinden Tarsus \u0130dman Yurdu Y\u00f6netim Kurulu Ba\u015fkan\u0131 Dr. Musa Atay, yeni bir y\u00f6netim olarak t\u00fcm ma\u00e7lar\u0131n\u0131 karnaval havas\u0131nda oynamay\u0131 hedeflediklerini s\u00f6yledi. Burhanettin Kocamaz Stad\u0131nda yap\u0131lan &hellip; <a href=\"https:\/\/mersinekonomipolitikagazetesi.com\/?p=5715\" class=\"more-link\">Devam\u0131n\u0131 Oku&#8230;<\/a><\/p>\n","protected":false},"author":1,"featured_media":0,"comment_status":"open","ping_status":"open","sticky":false,"template":"","format":"standard","meta":[],"categories":[],"tags":[],"_links":{"self":[{"href":"https:\/\/mersinekonomipolitikagazetesi.com\/index.php?rest_route=\/wp\/v2\/posts\/5715"}],"collection":[{"href":"https:\/\/mersinekonomipolitikagazetesi.com\/index.php?rest_route=\/wp\/v2\/posts"}],"about":[{"href":"https:\/\/mersinekonomipolitikagazetesi.com\/index.php?rest_route=\/wp\/v2\/types\/post"}],"author":[{"embeddable":true,"href":"https:\/\/mersinekonomipolitikagazetesi.com\/index.php?rest_route=\/wp\/v2\/users\/1"}],"replies":[{"embeddable":true,"href":"https:\/\/mersinekonomipolitikagazetesi.com\/index.php?rest_route=%2Fwp%2Fv2%2Fcomments&post=5715"}],"version-history":[{"count":0,"href":"https:\/\/mersinekonomipolitikagazetesi.com\/index.php?rest_route=\/wp\/v2\/posts\/5715\/revisions"}],"wp:attachment":[{"href":"https:\/\/mersinekonomipolitikagazetesi.com\/index.php?rest_route=%2Fwp%2Fv2%2Fmedia&parent=5715"}],"wp:term":[{"taxonomy":"category","embeddable":true,"href":"https:\/\/mersinekonomipolitikagazetesi.com\/index.php?rest_route=%2Fwp%2Fv2%2Fcategories&post=5715"},{"taxonomy":"post_tag","embeddable":true,"href":"https:\/\/mersinekonomipolitikagazetesi.com\/index.php?rest_route=%2Fwp%2Fv2%2Ftags&post=5715"}],"curies":[{"name":"wp","href":"https:\/\/api.w.org\/{rel}","templated":true}]}}