{"id":5716,"date":"2020-11-04T18:26:09","date_gmt":"2020-11-04T15:26:09","guid":{"rendered":"http:\/\/mersinekonomipolitikagazetesi.com\/?p=5716"},"modified":"2020-11-04T18:26:09","modified_gmt":"2020-11-04T15:26:09","slug":"mersinde-firtina-yikti-gecti","status":"publish","type":"post","link":"https:\/\/mersinekonomipolitikagazetesi.com\/?p=5716","title":{"rendered":"Mersin&#8217;de f\u0131rt\u0131na y\u0131kt\u0131 ge\u00e7ti"},"content":{"rendered":"<p>Mersin&#8217;in Erdemli il\u00e7esinde etkili olan \u015fiddetli f\u0131rt\u0131na tar\u0131m alanlar\u0131nda hasara yol a\u00e7t\u0131. Domates ve muz seralar\u0131n\u0131n naylonlar\u0131 u\u00e7tu, fideler k\u0131r\u0131ld\u0131, a\u011fa\u00e7lar g\u00f6\u00e7t\u00fc, a\u011f\u0131llarda hasarlar olu\u015ftu. \u0130l\u00e7e merkezindeki m\u00fcstakil bir evin \u00e7at\u0131s\u0131 u\u00e7tu, yolcu duraklar\u0131 devrildi. Yayla k\u00f6ylerine sefer yapan dolmu\u015flar\u0131n bulundu\u011fu kapal\u0131 garaj devrildi. Can kayb\u0131 ya\u015fanmazken, maddi hasarlar meydana geldi.\u00a0 \u00a0<br \/>\n\u00a0 Erdemli Ziraat Odas\u0131 Ba\u015fkan\u0131 Rasim \u015eahin hasarl\u0131 seralarda incelemelerde bulundu.\u00a0<br \/>\n\u00a0 \u0130l\u00e7ede \u015fiddetli f\u0131rt\u0131nan\u0131n etkili oldu\u011funu belirten \u015eahin, &#8220;Yakla\u015f\u0131k gece saat 03.00 itibariyle f\u0131rt\u0131na ba\u015flad\u0131. Erdemli&#8217;de seralara hasar verdi. \u00c7ift\u00e7ilerimizden gelen ihbarlar \u00fczerine seralar\u0131n kimisini k\u00f6k\u00fcnden s\u00f6km\u00fc\u015f, kimsinin naylonlar\u0131n\u0131 atm\u0131\u015f, kimisinin \u00e7at\u0131lar\u0131n\u0131 \u00e7\u00f6kertmi\u015f durumda. \u015eu anda yine f\u0131rt\u0131na ba\u015flad\u0131. Hasar\u0131m\u0131z \u00e7ok. Allah&#8217;tan geldi. G\u00f6rd\u00fc\u011f\u00fcn\u00fcz gibi seralar\u0131n \u00fczerini hep att\u0131, baz\u0131 seralar\u0131m\u0131z\u0131 yerle bir etti. \u00c7o\u011funu da k\u00f6k\u00fcnden s\u00f6kt\u00fc&#8221; dedi.\u00a0<br \/>\n\u00a0 Seras\u0131n\u0131n \u00fczeri y\u0131rt\u0131lan Ahmet Do\u011fru da, &#8220;Gece \u00e7\u0131kan f\u0131rt\u0131na dolay\u0131s\u0131yla seralar\u0131n \u00fczerini g\u00f6rd\u00fc\u011f\u00fcn\u00fcz gibi hep r\u00fczgar ald\u0131. Zarar\u0131m\u0131z b\u00fcy\u00fck. Fidelerimiz \u00f6ld\u00fc, fidelerimizin hepsi k\u0131r\u0131k. Zarar\u0131m\u0131z \u00e7ok b\u00fcy\u00fck&#8221; diye konu\u015ftu.\u00a0<br \/>\n\u00a0<br \/>\n\u00a0 Evin \u00e7at\u0131s\u0131 u\u00e7tu\u00a0<br \/>\n\u00a0 Sabah \u015fiddetlenen f\u0131rt\u0131na dolay\u0131s\u0131yla evinin \u00e7at\u0131s\u0131 u\u00e7an Erdo\u011fan Fidan da ya\u015fad\u0131klar\u0131n\u0131 anlatt\u0131.\u00a0<br \/>\n\u00a0 Ailesinin son anda evden \u00e7\u0131kt\u0131\u011f\u0131n\u0131 s\u00f6yleyen Fidan, &#8220;R\u00fczgar \u015fiddetini artt\u0131rd\u0131k\u00e7a, gece \u00e7at\u0131y\u0131 oynatt\u0131. Sonra kuvvetli bir esinti geldi. Ald\u0131\u011f\u0131 gibi \u00e7at\u0131y\u0131 atmaya ba\u015flay\u0131nca, ben takip ediyordum, \u00e7ocuklara seslendim \u00e7\u0131k\u0131n diye. O anda kap\u0131n\u0131n \u00f6n\u00fcnde yakaland\u0131lar. Ama \u00e7ocuklara bir zarar vermeden kurtard\u0131k&#8221; \u015feklinde konu\u015ftu\u00a0<br \/>\n\u00a0 \u00d6te yandan, il\u00e7e merkezinde bulunan ve yaylaya yolcu ta\u015f\u0131yan minib\u00fcslerin park halinde durdu\u011fu garaj da devrildi. \u015eans eseri kimsenin olmad\u0131\u011f\u0131 s\u0131rada devrilen garajda maddi hasar olu\u015ftu. \u0130l\u00e7e genelindeki \u00e7ok say\u0131da yolcu bekleme dura\u011f\u0131 devrildi.\u00a0<\/p>\n","protected":false},"excerpt":{"rendered":"<p>Mersin&#8217;in Erdemli il\u00e7esinde etkili olan \u015fiddetli f\u0131rt\u0131na tar\u0131m alanlar\u0131nda hasara yol a\u00e7t\u0131. Domates ve muz seralar\u0131n\u0131n naylonlar\u0131 u\u00e7tu, fideler k\u0131r\u0131ld\u0131, a\u011fa\u00e7lar g\u00f6\u00e7t\u00fc, a\u011f\u0131llarda hasarlar olu\u015ftu. \u0130l\u00e7e merkezindeki m\u00fcstakil bir evin &hellip; <a href=\"https:\/\/mersinekonomipolitikagazetesi.com\/?p=5716\" class=\"more-link\">Devam\u0131n\u0131 Oku&#8230;<\/a><\/p>\n","protected":false},"author":1,"featured_media":0,"comment_status":"open","ping_status":"open","sticky":false,"template":"","format":"standard","meta":[],"categories":[],"tags":[],"_links":{"self":[{"href":"https:\/\/mersinekonomipolitikagazetesi.com\/index.php?rest_route=\/wp\/v2\/posts\/5716"}],"collection":[{"href":"https:\/\/mersinekonomipolitikagazetesi.com\/index.php?rest_route=\/wp\/v2\/posts"}],"about":[{"href":"https:\/\/mersinekonomipolitikagazetesi.com\/index.php?rest_route=\/wp\/v2\/types\/post"}],"author":[{"embeddable":true,"href":"https:\/\/mersinekonomipolitikagazetesi.com\/index.php?rest_route=\/wp\/v2\/users\/1"}],"replies":[{"embeddable":true,"href":"https:\/\/mersinekonomipolitikagazetesi.com\/index.php?rest_route=%2Fwp%2Fv2%2Fcomments&post=5716"}],"version-history":[{"count":0,"href":"https:\/\/mersinekonomipolitikagazetesi.com\/index.php?rest_route=\/wp\/v2\/posts\/5716\/revisions"}],"wp:attachment":[{"href":"https:\/\/mersinekonomipolitikagazetesi.com\/index.php?rest_route=%2Fwp%2Fv2%2Fmedia&parent=5716"}],"wp:term":[{"taxonomy":"category","embeddable":true,"href":"https:\/\/mersinekonomipolitikagazetesi.com\/index.php?rest_route=%2Fwp%2Fv2%2Fcategories&post=5716"},{"taxonomy":"post_tag","embeddable":true,"href":"https:\/\/mersinekonomipolitikagazetesi.com\/index.php?rest_route=%2Fwp%2Fv2%2Ftags&post=5716"}],"curies":[{"name":"wp","href":"https:\/\/api.w.org\/{rel}","templated":true}]}}