{"id":5717,"date":"2020-11-04T18:26:09","date_gmt":"2020-11-04T15:26:09","guid":{"rendered":"http:\/\/mersinekonomipolitikagazetesi.com\/?p=5717"},"modified":"2020-11-04T18:26:09","modified_gmt":"2020-11-04T15:26:09","slug":"toroslarda-kar-festivali-heyecani-2","status":"publish","type":"post","link":"https:\/\/mersinekonomipolitikagazetesi.com\/?p=5717","title":{"rendered":"Toroslar&#8217;da &#8216;Kar festivali&#8217; heyecan\u0131"},"content":{"rendered":"<p>Mersinlilerin heyecanla bekledi\u011fi Toroslar Kar Festivali, bu hafta sonu 1-2 \u015eubat tarihlerinde Arslank\u00f6y&#8217;de yap\u0131lacak.\u00a0 \u00a0<br \/>\n\u00a0 Toroslar Belediyesi&#8217;nin, Mersin&#8217;de bir ilki ger\u00e7ekle\u015ftirece\u011fi kar festivalinde sportif etkinlikler ve birbirinden e\u011flenceli aktivitelerle g\u00f6rsel bir \u015f\u00f6len sunulacak. Beyaz bir \u00f6rt\u00fcyle kaplanan da\u011f manzaras\u0131 e\u015fli\u011finde yama\u00e7 para\u015f\u00fct\u00fc yapma imkan\u0131 sunan festivalde, kayak, snowboard ve k\u0131zakla kayman\u0131n keyfi de ya\u015fanacak. \u00dcnl\u00fc rap sanat\u00e7\u0131s\u0131 Eypio&#8217;nun konseriyle ta\u00e7lanacak olan festivale, &#8216;Kar Voleybolu T\u00fcrkiye \u015eampiyonas\u0131, Buz Heykel Sergisi, Kayakl\u0131 Ko\u015fu, Kardan Adam Yar\u0131\u015fmas\u0131&#8217; ve animasyon g\u00f6sterileri de ayr\u0131 bir renk katacak. 1 \u015eubat Cumartesi g\u00fcn\u00fc ve 2 \u015eubat Pazar g\u00fcn\u00fc olmak \u00fczere iki g\u00fcn s\u00fcrecek festivalde, kat\u0131l\u0131mc\u0131lar dolu dolu bir hafta sonu ge\u00e7irecek. B\u00f6lge esnaf\u0131 da a\u00e7\u0131lacak stantlarda birbirinden lezzetli y\u00f6resel \u00fcr\u00fcnlerin sat\u0131\u015f\u0131n\u0131 yapma imkan\u0131 da bulacak.\u00a0<br \/>\n\u00a0 Kayak, snowboard ve k\u0131zakla kayma keyfi ya\u015fanacak\u00a0<br \/>\n\u00a0 Toroslar Belediye Ba\u015fkan\u0131 Ats\u0131z Af\u015f\u0131n Y\u0131lmaz, herkesi festivalin co\u015fkusuna kat\u0131lmaya davet etti. Kentte k\u0131\u015f turizminin canland\u0131r\u0131lmas\u0131n\u0131 ama\u00e7layan festivalin k\u0131\u015f sporlar\u0131yla tan\u0131\u015fmak isten vatanda\u015flar i\u00e7in de bir f\u0131rsat oldu\u011funu dile getiren Y\u0131lmaz, &#8220;Hem\u015fehrilerimizin merakla bekledi\u011fi kar festivalimizi bu hafta sonu Arslank\u00f6y yaylam\u0131zda yapaca\u011f\u0131z. Farkl\u0131 aktivitelerle vatanda\u015flar\u0131m\u0131zla g\u00fczel bir hafta sonu ge\u00e7irece\u011fiz. Festivale kat\u0131lan vatanda\u015flar\u0131m\u0131z hem e\u011flenecek hem de profesyonel sporcular\u0131n kayak, snowboard ve k\u0131zakla kayma keyfine de ortak olacak. Toroslar\u0131m\u0131z\u0131n yaylalar\u0131n\u0131n yaz\u0131 ayr\u0131, k\u0131\u015f\u0131 ayr\u0131 g\u00fczel. K\u0131\u015f mevsiminde ortaya \u00e7\u0131kan bu do\u011fal g\u00fczelli\u011fi herkesin g\u00f6rmesini ve tan\u0131mas\u0131n\u0131 istiyoruz&#8221; dedi.\u00a0<br \/>\n\u00a0 \u00d6te yandan Ba\u015fkan Y\u0131lmaz, T\u00fcrkiye Kayak Federasyonu Ba\u015fkan\u0131 Ali Oto ile birlikte festival alan\u0131nda inceleme yapt\u0131. Federasyon Ba\u015fkan\u0131 Oto, Toroslar&#8217;\u0131n muhte\u015fem bir g\u00fczelli\u011fe sahip oldu\u011funu s\u00f6yleyerek, bu festivalin Arslank\u00f6y&#8217;de geleneksel hale gelmesini istediklerini\u00a0 belirtti.\u00a0<br \/>\n\u00a0 B\u00f6lgenin k\u0131\u015f turizmini de katk\u0131 sunacak bu festivalin \u015fimdiden kente hay\u0131rl\u0131 olmas\u0131n\u0131 dileyen\u00a0 Oto, &#8220;Toroslar Belediye Ba\u015fkan\u0131 Ats\u0131z Af\u015f\u0131n Y\u0131lmaz&#8217;a k\u0131\u015f sporlar\u0131na ve turizmine sundu\u011fu katk\u0131lar\u0131ndan dolay\u0131 te\u015fekk\u00fcr ediyoruz&#8221; ifadelerini kulland\u0131.\u00a0<\/p>\n","protected":false},"excerpt":{"rendered":"<p>Mersinlilerin heyecanla bekledi\u011fi Toroslar Kar Festivali, bu hafta sonu 1-2 \u015eubat tarihlerinde Arslank\u00f6y&#8217;de yap\u0131lacak.\u00a0 \u00a0 \u00a0 Toroslar Belediyesi&#8217;nin, Mersin&#8217;de bir ilki ger\u00e7ekle\u015ftirece\u011fi kar festivalinde sportif etkinlikler ve birbirinden e\u011flenceli aktivitelerle &hellip; <a href=\"https:\/\/mersinekonomipolitikagazetesi.com\/?p=5717\" class=\"more-link\">Devam\u0131n\u0131 Oku&#8230;<\/a><\/p>\n","protected":false},"author":1,"featured_media":0,"comment_status":"open","ping_status":"open","sticky":false,"template":"","format":"standard","meta":[],"categories":[],"tags":[],"_links":{"self":[{"href":"https:\/\/mersinekonomipolitikagazetesi.com\/index.php?rest_route=\/wp\/v2\/posts\/5717"}],"collection":[{"href":"https:\/\/mersinekonomipolitikagazetesi.com\/index.php?rest_route=\/wp\/v2\/posts"}],"about":[{"href":"https:\/\/mersinekonomipolitikagazetesi.com\/index.php?rest_route=\/wp\/v2\/types\/post"}],"author":[{"embeddable":true,"href":"https:\/\/mersinekonomipolitikagazetesi.com\/index.php?rest_route=\/wp\/v2\/users\/1"}],"replies":[{"embeddable":true,"href":"https:\/\/mersinekonomipolitikagazetesi.com\/index.php?rest_route=%2Fwp%2Fv2%2Fcomments&post=5717"}],"version-history":[{"count":0,"href":"https:\/\/mersinekonomipolitikagazetesi.com\/index.php?rest_route=\/wp\/v2\/posts\/5717\/revisions"}],"wp:attachment":[{"href":"https:\/\/mersinekonomipolitikagazetesi.com\/index.php?rest_route=%2Fwp%2Fv2%2Fmedia&parent=5717"}],"wp:term":[{"taxonomy":"category","embeddable":true,"href":"https:\/\/mersinekonomipolitikagazetesi.com\/index.php?rest_route=%2Fwp%2Fv2%2Fcategories&post=5717"},{"taxonomy":"post_tag","embeddable":true,"href":"https:\/\/mersinekonomipolitikagazetesi.com\/index.php?rest_route=%2Fwp%2Fv2%2Ftags&post=5717"}],"curies":[{"name":"wp","href":"https:\/\/api.w.org\/{rel}","templated":true}]}}