{"id":5718,"date":"2020-11-04T18:26:09","date_gmt":"2020-11-04T15:26:09","guid":{"rendered":"http:\/\/mersinekonomipolitikagazetesi.com\/?p=5718"},"modified":"2020-11-04T18:26:09","modified_gmt":"2020-11-04T15:26:09","slug":"akdeniz-belediyesinde-toplu-is-sozlesmesi-imzalandi","status":"publish","type":"post","link":"https:\/\/mersinekonomipolitikagazetesi.com\/?p=5718","title":{"rendered":"Akdeniz Belediyesi&#8217;nde toplu i\u015f s\u00f6zle\u015fmesi imzaland\u0131"},"content":{"rendered":"<p>Akdeniz Belediyesi ile Hizmet \u0130\u015f Sendikas\u0131 aras\u0131nda, kadrolu i\u015f\u00e7ilerini kapsayan toplu i\u015f s\u00f6zle\u015fmesi s\u00fcrecinde anla\u015fma sa\u011fland\u0131. \u00dccretlerde \u00f6nemli bir zam oran\u0131 ve sosyal haklarda iyile\u015ftirme sa\u011flayan s\u00f6zle\u015fme, \u00e7al\u0131\u015fanlar aras\u0131nda memnuniyet olu\u015fturdu.\u00a0 \u00a0<br \/>\n\u00a0 Akdeniz Belediye Ba\u015fkan\u0131 Mustafa G\u00fcltak ile Hizmet \u0130\u015f Sendikas\u0131 \u015eube Ba\u015fkan Yard\u0131mc\u0131s\u0131 Mehmet Y\u00fcce aras\u0131nda imzalanan toplu i\u015f s\u00f6zle\u015fmesi, belediyenin kadrolu 100 i\u015f\u00e7isini kapsarken, 2 y\u0131l ge\u00e7erli olacak. S\u00f6zle\u015fme kapsam\u0131nda, ilk y\u0131l i\u015f\u00e7ilerin \u00fccretlerine y\u00fczde 10 zam yap\u0131ld\u0131. Bu zam, sosyal yard\u0131mlarla birlikte ortalama y\u00fczde 13 ile y\u00fczde 15 oran\u0131nda \u00fccretlere yans\u0131yacak. \u0130mzalanan s\u00f6zle\u015fmede ayr\u0131ca personele 25 TL g\u00fcnl\u00fck izin har\u00e7l\u0131\u011f\u0131 da sa\u011flan\u0131rken, s\u00f6zle\u015fme gere\u011fi ikinci y\u0131lda, \u00e7al\u0131\u015fanlar\u0131n \u00fccretlerine ve sosyal yard\u0131mlara \u2018enflasyon oran\u0131nda\u2019 zam da eklenecek.\u00a0<br \/>\n\u00a0 S\u00f6zle\u015fme ile birinci dereceden \u015fehit yak\u0131n\u0131 ve kendisi gazi olan i\u015f\u00e7ilere y\u0131lda bir kez olmak \u00fczere net 500 TL te\u015fekk\u00fcr \u00f6dene\u011fi verilecek. \u00d6z\u00fcrl\u00fc \u00e7ocu\u011fu olan \u00e7al\u0131\u015fanlara 600 TL, kendisinin veya e\u015finin en az y\u00fczde 40 oran\u0131nda engelli raporu olan i\u015f\u00e7iye de y\u0131lda bir defaya mahsus olmak \u00fczere, her y\u0131l eyl\u00fcl ay\u0131 maa\u015f\u0131 ile birlikte net 600 TL yard\u0131m \u00f6dene\u011fi verilecek.\u00a0<br \/>\n\u00a0 \u0130mza t\u00f6reninde konu\u015fan Ba\u015fkan G\u00fcltak, \u201cB\u00fct\u00fcn imkanlar\u0131m\u0131z\u0131 zorlayarak, personelimizin \u00fccret zamm\u0131 ve sosyal haklar\u0131nda bir tak\u0131m iyile\u015ftirmeler yapt\u0131k. Yeni s\u00f6zle\u015fme ile i\u015f\u00e7i karde\u015flerimizin endi\u015felerini \u00e7ok b\u00fcy\u00fck oranda giderdi\u011fimize de inan\u0131yorum. \u00c7al\u0131\u015fanlar\u0131m\u0131z\u0131n daima yan\u0131nda oldu\u011fumuzu ifade eder, yeni \u00fccret zamlar\u0131n\u0131 kapsayan s\u00f6zle\u015fmenin hay\u0131rlara vesile olmas\u0131n\u0131 dilerim\u201d dedi.\u00a0<br \/>\n\u00a0 Hizmet-\u0130\u015f Sendikas\u0131 yetkilileri de enflasyon \u00fczerinde zam sa\u011flayan ve \u00e7al\u0131\u015fanlar aras\u0131nda memnuniyet olu\u015fturan toplu i\u015f s\u00f6zle\u015fmesinin tamamlanmas\u0131na katk\u0131da bulunan Akdeniz Belediye Ba\u015fkan\u0131 Mustafa G\u00fcltak\u2019a te\u015fekk\u00fcr ettiler.\u00a0<\/p>\n","protected":false},"excerpt":{"rendered":"<p>Akdeniz Belediyesi ile Hizmet \u0130\u015f Sendikas\u0131 aras\u0131nda, kadrolu i\u015f\u00e7ilerini kapsayan toplu i\u015f s\u00f6zle\u015fmesi s\u00fcrecinde anla\u015fma sa\u011fland\u0131. \u00dccretlerde \u00f6nemli bir zam oran\u0131 ve sosyal haklarda iyile\u015ftirme sa\u011flayan s\u00f6zle\u015fme, \u00e7al\u0131\u015fanlar aras\u0131nda memnuniyet &hellip; <a href=\"https:\/\/mersinekonomipolitikagazetesi.com\/?p=5718\" class=\"more-link\">Devam\u0131n\u0131 Oku&#8230;<\/a><\/p>\n","protected":false},"author":1,"featured_media":0,"comment_status":"open","ping_status":"open","sticky":false,"template":"","format":"standard","meta":[],"categories":[],"tags":[],"_links":{"self":[{"href":"https:\/\/mersinekonomipolitikagazetesi.com\/index.php?rest_route=\/wp\/v2\/posts\/5718"}],"collection":[{"href":"https:\/\/mersinekonomipolitikagazetesi.com\/index.php?rest_route=\/wp\/v2\/posts"}],"about":[{"href":"https:\/\/mersinekonomipolitikagazetesi.com\/index.php?rest_route=\/wp\/v2\/types\/post"}],"author":[{"embeddable":true,"href":"https:\/\/mersinekonomipolitikagazetesi.com\/index.php?rest_route=\/wp\/v2\/users\/1"}],"replies":[{"embeddable":true,"href":"https:\/\/mersinekonomipolitikagazetesi.com\/index.php?rest_route=%2Fwp%2Fv2%2Fcomments&post=5718"}],"version-history":[{"count":0,"href":"https:\/\/mersinekonomipolitikagazetesi.com\/index.php?rest_route=\/wp\/v2\/posts\/5718\/revisions"}],"wp:attachment":[{"href":"https:\/\/mersinekonomipolitikagazetesi.com\/index.php?rest_route=%2Fwp%2Fv2%2Fmedia&parent=5718"}],"wp:term":[{"taxonomy":"category","embeddable":true,"href":"https:\/\/mersinekonomipolitikagazetesi.com\/index.php?rest_route=%2Fwp%2Fv2%2Fcategories&post=5718"},{"taxonomy":"post_tag","embeddable":true,"href":"https:\/\/mersinekonomipolitikagazetesi.com\/index.php?rest_route=%2Fwp%2Fv2%2Ftags&post=5718"}],"curies":[{"name":"wp","href":"https:\/\/api.w.org\/{rel}","templated":true}]}}