{"id":5719,"date":"2020-11-04T18:26:09","date_gmt":"2020-11-04T15:26:09","guid":{"rendered":"http:\/\/mersinekonomipolitikagazetesi.com\/?p=5719"},"modified":"2020-11-04T18:26:09","modified_gmt":"2020-11-04T15:26:09","slug":"kar-voleybolu-turkiye-sampiyonasi-toroslarda","status":"publish","type":"post","link":"https:\/\/mersinekonomipolitikagazetesi.com\/?p=5719","title":{"rendered":"Kar Voleybolu T\u00fcrkiye \u015eampiyonas\u0131 Toroslar&#8217;da"},"content":{"rendered":"<p>Toroslar Belediyesi&#8217;nin bu hafta sonu Arslank\u00f6y Yaylas\u0131nda d\u00fczenleyece\u011fi Kar Festivalinde kar voleybolu keyfi de ya\u015fanacak.\u00a0 \u00a0<br \/>\n\u00a0 1 \u015eubat Cumartesi ve 2 \u015eubat Pazar g\u00fcn\u00fc olmak \u00fczere iki g\u00fcn s\u00fcrecek festival, Mersin&#8217;de bir ilk olmas\u0131n\u0131n yan\u0131 s\u0131ra Kar Voleybolu T\u00fcrkiye \u015eampiyonas\u0131&#8217;na da ev sahipli\u011fi yapacak. Festival alan\u0131nda d\u00fczenlenecek organizasyonda 6 erkek ve 5 kad\u0131n tak\u0131m\u0131 olmak \u00fczere toplam 44 sporcu k\u0131yas\u0131ya m\u00fccadele edecek.\u00a0<br \/>\n\u00a0 \u015eampiyon tak\u0131mlar, Avrupa \u015eampiyonas\u0131&#8217;na kat\u0131labilecek\u00a0<br \/>\n\u00a0 Toroslar Belediyesi ve T\u00fcrkiye Voleybol Federasyonu (TVF) i\u015fbirli\u011fiyle Arslank\u00f6y&#8217;de d\u00fczenlenecek \u015fampiyona, T\u00fcrkiye&#8217;de ikinci, Akdeniz&#8217;de ise ilk kez Toroslar&#8217;da ger\u00e7ekle\u015ftirilecek. \u015eampiyon tak\u0131mlar ise 2020 y\u0131l\u0131 Nisan ay\u0131nda Avusturya&#8217;da yap\u0131lacak Avrupa \u015eampiyonas\u0131na kat\u0131l\u0131m hakk\u0131 elde edecek.\u00a0<br \/>\n\u00a0 Toplam \u00f6d\u00fcl 20 bin lira\u00a0<br \/>\n\u00a0 \u015eampiyona, 1 \u015eubat Cumartesi g\u00fcn\u00fc sabah saat 11.00&#8217;de grup ma\u00e7lar\u0131 ile ba\u015flayacak. 2 \u015eubat Pazar g\u00fcn\u00fc saat 09.30&#8217;da final grubu Play-Off m\u00fcsabakalar\u0131 ile devam edecek \u015fampiyonan\u0131n final ma\u00e7lar\u0131 ise yine ayn\u0131 g\u00fcn saat 14.30 ve 16.00 saatleri aras\u0131nda oynanacak. Derece alan ilk d\u00f6rt tak\u0131ma Toroslar Belediyesi&#8217;nce toplam 20 bin TL para \u00f6d\u00fcl\u00fc verilecek.\u00a0<br \/>\n\u00a0 &#8220;Hedefimiz, k\u0131\u015f sporlar\u0131n\u0131n merkezi olmak&#8221;\u00a0<br \/>\n\u00a0 Toroslar Belediye Ba\u015fkan\u0131 Ats\u0131z Af\u015f\u0131n Y\u0131lmaz, spor otoriteleri taraf\u0131ndan da yak\u0131ndan takip edilen bir \u015fampiyonaya ev sahipli\u011fi yapacak olman\u0131n mutlulu\u011funu ya\u015fad\u0131klar\u0131n\u0131 belirterek, t\u00fcm Mersinlileri kar festivaline ve m\u00fcsabakalar\u0131 birlikte izlemeye davet etti. Y\u0131lmaz, &#8220;K\u0131\u015f sporlar\u0131n\u0131n g\u00f6zdesi olan Kar Voleybolu T\u00fcrkiye \u015eampiyonas\u0131&#8217;n\u0131n il\u00e7emizde yap\u0131lacak olmas\u0131 bizleri heyecanland\u0131r\u0131yor. \u00c7\u00fcnk\u00fc uluslararas\u0131 standartlarda yapaca\u011f\u0131m\u0131z kar festivali ile Mersin&#8217;de bir ilki ger\u00e7ekle\u015ftirece\u011fiz. \u00dclkemizin bir\u00e7ok ilinden 44 sporcunun kat\u0131laca\u011f\u0131 \u015fampiyona ile keyifli m\u00fcsabakalara tan\u0131kl\u0131k edece\u011fiz. Umuyorum ki, Toroslar\u0131m\u0131z bu festivalin ard\u0131ndan k\u0131\u015f sporlar\u0131n\u0131n merkezi olacak. Hedefimiz bu organizasyonlar\u0131 daha da geli\u015ftirmektir&#8221; dedi.\u00a0<\/p>\n","protected":false},"excerpt":{"rendered":"<p>Toroslar Belediyesi&#8217;nin bu hafta sonu Arslank\u00f6y Yaylas\u0131nda d\u00fczenleyece\u011fi Kar Festivalinde kar voleybolu keyfi de ya\u015fanacak.\u00a0 \u00a0 \u00a0 1 \u015eubat Cumartesi ve 2 \u015eubat Pazar g\u00fcn\u00fc olmak \u00fczere iki g\u00fcn s\u00fcrecek &hellip; <a href=\"https:\/\/mersinekonomipolitikagazetesi.com\/?p=5719\" class=\"more-link\">Devam\u0131n\u0131 Oku&#8230;<\/a><\/p>\n","protected":false},"author":1,"featured_media":0,"comment_status":"open","ping_status":"open","sticky":false,"template":"","format":"standard","meta":[],"categories":[],"tags":[],"_links":{"self":[{"href":"https:\/\/mersinekonomipolitikagazetesi.com\/index.php?rest_route=\/wp\/v2\/posts\/5719"}],"collection":[{"href":"https:\/\/mersinekonomipolitikagazetesi.com\/index.php?rest_route=\/wp\/v2\/posts"}],"about":[{"href":"https:\/\/mersinekonomipolitikagazetesi.com\/index.php?rest_route=\/wp\/v2\/types\/post"}],"author":[{"embeddable":true,"href":"https:\/\/mersinekonomipolitikagazetesi.com\/index.php?rest_route=\/wp\/v2\/users\/1"}],"replies":[{"embeddable":true,"href":"https:\/\/mersinekonomipolitikagazetesi.com\/index.php?rest_route=%2Fwp%2Fv2%2Fcomments&post=5719"}],"version-history":[{"count":0,"href":"https:\/\/mersinekonomipolitikagazetesi.com\/index.php?rest_route=\/wp\/v2\/posts\/5719\/revisions"}],"wp:attachment":[{"href":"https:\/\/mersinekonomipolitikagazetesi.com\/index.php?rest_route=%2Fwp%2Fv2%2Fmedia&parent=5719"}],"wp:term":[{"taxonomy":"category","embeddable":true,"href":"https:\/\/mersinekonomipolitikagazetesi.com\/index.php?rest_route=%2Fwp%2Fv2%2Fcategories&post=5719"},{"taxonomy":"post_tag","embeddable":true,"href":"https:\/\/mersinekonomipolitikagazetesi.com\/index.php?rest_route=%2Fwp%2Fv2%2Ftags&post=5719"}],"curies":[{"name":"wp","href":"https:\/\/api.w.org\/{rel}","templated":true}]}}