{"id":5720,"date":"2020-11-04T18:26:09","date_gmt":"2020-11-04T15:26:09","guid":{"rendered":"http:\/\/mersinekonomipolitikagazetesi.com\/?p=5720"},"modified":"2020-11-04T18:26:09","modified_gmt":"2020-11-04T15:26:09","slug":"tbmm-plan-ve-butce-komisyonu-baskani-elvanin-aci-gunu","status":"publish","type":"post","link":"https:\/\/mersinekonomipolitikagazetesi.com\/?p=5720","title":{"rendered":"TBMM Plan ve B\u00fct\u00e7e Komisyonu Ba\u015fkan\u0131 Elvan\u2019\u0131n ac\u0131 g\u00fcn\u00fc"},"content":{"rendered":"<p>\u00a0TBMM Plan ve B\u00fct\u00e7e Komisyonu Ba\u015fkan\u0131 ve Mersin Milletvekili L\u00fctfi Elvan\u2019\u0131n d\u00fcn vefat eden yengesi dualarla son yolculu\u011funa u\u011furland\u0131.\u00a0 \u00a0<br \/>\n\u00a0 Tedavi g\u00f6rd\u00fc\u011f\u00fc Ermenek Devlet Hastanesinde d\u00fcn hayat\u0131n\u0131 kaybeden 92 ya\u015f\u0131ndaki Nadire Servi i\u00e7in Sipas Camisi\u2019nde cuma namaz\u0131n\u0131 m\u00fcteakip cenaze namaz\u0131 k\u0131l\u0131nd\u0131. Cenaze namaz\u0131na, Servi\u2019nin yak\u0131nlar\u0131 ile TBMM Plan ve B\u00fct\u00e7e Komisyonu Ba\u015fkan\u0131 ve Mersin Milletvekili L\u00fctfi Elvan, Karaman Valisi Fahri Meral, \u0130l Emniyet M\u00fcd\u00fcr\u00fc Ayhan Ta\u015f, \u0130l Jandarma Komutan\u0131 Jandarma Albay \u0130smail \u015eahin, il\u00e7e ve belde belediye ba\u015fkanlar\u0131, siyasi parti temsilcileri, sivil toplum kurulu\u015flar\u0131n\u0131n temsilcileri ve vatanda\u015flar kat\u0131ld\u0131.\u00a0<br \/>\n\u00a0 K\u0131l\u0131nan namaz\u0131n ard\u0131ndan Nadire Servi\u2019nin cenazesi il\u00e7e mezarl\u0131\u011f\u0131nda topra\u011fa verildi.\u00a0<\/p>\n","protected":false},"excerpt":{"rendered":"<p>\u00a0TBMM Plan ve B\u00fct\u00e7e Komisyonu Ba\u015fkan\u0131 ve Mersin Milletvekili L\u00fctfi Elvan\u2019\u0131n d\u00fcn vefat eden yengesi dualarla son yolculu\u011funa u\u011furland\u0131.\u00a0 \u00a0 \u00a0 Tedavi g\u00f6rd\u00fc\u011f\u00fc Ermenek Devlet Hastanesinde d\u00fcn hayat\u0131n\u0131 kaybeden 92 &hellip; <a href=\"https:\/\/mersinekonomipolitikagazetesi.com\/?p=5720\" class=\"more-link\">Devam\u0131n\u0131 Oku&#8230;<\/a><\/p>\n","protected":false},"author":1,"featured_media":0,"comment_status":"open","ping_status":"open","sticky":false,"template":"","format":"standard","meta":[],"categories":[],"tags":[],"_links":{"self":[{"href":"https:\/\/mersinekonomipolitikagazetesi.com\/index.php?rest_route=\/wp\/v2\/posts\/5720"}],"collection":[{"href":"https:\/\/mersinekonomipolitikagazetesi.com\/index.php?rest_route=\/wp\/v2\/posts"}],"about":[{"href":"https:\/\/mersinekonomipolitikagazetesi.com\/index.php?rest_route=\/wp\/v2\/types\/post"}],"author":[{"embeddable":true,"href":"https:\/\/mersinekonomipolitikagazetesi.com\/index.php?rest_route=\/wp\/v2\/users\/1"}],"replies":[{"embeddable":true,"href":"https:\/\/mersinekonomipolitikagazetesi.com\/index.php?rest_route=%2Fwp%2Fv2%2Fcomments&post=5720"}],"version-history":[{"count":0,"href":"https:\/\/mersinekonomipolitikagazetesi.com\/index.php?rest_route=\/wp\/v2\/posts\/5720\/revisions"}],"wp:attachment":[{"href":"https:\/\/mersinekonomipolitikagazetesi.com\/index.php?rest_route=%2Fwp%2Fv2%2Fmedia&parent=5720"}],"wp:term":[{"taxonomy":"category","embeddable":true,"href":"https:\/\/mersinekonomipolitikagazetesi.com\/index.php?rest_route=%2Fwp%2Fv2%2Fcategories&post=5720"},{"taxonomy":"post_tag","embeddable":true,"href":"https:\/\/mersinekonomipolitikagazetesi.com\/index.php?rest_route=%2Fwp%2Fv2%2Ftags&post=5720"}],"curies":[{"name":"wp","href":"https:\/\/api.w.org\/{rel}","templated":true}]}}