{"id":5722,"date":"2020-11-04T18:26:09","date_gmt":"2020-11-04T15:26:09","guid":{"rendered":"http:\/\/mersinekonomipolitikagazetesi.com\/?p=5722"},"modified":"2020-11-04T18:26:09","modified_gmt":"2020-11-04T15:26:09","slug":"vali-su-narenciye-bizim-il-markamiz-ozdemir-narenciye-festivali-mersin-mozaigini-ayakta-tutan-en-onemli-birlestirici-unsurlardan-birisi-olmustur","status":"publish","type":"post","link":"https:\/\/mersinekonomipolitikagazetesi.com\/?p=5722","title":{"rendered":"VAL\u0130 SU : &#8220;NARENC\u0130YE B\u0130Z\u0130M \u0130L MARKAMIZ&#8221;   -\u00d6ZDEMIR : \u201cNARENC\u0130YE FEST\u0130VAL\u0130, MERS\u0130N MOZA\u0130\u011e\u0130N\u0130 AYAKTA TUTAN EN \u00d6NEML\u0130 B\u0130RLE\u015eT\u0130R\u0130C\u0130 UNSURLARDAN B\u0130R\u0130S\u0130 OLMU\u015eTUR\u201d"},"content":{"rendered":"<p>Mersin\u2019de 7\u2019incisi d\u00fczenlenen Uluslararas\u0131 Mersin Narenciye Festivalinin kapan\u0131\u015f toplant\u0131s\u0131 d\u00fczenlendi. \u00d6zdemir, &#8220;Mersinliler olarak b\u00fct\u00fcnle\u015ftik ve kentimizin simgesi olan narenciye etraf\u0131nda kenetlenerek, tek v\u00fccut olabilece\u011fimizi herkese g\u00f6sterdik.&#8221;\u00a0<\/p>\n<p>\n1-3 Kas\u0131m 2019 tarihleri aras\u0131nda Mersin\u2019de d\u00fczenlenen 7. Uluslararas\u0131 Mersin Narenciye Festivali&#8217;nin kapan\u0131\u015f ve \u00f6d\u00fcl toplant\u0131s\u0131 d\u00fczenledi. Toplant\u0131ya Uluslararas\u0131 Mersin Narenciye Festivali \u0130cra Komitesi Ba\u015fkan\u0131 Abdullah \u00d6zdemir ve festival \u00fcst kurul \u00fcyelerinin ev sahipli\u011finde Mersin Valisi Ali \u0130hsan Su, Mersin B\u00fcy\u00fck\u015fehir Belediye Ba\u015fkan Vekili G\u00fclcan K\u0131\u015f, merkez il\u00e7e belediye ba\u015fkanlar\u0131, rekt\u00f6rler, oda ba\u015fkanlar\u0131 ile STK temsilcileri kat\u0131ld\u0131.<br \/>\nMersin Ticaret Borsas\u0131\u2019nda d\u00fczenlenen toplant\u0131da a\u00e7\u0131l\u0131\u015f konu\u015fmas\u0131n\u0131 yapan Festival \u0130cra Komitesi Ba\u015fkan\u0131 ve Ticaret Borsas\u0131 Ba\u015fkan\u0131 Abdullah \u00d6zdemir,\u00a0 festivalin gelir gider tablosunu da ayr\u0131nt\u0131lar\u0131yla anlatt\u0131.<br \/>\n7. Uluslararas\u0131 Mersin Narenciye Festivali\u2019nin toplam b\u00fct\u00e7esinin 2 milyon 648 bin 847 TL oldu\u011fu bilgisi verildi. Festival kapsam\u0131nda ger\u00e7ekle\u015ftirilen yar\u0131\u015fmalarda dereceye girenlere \u00f6d\u00fclleri verildi.\u00a0<\/p>\n<p>&#8220;Festivali Milyonlar \u0130zledi&#8221;\u00a0<\/p>\n<p>2010 y\u0131l\u0131nda bu yolculu\u011fa \u00e7\u0131karken 5 ana hedef koyduklar\u0131n\u0131 kaydederek\u00a0 ilk hedefleri olan, Mersin\u2019in bir narenciye kenti oldu\u011fu ger\u00e7e\u011fini ortaya koymak oldu\u011funu, festivalle sekt\u00f6rel raporlardan internet arama motorlar\u0131 sonu\u00e7lar\u0131na kadar bu alg\u0131y\u0131 fazlas\u0131yla g\u00fc\u00e7lendirdiklerini belirten \u00d6zdemir, \u201c\u0130kinci hedefimiz festivalin Mersin\u2019in tan\u0131t\u0131m\u0131na katk\u0131 sa\u011flamas\u0131. Uluslararas\u0131 haberler i\u00e7erisinde 93 milyon takip\u00e7isi olan China Global Television Network, 74 milyon takip\u00e7isi olan People\u2019s Daily ve d\u00fcnyan\u0131n en \u00f6nemli yay\u0131n organlar\u0131ndan biri olan The Times\u2019a haber olduk. Bunlara 5 kuru\u015f para \u00f6demedik. Ayr\u0131ca, 25 \u00fclkeden gelen yabanc\u0131 gruplar\u0131n \u00fclkeleri de festivalimizi haber yapt\u0131. Ulusal \u00f6l\u00e7ekte yay\u0131n yapan 60 televizyonda yer ald\u0131k. T\u00fcrkiye\u2019deki bin 500 dolay\u0131nda internet haber sitesinde kendimizi g\u00f6sterdik. Reklam bannerlerimiz ulusal \u00f6l\u00e7ekte 3 milyon 400 bin ki\u015fiye ula\u015ft\u0131. Sosyal medya hesaplar\u0131m\u0131z ve fenomenler vas\u0131tas\u0131yla y\u00fcr\u00fctt\u00fc\u011f\u00fcm\u00fcz tan\u0131t\u0131m \u00e7al\u0131\u015fmalar\u0131 ile 7 milyonu a\u015fk\u0131n ki\u015fiyi festivalimizden haberdar ettik\u201d diye konu\u015ftu.\u00a0<\/p>\n<p>&#8220;Mersinliler \u0130le B\u00fct\u00fcnle\u015ftik&#8221;\u00a0<\/p>\n<p>Mersin\u2019in sahip oldu\u011fu t\u00fcm de\u011ferlerin yans\u0131t\u0131lmas\u0131n\u0131 i\u00e7eren \u00fc\u00e7\u00fcnc\u00fc hedeflerini de ger\u00e7ekle\u015ftirdikleri bilgisini veren \u00d6zdemir, \u201cD\u00f6rd\u00fcnc\u00fc hedefimiz, t\u00fcm ziyaret\u00e7ilerimize keyifli zaman ge\u00e7irecekleri bir \u015fenlik ortam\u0131 sunmakt\u0131. Bug\u00fcne kadar en y\u00fcksek seviyeye ula\u015ft\u0131\u011f\u0131m\u0131z, resmi rakamlarla yakla\u015f\u0131k 550 bin ziyaret\u00e7i say\u0131m\u0131z, bunun en g\u00fczel g\u00f6stergesidir. Kentimizin t\u00fcm dinamiklerinin el ele vererek, Mersin i\u00e7in birik ve beraberli\u011fimizi kuvvetlendirmesi ise 5\u2019inci hedefimizdi. Valili\u011fimiz himayesinde 27 kurum bir b\u00fct\u00fcn olduk, t\u00fcm Mersinliler ile b\u00fct\u00fcnle\u015ftik ve kentimizin simgesi olan narenciye etraf\u0131nda kenetlenerek, tek v\u00fccut olabilece\u011fimizi herkese g\u00f6sterdik. Mersin Narenciye Festivali, art\u0131k Mersin mozai\u011fini ayakta tutan en \u00f6nemli birle\u015ftirici unsurlardan birisi olmu\u015ftur\u201d ifadelerini kulland\u0131.<br \/>\nFestivale katk\u0131 sunan herkese te\u015fekk\u00fcr eden \u00d6zdemir, \u201c\u00d6n\u00fcm\u00fczdeki d\u00f6nem i\u00e7in \u00f6nceli\u011fimiz, mevcut hedeflerimizi ger\u00e7ekle\u015ftirme derecemizi daha da kuvvetlendirmek; yeni hedeflerle festivalimizin \u00e7\u0131tas\u0131n\u0131 \u00e7ok daha yukar\u0131lara ta\u015f\u0131makt\u0131r\u201d \u015feklinde konu\u015ftu.<\/p>\n<p>&#8220;Biz Narenciye Kentiyiz&#8221;\u00a0<\/p>\n<p>Vali Ali \u0130hsan Su ise ge\u00e7en y\u0131l kas\u0131m ay\u0131nda Mersin\u2019in ekonomi, tan\u0131t\u0131m\u0131 ve de\u011ferlerinin sergilenmesi i\u00e7in Narenciye Festivalini herkesin deste\u011fiyle ger\u00e7ekle\u015ftirdiklerini s\u00f6yledi. Festivalin, Mersin\u2019in en b\u00fcy\u00fck etkinli\u011fi oldu\u011funu vurgulayan Su, narenciyenin Mersin i\u00e7in \u00e7ok \u00f6nemli oldu\u011funun alt\u0131n\u0131 \u00e7izerek, \u015funlar\u0131 s\u00f6yledi: \u201cT\u00fcrkiye\u2019nin toplam narenciye \u00fcretimi yakla\u015f\u0131k 5 milyon ton. Bunun 1,2 milyon tonunu tek ba\u015f\u0131na Mersin \u00fcretiyor. O y\u00fczden \u2018Biz narenciye kentiyiz\u2019 diyoruz. Ayr\u0131ca, yap\u0131lan ihracat\u0131n y\u00fczde 39\u2019u bizim ilimizden ger\u00e7ekle\u015fiyor. O y\u00fczden narenciye bizim il markam\u0131z.\u201d<\/p>\n<p>&#8220;Hedefimiz 1 Milyon Ziyaret\u00e7i Olsun &#8220;<\/p>\n<p>Festivali 2018 y\u0131l\u0131nda yeniden canland\u0131rd\u0131klar\u0131n\u0131 belirten Su, o y\u0131l festivali yakla\u015f\u0131k 300 bin ki\u015finin gezdi\u011fini, 2019\u2019da ise ziyaret\u00e7i say\u0131s\u0131n\u0131n yakla\u015f\u0131k 550 bine ula\u015ft\u0131\u011f\u0131na dikkat \u00e7ekerek, \u201c\u0130n\u015fallah bu y\u0131l hedefimiz 1 milyon olsun. Festivalimiz, internette, haberlerde, sosyal medyada da \u00f6nemli bir kar\u015f\u0131l\u0131k buldu. Biz belki trilyonlar harcasak ilimizin tan\u0131t\u0131m\u0131n\u0131 bu kadar ger\u00e7ekle\u015ftiremezdik. T\u00fcrkiye\u2019nin en \u00fcnl\u00fc instagram fenomenlerini davet ettik. Bunlar\u0131n 1 milyon-500 bin takip\u00e7isi var. Mersin\u2019in her yerini gezdiler ve hesaplar\u0131nda payla\u015ft\u0131lar. Toplam takip\u00e7i say\u0131lar\u0131 10 milyonun \u00fczerinde. \u0130limizin tan\u0131t\u0131m\u0131n\u0131 bu festival sayesinde ger\u00e7ekle\u015ftirdik. \u0130nan\u0131yorum ki, daha iyilerini yapmaya devam edece\u011fiz\u201d diye konu\u015ftu.<br \/>\nBu y\u0131l Narenciye Festivalini, Uluslararas\u0131 Turun\u00e7gil Kongresi ile birlikte ger\u00e7ekle\u015ftirecekleri bilgisini veren Su, kas\u0131m ay\u0131nda yapacaklar\u0131 iki etkinli\u011fin daha b\u00fcy\u00fck bir sinerji olu\u015fturaca\u011f\u0131n\u0131 s\u00f6yledi. Bu y\u0131l yap\u0131lacak festival i\u00e7in g\u00f6r\u00fc\u015fmelere ve s\u00f6zler almaya ba\u015flad\u0131klar\u0131n\u0131 da kaydeden Su, herkesten fikir baz\u0131nda katk\u0131lar\u0131n\u0131 beklediklerini ifade etti.<\/p>\n<p>&#8220;Festival Mersin\u2019in Markala\u015fmas\u0131nda \u00d6nemli Bir Yere Sahip &#8220;<\/p>\n<p>B\u00fcy\u00fck\u015fehir Belediye Ba\u015fkan Vekili G\u00fclcan K\u0131\u015f, Mersin Uluslararas\u0131 Narenciye Festivalinin, kentin bilinirli\u011fi, ulusal ve uluslararas\u0131 arenada tan\u0131t\u0131m\u0131 a\u00e7\u0131s\u0131ndan olduk\u00e7a \u00f6nemli bir yere sahip oldu\u011funu s\u00f6yledi. Mersin\u2019in, narenciye \u00fcretiminde d\u00fcnyada 7\u2019nci, Avrupa\u2019da 2\u2019nci s\u0131rada yer ald\u0131\u011f\u0131na dikkat \u00e7eken K\u0131\u015f, \u201c\u00dclkemizin 2019 y\u0131l\u0131ndaki narenciye ihracat\u0131 1,6 milyon tona ula\u015fm\u0131\u015ft\u0131r. Bunun y\u00fczde 39 oran\u0131ndaki 634 bin tonunu sa\u011flayan g\u00fczel kentimiz, bu alanda liderlik bayra\u011f\u0131n\u0131 da gururla ta\u015f\u0131maktad\u0131r. \u00dclkemiz ge\u00e7en y\u0131l narenciye ihracat\u0131ndan 750 milyon dolar gelir elde etmi\u015ftir ve bu gelirin y\u00fczde 42&#8217;lik b\u00f6l\u00fcm\u00fc, yani 320 milyon dolar\u0131 Mersin&#8217;e aittir. Rakamlar da g\u00f6stermektedir ki, Mersin narenciyenin ba\u015fkentidir\u201d dedi.<br \/>\nKent ekonomisinde bu derece \u00f6nemli bir paya sahip olan narenciyenin, Mersin\u2019in marka bilinirli\u011fine y\u00f6nelik \u00e7al\u0131\u015fmalarda da \u00f6nemli bir yere sahip olmas\u0131 gerekti\u011fine i\u015faret eden K\u0131\u015f, \u015f\u00f6yle devam etti: \u201cKentimize ve b\u00f6lgemize bu kadar katk\u0131 sa\u011flayan narenciyeyi ihmal edemeyiz. Bunu da ancak etkili ileti\u015fim \u00e7al\u0131\u015fmalar\u0131 ve b\u00fcy\u00fck organizasyonlarla ger\u00e7ekle\u015ftirebiliriz. Mersin Uluslararas\u0131 Narenciye Festivali, bu markala\u015fma \u00e7al\u0131\u015fmalar\u0131n\u0131n en \u00f6nemli \u00f6rneklerinden birini olu\u015fturmaktad\u0131r.\u201d diye konu\u015ftu.<\/p>\n","protected":false},"excerpt":{"rendered":"<p>Mersin\u2019de 7\u2019incisi d\u00fczenlenen Uluslararas\u0131 Mersin Narenciye Festivalinin kapan\u0131\u015f toplant\u0131s\u0131 d\u00fczenlendi. \u00d6zdemir, &#8220;Mersinliler olarak b\u00fct\u00fcnle\u015ftik ve kentimizin simgesi olan narenciye etraf\u0131nda kenetlenerek, tek v\u00fccut olabilece\u011fimizi herkese g\u00f6sterdik.&#8221;\u00a0 1-3 Kas\u0131m 2019 tarihleri &hellip; <a href=\"https:\/\/mersinekonomipolitikagazetesi.com\/?p=5722\" class=\"more-link\">Devam\u0131n\u0131 Oku&#8230;<\/a><\/p>\n","protected":false},"author":1,"featured_media":0,"comment_status":"open","ping_status":"open","sticky":false,"template":"","format":"standard","meta":[],"categories":[],"tags":[],"_links":{"self":[{"href":"https:\/\/mersinekonomipolitikagazetesi.com\/index.php?rest_route=\/wp\/v2\/posts\/5722"}],"collection":[{"href":"https:\/\/mersinekonomipolitikagazetesi.com\/index.php?rest_route=\/wp\/v2\/posts"}],"about":[{"href":"https:\/\/mersinekonomipolitikagazetesi.com\/index.php?rest_route=\/wp\/v2\/types\/post"}],"author":[{"embeddable":true,"href":"https:\/\/mersinekonomipolitikagazetesi.com\/index.php?rest_route=\/wp\/v2\/users\/1"}],"replies":[{"embeddable":true,"href":"https:\/\/mersinekonomipolitikagazetesi.com\/index.php?rest_route=%2Fwp%2Fv2%2Fcomments&post=5722"}],"version-history":[{"count":0,"href":"https:\/\/mersinekonomipolitikagazetesi.com\/index.php?rest_route=\/wp\/v2\/posts\/5722\/revisions"}],"wp:attachment":[{"href":"https:\/\/mersinekonomipolitikagazetesi.com\/index.php?rest_route=%2Fwp%2Fv2%2Fmedia&parent=5722"}],"wp:term":[{"taxonomy":"category","embeddable":true,"href":"https:\/\/mersinekonomipolitikagazetesi.com\/index.php?rest_route=%2Fwp%2Fv2%2Fcategories&post=5722"},{"taxonomy":"post_tag","embeddable":true,"href":"https:\/\/mersinekonomipolitikagazetesi.com\/index.php?rest_route=%2Fwp%2Fv2%2Ftags&post=5722"}],"curies":[{"name":"wp","href":"https:\/\/api.w.org\/{rel}","templated":true}]}}