{"id":5723,"date":"2020-11-04T18:26:09","date_gmt":"2020-11-04T15:26:09","guid":{"rendered":"http:\/\/mersinekonomipolitikagazetesi.com\/?p=5723"},"modified":"2020-11-04T18:26:09","modified_gmt":"2020-11-04T15:26:09","slug":"kizilayla-ilgili-sorularimiza-4-aydir-muhattap-bulamadik","status":"publish","type":"post","link":"https:\/\/mersinekonomipolitikagazetesi.com\/?p=5723","title":{"rendered":"KIZILAYLA \u0130LG\u0130L\u0130 SORULARIMIZA 4 AYDIR MUHATTAP BULAMADIK.!"},"content":{"rendered":"<p>\u0130Y\u0130 Parti Adana Milletvekili \u0130smail KONCUK\u2019un 20 Eyl\u00fcl 2019\u2019da verdi\u011fi, Cumhurba\u015fkan\u0131 Yard\u0131mc\u0131s\u0131 Say\u0131n Fuat OKTAY\u2019a soru \u00f6nergesinde K\u0131z\u0131lay\u2019\u0131n; \u201cK\u0131z\u0131lay\u2019a yap\u0131lan ba\u011f\u0131\u015flar\u0131, ba\u015fka vak\u0131flara nakit olarak da\u011f\u0131tt\u0131\u011f\u0131 do\u011fru mudur? Ba\u015fka vak\u0131flara yap\u0131lan yard\u0131mlar hangi gerek\u00e7e ile neden yap\u0131lmaktad\u0131r? Bir insani yard\u0131m hizmetinde bulunan bir kurum olan K\u0131z\u0131lay\u2019\u0131n ger\u00e7ek g\u00f6revini yapmas\u0131 ve israflar\u0131n \u00f6nlenmesi i\u00e7in, y\u00f6neticilerine y\u00f6nelik gerekli soru\u015fturma\/kovu\u015fturma yapacak m\u0131s\u0131n\u0131z?\u201d sorular\u0131n\u0131 sordu\u011funu ancak cevaplanmad\u0131\u011f\u0131n\u0131 belirtti.<\/p>\n<p>KONCUK, soru \u00f6nergesinde \u201cT\u00fcm bu \u015faibeler orta iken son g\u00fcnlerde bas\u0131nda yer alan K\u0131z\u0131lay Y\u00f6netim Kurulu Ba\u015fkan\u0131 Kerem K\u0131n\u0131k kat\u0131ld\u0131\u011f\u0131 bir televizyon program\u0131nda \u201cVergi ka\u00e7\u0131rmak ba\u015fkad\u0131r, vergiden ka\u00e7\u0131nmak ba\u015fka. Fark\u0131 \u015fudur, devlet size yasal olarak bir imtiyaz tan\u0131yor\u201d \u015feklindeki a\u00e7\u0131klamas\u0131n\u0131n g\u00f6rsel bas\u0131nda yer ald\u0131\u011f\u0131 bilinmektedir. Kamu hazinesine gitmesi gereken para neden Ensar Vakf\u0131\u2019na gidiyor ve bu operasyona neden K\u0131z\u0131lay Derne\u011fi paravan yap\u0131l\u0131yor? Ba\u015fkent Gaz taraf\u0131ndan yap\u0131lan ba\u011f\u0131\u015f\u0131n, K\u0131z\u0131lay \u00fczerinden, Ensar Vakf\u0131\u2019na g\u00f6nderilmesinin K\u0131z\u0131lay\u2019a olan g\u00fcvene zarar verece\u011fini d\u00fc\u015f\u00fcnmekte misiniz? K\u0131z\u0131lay Ba\u015fkan\u0131 Kerem K\u0131n\u0131k\u2019\u0131n And\u0131m\u0131zla dalga ge\u00e7mesi, T\u00fcrkl\u00fc\u011f\u00fc a\u015fa\u011f\u0131lay\u0131c\u0131 bir karikat\u00fcr\u00fc payla\u015fmas\u0131, toplumda b\u00fcy\u00fck infial yaratm\u0131\u015ft\u0131r. Herkese, her g\u00f6r\u00fc\u015fe sayg\u0131 duymas\u0131 gereken bir kurumun, Kurum Ba\u015fkan\u0131 eliyle siyasalla\u015ft\u0131r\u0131lmas\u0131 do\u011fru mudur?\u00a0 Kerem K\u0131n\u0131k\u2019\u0131n, K\u0131z\u0131lay Ba\u015fkan\u0131 olarak devam etmesinin kuruma zarar verece\u011fini d\u00fc\u015f\u00fcn\u00fcyor musunuz?\u201d<\/p>\n<p>\u0130Y\u0130 Parti Adana Milletvekili KONCUK, \u201cBas\u0131na d\u00fc\u015fen haberlere g\u00f6re K\u0131z\u0131lay Ba\u015fkan\u0131 Kerem K\u0131n\u0131k\u2019\u0131n o\u011flu Muhammet Furkan K\u0131n\u0131k\u2019\u0131n Gen\u00e7 K\u0131z\u0131lay Ba\u015fkan Yard\u0131mc\u0131s\u0131 oldu\u011fu do\u011fru mudur?\u201d diyerek s\u00f6zlerine son verdi.<\/p>\n","protected":false},"excerpt":{"rendered":"<p>\u0130Y\u0130 Parti Adana Milletvekili \u0130smail KONCUK\u2019un 20 Eyl\u00fcl 2019\u2019da verdi\u011fi, Cumhurba\u015fkan\u0131 Yard\u0131mc\u0131s\u0131 Say\u0131n Fuat OKTAY\u2019a soru \u00f6nergesinde K\u0131z\u0131lay\u2019\u0131n; \u201cK\u0131z\u0131lay\u2019a yap\u0131lan ba\u011f\u0131\u015flar\u0131, ba\u015fka vak\u0131flara nakit olarak da\u011f\u0131tt\u0131\u011f\u0131 do\u011fru mudur? Ba\u015fka vak\u0131flara &hellip; <a href=\"https:\/\/mersinekonomipolitikagazetesi.com\/?p=5723\" class=\"more-link\">Devam\u0131n\u0131 Oku&#8230;<\/a><\/p>\n","protected":false},"author":1,"featured_media":0,"comment_status":"open","ping_status":"open","sticky":false,"template":"","format":"standard","meta":[],"categories":[],"tags":[],"_links":{"self":[{"href":"https:\/\/mersinekonomipolitikagazetesi.com\/index.php?rest_route=\/wp\/v2\/posts\/5723"}],"collection":[{"href":"https:\/\/mersinekonomipolitikagazetesi.com\/index.php?rest_route=\/wp\/v2\/posts"}],"about":[{"href":"https:\/\/mersinekonomipolitikagazetesi.com\/index.php?rest_route=\/wp\/v2\/types\/post"}],"author":[{"embeddable":true,"href":"https:\/\/mersinekonomipolitikagazetesi.com\/index.php?rest_route=\/wp\/v2\/users\/1"}],"replies":[{"embeddable":true,"href":"https:\/\/mersinekonomipolitikagazetesi.com\/index.php?rest_route=%2Fwp%2Fv2%2Fcomments&post=5723"}],"version-history":[{"count":0,"href":"https:\/\/mersinekonomipolitikagazetesi.com\/index.php?rest_route=\/wp\/v2\/posts\/5723\/revisions"}],"wp:attachment":[{"href":"https:\/\/mersinekonomipolitikagazetesi.com\/index.php?rest_route=%2Fwp%2Fv2%2Fmedia&parent=5723"}],"wp:term":[{"taxonomy":"category","embeddable":true,"href":"https:\/\/mersinekonomipolitikagazetesi.com\/index.php?rest_route=%2Fwp%2Fv2%2Fcategories&post=5723"},{"taxonomy":"post_tag","embeddable":true,"href":"https:\/\/mersinekonomipolitikagazetesi.com\/index.php?rest_route=%2Fwp%2Fv2%2Ftags&post=5723"}],"curies":[{"name":"wp","href":"https:\/\/api.w.org\/{rel}","templated":true}]}}