{"id":5729,"date":"2020-11-04T18:26:10","date_gmt":"2020-11-04T15:26:10","guid":{"rendered":"http:\/\/mersinekonomipolitikagazetesi.com\/?p=5729"},"modified":"2020-11-04T18:26:10","modified_gmt":"2020-11-04T15:26:10","slug":"mersinde-alisveris-festivali-cilginligi","status":"publish","type":"post","link":"https:\/\/mersinekonomipolitikagazetesi.com\/?p=5729","title":{"rendered":"Mersin\u2019de Al\u0131\u015fveri\u015f Festivali \u00e7\u0131lg\u0131nl\u0131\u011f\u0131"},"content":{"rendered":"<p>Mersin\u2019de indirimli \u00fcr\u00fcnlerin yer ald\u0131\u011f\u0131 Al\u0131\u015fveri\u015f Festivali, vatanda\u015flar\u0131n ak\u0131n\u0131na u\u011frad\u0131. Y\u00fczde 70\u2019lere varan indirimli \u00fcr\u00fcnlerden faydalanmak isteyen Mersinliler, ak\u0131n ak\u0131n geldikleri festival \u00e7ad\u0131r\u0131nda, adeta al\u0131\u015fveri\u015f \u00e7\u0131lg\u0131nl\u0131\u011f\u0131 ya\u015fad\u0131.\u00a0<br \/>\nMerkez Yeni\u015fehir il\u00e7esinde d\u00fczenlenen &#8216;Elitefest Al\u0131\u015fveri\u015f Festivali&#8217;, T\u00fcrkiye\u2019nin bir\u00e7ok b\u00f6lgesinden y\u00fczlerce \u00e7e\u015fit \u00fcr\u00fcn\u00fc Mersinlilerin be\u011fenisine sundu. Mersin\u2019de ilk kez d\u00fczenlenen ve y\u00fcze yak\u0131n firman\u0131n stant a\u00e7t\u0131\u011f\u0131n\u0131 festival \u00e7ad\u0131r\u0131, sabah\u0131n erken saatlerinden itibaren vatanda\u015flar\u0131n ak\u0131n\u0131na u\u011frad\u0131. G\u0131dadan-giyime, s\u00fcs e\u015fyas\u0131ndan-z\u00fcccaciyeye her t\u00fcrl\u00fc \u00fcr\u00fcn\u00fcn yer ald\u0131\u011f\u0131 festival, \u00fcr\u00fcn kalitesi ve uygun fiyatlar\u0131yla dikkat \u00e7ekti. Festival \u00e7ad\u0131r\u0131n\u0131 t\u0131ka basa dolduran vatanda\u015flar, doyas\u0131ya ucuz al\u0131\u015fveri\u015fin tad\u0131n\u0131 \u00e7\u0131kard\u0131.\u00a0<br \/>\nY\u00fczde 50 ila 70\u2019lere varan indirimlerin yer ald\u0131\u011f\u0131 festivalde, indirimli \u00fcr\u00fcnlerden faydalanmak isteyen Mersinliler, adeta al\u0131\u015fveri\u015f \u00e7\u0131lg\u0131nl\u0131\u011f\u0131 ya\u015fad\u0131. \u00d6zellikle kad\u0131nlar\u0131n yo\u011fun ilgi g\u00f6sterdi\u011fi festival, hem esnaf\u0131 hem de t\u00fcketiciyi memnun etti. 9 \u015eubat tarihine kadar s\u00fcrecek olan festivale b\u00fcy\u00fck ilgi g\u00f6steren Mersinliler, \u00fcr\u00fcn \u00e7e\u015fitlili\u011fi, kalitesi ve fiyatlar\u0131ndan olduk\u00e7a memnun olduklar\u0131n\u0131 s\u00f6ylediler.\u00a0<br \/>\nElitefest organizat\u00f6r\u00fc Ne\u015fe T\u00fct\u00fcnc\u00fco\u011flu, Mersin\u2019de ilk kez b\u00f6yle bir organizasyon d\u00fczenlediklerini belirterek, &#8220;B\u00fcy\u00fck firmalar\u0131m\u0131z\u0131n y\u00fczde 50-70\u2019e varan \u00fcr\u00fcnlerini Mersin\u2019deki han\u0131mlarla bulu\u015fturmak istedik. \u00c7ok b\u00fcy\u00fck ilgi var. Bunun da nedeni indirimli \u00fcr\u00fcnler. Bursa\u2019dan, \u0130stanbul\u2019dan, \u0130zmir\u2019den, Ankara\u2019dan, Antalya\u2019dan ve Mersin\u2019den kat\u0131lan firmalar\u0131m\u0131z var. 9 \u015eubat\u2019a kadar buraday\u0131z. Sabah 10.00\u2019dan gece 22.00\u2019ye kadar a\u00e7\u0131\u011f\u0131z, indirimli \u00fcr\u00fcnleri ka\u00e7\u0131rmak istemeyen herkesi bekliyoruz. Her t\u00fcrl\u00fc \u00fcr\u00fcn\u00fc burada bulmak m\u00fcmk\u00fcn&#8221; dedi.\u00a0<br \/>\nFestivale kat\u0131lan firma temsilcileri de Mersin\u2019de ilk kez yap\u0131lan bu organizasyonun b\u00fcy\u00fck ilgi ile kar\u015f\u0131land\u0131\u011f\u0131n\u0131 ifade ederek, sat\u0131\u015flardan ve g\u00f6sterilen ilgiden memnun olduklar\u0131n\u0131 s\u00f6ylediler. \u00a0<\/p>\n","protected":false},"excerpt":{"rendered":"<p>Mersin\u2019de indirimli \u00fcr\u00fcnlerin yer ald\u0131\u011f\u0131 Al\u0131\u015fveri\u015f Festivali, vatanda\u015flar\u0131n ak\u0131n\u0131na u\u011frad\u0131. Y\u00fczde 70\u2019lere varan indirimli \u00fcr\u00fcnlerden faydalanmak isteyen Mersinliler, ak\u0131n ak\u0131n geldikleri festival \u00e7ad\u0131r\u0131nda, adeta al\u0131\u015fveri\u015f \u00e7\u0131lg\u0131nl\u0131\u011f\u0131 ya\u015fad\u0131.\u00a0 Merkez Yeni\u015fehir il\u00e7esinde &hellip; <a href=\"https:\/\/mersinekonomipolitikagazetesi.com\/?p=5729\" class=\"more-link\">Devam\u0131n\u0131 Oku&#8230;<\/a><\/p>\n","protected":false},"author":1,"featured_media":0,"comment_status":"open","ping_status":"open","sticky":false,"template":"","format":"standard","meta":[],"categories":[],"tags":[],"_links":{"self":[{"href":"https:\/\/mersinekonomipolitikagazetesi.com\/index.php?rest_route=\/wp\/v2\/posts\/5729"}],"collection":[{"href":"https:\/\/mersinekonomipolitikagazetesi.com\/index.php?rest_route=\/wp\/v2\/posts"}],"about":[{"href":"https:\/\/mersinekonomipolitikagazetesi.com\/index.php?rest_route=\/wp\/v2\/types\/post"}],"author":[{"embeddable":true,"href":"https:\/\/mersinekonomipolitikagazetesi.com\/index.php?rest_route=\/wp\/v2\/users\/1"}],"replies":[{"embeddable":true,"href":"https:\/\/mersinekonomipolitikagazetesi.com\/index.php?rest_route=%2Fwp%2Fv2%2Fcomments&post=5729"}],"version-history":[{"count":0,"href":"https:\/\/mersinekonomipolitikagazetesi.com\/index.php?rest_route=\/wp\/v2\/posts\/5729\/revisions"}],"wp:attachment":[{"href":"https:\/\/mersinekonomipolitikagazetesi.com\/index.php?rest_route=%2Fwp%2Fv2%2Fmedia&parent=5729"}],"wp:term":[{"taxonomy":"category","embeddable":true,"href":"https:\/\/mersinekonomipolitikagazetesi.com\/index.php?rest_route=%2Fwp%2Fv2%2Fcategories&post=5729"},{"taxonomy":"post_tag","embeddable":true,"href":"https:\/\/mersinekonomipolitikagazetesi.com\/index.php?rest_route=%2Fwp%2Fv2%2Ftags&post=5729"}],"curies":[{"name":"wp","href":"https:\/\/api.w.org\/{rel}","templated":true}]}}