{"id":5733,"date":"2020-11-04T18:26:10","date_gmt":"2020-11-04T15:26:10","guid":{"rendered":"http:\/\/mersinekonomipolitikagazetesi.com\/?p=5733"},"modified":"2020-11-04T18:26:10","modified_gmt":"2020-11-04T15:26:10","slug":"cukurova-bolgesel-havalimaninda-ust-yapi-ihalesine-cikildi","status":"publish","type":"post","link":"https:\/\/mersinekonomipolitikagazetesi.com\/?p=5733","title":{"rendered":"&#8220;\u00c7ukurova B\u00f6lgesel Havaliman\u0131&#8217;nda \u00fcst yap\u0131 ihalesine \u00e7\u0131k\u0131ld\u0131&#8221;"},"content":{"rendered":"<p>TBMM Plan ve B\u00fct\u00e7e Komisyonu Ba\u015fkan\u0131 L\u00fctfi Elvan, \u00c7ukurova B\u00f6lgesel Havaliman\u0131&#8217;nda \u00fcst yap\u0131 ihalesine \u00e7\u0131k\u0131ld\u0131\u011f\u0131n\u0131 belirterek, &#8220;4 \u015eubat itibar\u0131yla t\u00fcm teklifler al\u0131nm\u0131\u015f olacak. \u0130n\u015fallah \u015fubat ay\u0131 sonuna do\u011fru \u00fcst yap\u0131da yap\u0131m \u00e7al\u0131\u015fmalar\u0131na ba\u015flayaca\u011f\u0131z&#8221; dedi.<br \/>\nTBMM Plan ve B\u00fct\u00e7e Komisyonu Ba\u015fkan\u0131 L\u00fctfi Elvan, beraberinde Mersin Valisi Ali \u0130hsan Su, AK Parti Mersin milletvekilleri Hac\u0131 \u00d6zkan ve Zeynep G\u00fcl Y\u0131lmaz ile Mut il\u00e7esindeki Yerk\u00f6pr\u00fc \u015eelalesinde incelemelerde bulundu. Ard\u0131ndan Gezende Baraj<\/p>\n<p>TBMM Plan ve B\u00fct\u00e7e Komisyonu Ba\u015fkan\u0131 L\u00fctfi Elvan, \u00c7ukurova B\u00f6lgesel Havaliman\u0131&#8217;nda \u00fcst yap\u0131 ihalesine \u00e7\u0131k\u0131ld\u0131\u011f\u0131n\u0131 belirterek, &#8220;4 \u015eubat itibar\u0131yla t\u00fcm teklifler al\u0131nm\u0131\u015f olacak. \u0130n\u015fallah \u015fubat ay\u0131 sonuna do\u011fru \u00fcst yap\u0131da yap\u0131m \u00e7al\u0131\u015fmalar\u0131na ba\u015flayaca\u011f\u0131z&#8221; dedi.\u00a0<br \/>\nTBMM Plan ve B\u00fct\u00e7e Komisyonu Ba\u015fkan\u0131 L\u00fctfi Elvan, beraberinde Mersin Valisi Ali \u0130hsan Su, AK Parti Mersin milletvekilleri Hac\u0131 \u00d6zkan ve Zeynep G\u00fcl Y\u0131lmaz ile Mut il\u00e7esindeki Yerk\u00f6pr\u00fc \u015eelalesinde incelemelerde bulundu. Ard\u0131ndan Gezende Baraj\u0131 ve Hidroelektrik Santralini ziyaret eden Elvan, burada sivil toplum kurulu\u015flar\u0131 ve \u00fcreticilerin sorunlar\u0131n\u0131 dinledi.\u00a0<br \/>\nMersin program\u0131 kapsam\u0131nda daha sonra Silifke il\u00e7esine ge\u00e7erek sanayici ve sivil toplum kurulu\u015flar\u0131n\u0131n temsilcileriyle bir araya gelen Elvan, b\u00f6lgenin ula\u015f\u0131m\u0131yla ilgili en \u00f6nemli projelerden biri olan Akdeniz Sahil Yolu&#8217;nun, zorlu bir co\u011frafyada ger\u00e7ekle\u015ftirildi\u011fini s\u00f6yledi. Yoldaki t\u00fcnel \u00e7al\u0131\u015fmalar\u0131n\u0131n devam etti\u011fini ifade eden Elvan, \u00e7al\u0131\u015fmalar\u0131 s\u00fcren 5 t\u00fcnel ile 2 viyad\u00fc\u011f\u00fc bu y\u0131l hizmete a\u00e7may\u0131 hedeflediklerini belirtti.\u00a0<br \/>\n2019 y\u0131l\u0131nda Mersin&#8217;deki ula\u015f\u0131m projeleri i\u00e7in 800 milyon liraya yak\u0131n b\u00fct\u00e7e kullan\u0131ld\u0131\u011f\u0131n\u0131 kaydeden Elvan, bunun b\u00fcy\u00fck bir b\u00f6l\u00fcm\u00fcn\u00fcn Akdeniz Sahil Yolu ile Mut- Silifke yoluna harcand\u0131\u011f\u0131n\u0131 s\u00f6yledi. Konu\u015fmas\u0131nda yap\u0131m\u0131 devam eden Mut-Silifke yoluna da de\u011finen Elvan, 1.5 y\u0131l \u00f6nce ba\u015flayan \u00e7al\u0131\u015fmalar\u0131n \u00e7ok h\u0131zl\u0131 ilerledi\u011fini vurgulayarak, &#8220;\u015eu anda 2 t\u00fcnelimiz bitti. Betonlama ve trafi\u011fe ba\u011flanma \u00e7al\u0131\u015fmalar\u0131 kald\u0131. Bir t\u00fcnelde \u00e7al\u0131\u015fma s\u00fcr\u00fcyor. Buradaki 2 t\u00fcnel ve Akdeniz Sahil Yolundaki 5 t\u00fcnelle in\u015fallah 7 t\u00fcneli a\u00e7may\u0131 istiyoruz&#8221; diye konu\u015ftu.\u00a0<br \/>\nElvan, Mersin-Antalya aras\u0131ndaki ula\u015f\u0131m\u0131 rahatlatacak di\u011fer bir \u00e7al\u0131\u015fman\u0131n da \u00c7e\u015fmeli- Ta\u015fucu Otoyolu oldu\u011funu belirterek, ilk etapta \u00c7e\u015fmeli&#8217;den K\u0131zkalesi \u00e7\u0131k\u0131\u015f\u0131na kadar olan kesimin ihalesine \u00e7\u0131k\u0131laca\u011f\u0131n\u0131 kaydetti.\u00a0<br \/>\nKonu\u015fmas\u0131n\u0131n sonunda, \u00c7ukurova B\u00f6lgesel Havaliman\u0131&#8217;nda \u00fcst yap\u0131 ihalesine \u00e7\u0131k\u0131ld\u0131\u011f\u0131n\u0131 dile getiren Elvan, &#8220;4 \u015eubat itibar\u0131yla t\u00fcm teklifler al\u0131nm\u0131\u015f olacak. Bakanl\u0131k de\u011ferlendirmeyi yapacak. \u0130n\u015fallah \u015fubat ay\u0131 sonuna do\u011fru \u00fcst yap\u0131da yap\u0131m \u00e7al\u0131\u015fmalar\u0131na ba\u015flayaca\u011f\u0131z. Buradaki hedefimiz bir y\u0131l gibi bir s\u00fcrede bu yat\u0131r\u0131m\u0131 tamamlamak. S\u0131k\u0131nt\u0131lar, aksakl\u0131klar ya\u015fad\u0131k ama in\u015fallah sonuca ula\u015ft\u0131raca\u011f\u0131z. Zor olan alt yap\u0131 k\u0131sm\u0131 bitti. Biten pistimiz \u015fu an u\u00e7ak inebilecek konumda&#8221; ifadelerini kulland\u0131. \u00a0<\/p>\n","protected":false},"excerpt":{"rendered":"<p>TBMM Plan ve B\u00fct\u00e7e Komisyonu Ba\u015fkan\u0131 L\u00fctfi Elvan, \u00c7ukurova B\u00f6lgesel Havaliman\u0131&#8217;nda \u00fcst yap\u0131 ihalesine \u00e7\u0131k\u0131ld\u0131\u011f\u0131n\u0131 belirterek, &#8220;4 \u015eubat itibar\u0131yla t\u00fcm teklifler al\u0131nm\u0131\u015f olacak. \u0130n\u015fallah \u015fubat ay\u0131 sonuna do\u011fru \u00fcst yap\u0131da &hellip; <a href=\"https:\/\/mersinekonomipolitikagazetesi.com\/?p=5733\" class=\"more-link\">Devam\u0131n\u0131 Oku&#8230;<\/a><\/p>\n","protected":false},"author":1,"featured_media":0,"comment_status":"open","ping_status":"open","sticky":false,"template":"","format":"standard","meta":[],"categories":[],"tags":[],"_links":{"self":[{"href":"https:\/\/mersinekonomipolitikagazetesi.com\/index.php?rest_route=\/wp\/v2\/posts\/5733"}],"collection":[{"href":"https:\/\/mersinekonomipolitikagazetesi.com\/index.php?rest_route=\/wp\/v2\/posts"}],"about":[{"href":"https:\/\/mersinekonomipolitikagazetesi.com\/index.php?rest_route=\/wp\/v2\/types\/post"}],"author":[{"embeddable":true,"href":"https:\/\/mersinekonomipolitikagazetesi.com\/index.php?rest_route=\/wp\/v2\/users\/1"}],"replies":[{"embeddable":true,"href":"https:\/\/mersinekonomipolitikagazetesi.com\/index.php?rest_route=%2Fwp%2Fv2%2Fcomments&post=5733"}],"version-history":[{"count":0,"href":"https:\/\/mersinekonomipolitikagazetesi.com\/index.php?rest_route=\/wp\/v2\/posts\/5733\/revisions"}],"wp:attachment":[{"href":"https:\/\/mersinekonomipolitikagazetesi.com\/index.php?rest_route=%2Fwp%2Fv2%2Fmedia&parent=5733"}],"wp:term":[{"taxonomy":"category","embeddable":true,"href":"https:\/\/mersinekonomipolitikagazetesi.com\/index.php?rest_route=%2Fwp%2Fv2%2Fcategories&post=5733"},{"taxonomy":"post_tag","embeddable":true,"href":"https:\/\/mersinekonomipolitikagazetesi.com\/index.php?rest_route=%2Fwp%2Fv2%2Ftags&post=5733"}],"curies":[{"name":"wp","href":"https:\/\/api.w.org\/{rel}","templated":true}]}}