{"id":5734,"date":"2020-11-04T18:26:10","date_gmt":"2020-11-04T15:26:10","guid":{"rendered":"http:\/\/mersinekonomipolitikagazetesi.com\/?p=5734"},"modified":"2020-11-04T18:26:10","modified_gmt":"2020-11-04T15:26:10","slug":"toroslarda-karfest-mersinlilerin-icini-isitti-arslankoye-kis-turizm-tesisi-kazandirilacak","status":"publish","type":"post","link":"https:\/\/mersinekonomipolitikagazetesi.com\/?p=5734","title":{"rendered":"Toroslar\u2019da KarFest Mersinliler\u2019in \u0130\u00e7ini Is\u0131tt\u0131 ARSLANK\u00d6Y\u2019E KI\u015e TUR\u0130ZM TES\u0130S\u0130 KAZANDIRILACAK"},"content":{"rendered":"<p>Toroslar Belediyesi&#8217;nin bir ilk olarak ger\u00e7ekle\u015ftirdi\u011fi Kar Festivali co\u015fkuyla sona erdi. Ba\u015fkan Y\u0131lmaz, \u201cB\u00f6lgemizde bir k\u0131\u015f turizm tesisini kazand\u0131raca\u011f\u0131z.&#8221; diyerek m\u00fcjde verdi.<\/p>\n<p>Toroslar Belediyesi, kentte bir ilki ger\u00e7ekle\u015ftirerek Kar Festivali d\u00fczenledi. Toroslar\u2019\u0131n zirvesinde 1453 rak\u0131mdaki Arslank\u00f6y Yaylas\u0131&#8217;nda Toroslar Kar Festivali ad\u0131yla ger\u00e7ekle\u015ftirilen ve iki g\u00fcn s\u00fcren festivale yo\u011fun ilgi g\u00f6steren vatanda\u015flar birbirinden renkli etkinliklerin tad\u0131n\u0131 \u00e7\u0131kard\u0131.<\/p>\n<p>\u00dccretsiz minib\u00fcs seferleri d\u00fczenlendi<\/p>\n<p>Toroslar Belediyesi&#8217;nin Elaz\u0131\u011f\u2019da meydana gelen deprem nedeniyle erteledi\u011fi festival Toros Da\u011flar\u0131n\u0131n zirvesindeki Arslank\u00f6y Mahallesi&#8217;de ger\u00e7ekle\u015fti. Mersin\u2019de ilk olma \u00f6zelli\u011fi ta\u015f\u0131yan Kar Festivali vatanda\u015flar Toros Da\u011flar\u0131 manzaras\u0131nda sportif etkinlikler ve birbirinden e\u011flenceli aktivitelerle bulu\u015fturdu. Festival \u00a0kapsam\u0131nda Mersinliler i\u00e7in Arslank\u00f6y\u2019e \u00fccretsiz seferler d\u00fczenlenirken alanda kurulan Y\u00f6r\u00fck \u00e7ad\u0131r\u0131 ve stantlarda k\u00f6yl\u00fclere kendi \u00fcr\u00fcnlerini satma olana\u011f\u0131 da tan\u0131nd\u0131.<br \/>\n\u00a0\u00a0 \u00a0\u00a0\u00a0 \u00a0\u00a0\u00a0 \u00a0\u00a0\u00a0 \u00a0\u00a0\u00a0 \u00a0 \u00a0 \u00a0 \u00a0 \u00a0 \u00a0 \u00a0 \u00a0 \u00a0\u00a0<br \/>\nMersinliler Eypio ile co\u015ftu<\/p>\n<p>Festivalin ilk g\u00fcn\u00fcnde kardan adam yar\u0131\u015fmas\u0131, kayakl\u0131 ko\u015fu, Buz Heykel Sergisi ve animasyon g\u00f6sterileri Mersinlilere keyifli anlar ya\u015farken, ikinci g\u00fcn\u00fcnde bir\u00e7ok yama\u00e7 para\u015f\u00fct\u00fc, kayak, snowboard gibi etkinliklerle e\u011flenen vatanda\u015flar T\u00fcrk\u00e7e rap sanat\u00e7\u0131s\u0131 Eypio ile co\u015ftu. Sanat\u00e7\u0131n\u0131n \u015fark\u0131lar\u0131na e\u015flik eden dinleyiciler sahneye \u00e7\u0131karak dans etti.\u00a0<\/p>\n<p>&#8216;Vatanda\u015f\u0131m\u0131zdan \u00e7ok yo\u011fun ilgi ve kat\u0131l\u0131m oldu&#8221;<\/p>\n<p>Toroslar Belediye Ba\u015fkan\u0131 Ats\u0131z Af\u015f\u0131n Y\u0131lmaz, Kar Festivaline e\u015fi ve \u00e7ocu\u011fu ile birlikte gelerek alan\u0131 gezdi ve vatanda\u015flarla foto\u011fraf \u00e7ekildi. Ba\u015fkan Y\u0131lmaz, bas\u0131n mensuplar\u0131na yapt\u0131\u011f\u0131 a\u00e7\u0131klamada, festivale \u00e7ok s\u0131k\u0131 haz\u0131rland\u0131klar\u0131n\u0131 ve g\u00fczel bir etkinli\u011fi ortaya koyduklar\u0131n\u0131 s\u00f6yledi.\u00a0<br \/>\nY\u0131lmaz, \u201cVatanda\u015f\u0131m\u0131zdan \u00e7ok yo\u011fun ilgi ve kat\u0131l\u0131m oldu. Hatta Mersin merkezde de\u011fi\u015fik noktalardan kald\u0131rd\u0131\u011f\u0131m\u0131z ara\u00e7lar\u0131n say\u0131s\u0131n\u0131 iki-\u00fc\u00e7 kat\u0131na \u00e7\u0131karmak zorunda kald\u0131k. Vatanda\u015flar\u0131n \u00e7ok g\u00fczel vakit ge\u00e7irdiklerini g\u00f6r\u00fcyorum, \u00e7ok memnunlar. K\u00f6yl\u00fcm\u00fcz de memnun.\u201d diye konu\u015ftu.<\/p>\n<p>&#8220;\u0130lk ad\u0131m\u0131 atm\u0131\u015f olduk&#8221;<\/p>\n<p>Festivali d\u00fczenledikleri i\u00e7in \u00e7ok mutlu olduklar\u0131n\u0131 vurgulayan Y\u0131lmaz, \u201cMersin\u2019de 40-50 y\u0131ld\u0131r yayla turizminden bahsedilir. Biz bu y\u00f6nde ilk ad\u0131m\u0131 atm\u0131\u015f, bir \u00e7\u0131\u011f\u0131r a\u00e7m\u0131\u015f olduk ve buna devam edece\u011fiz. \u00c7\u00fcnk\u00fc Mersin\u2019in buna ihtiyac\u0131 var. Toroslar\u2019da bunu ger\u00e7ekle\u015ftirecek her \u015feyimiz var. \u00c7ok mutluyum.\u201d diye vurgulad\u0131.<\/p>\n<p>&#8220;B\u00f6lgeye k\u0131\u015f turizm tesisi kazand\u0131raca\u011f\u0131z.&#8221;<\/p>\n<p>Ba\u015fkan Y\u0131lmaz Mersin&#8217;in yaz turizmi ile g\u00fcndeme geldi\u011fini belirterek, &#8220;Akdeniz&#8217;de, Toroslar&#8217;da ve Mersin&#8217;de kayak, snowboard, kar festivalinin ve k\u0131\u015f turizminin ger\u00e7ekle\u015ftirilebilece\u011fini hep birlikte kan\u0131tlad\u0131k.Yeni bir a\u00e7\u0131l\u0131m yapmak istedik. Toroslarda bir ilki ger\u00e7ekle\u015ftirmek istedik ve kat\u0131larak destek verdiniz. B\u00f6lgemizde bir k\u0131\u015f turizm tesisini kazand\u0131raca\u011f\u0131z.&#8221; diyerek m\u00fcjde verdi.<\/p>\n<p>Kar Voleybolu b\u00fcy\u00fck bir finalle sona erdi<\/p>\n<p>Kar Festivalinde T\u00fcrkiye\u2019de ikincisi ger\u00e7ekle\u015ftirilen Kar Voleybolu T\u00fcrkiye \u015eampiyonas\u0131 da yap\u0131ld\u0131. Toroslar Belediyesi ve T\u00fcrkiye Voleybol Federasyonu i\u015fbirli\u011fiyle festival alan\u0131nda d\u00fczenlenen \u015fampiyonaya 6 erkek ve 5 kad\u0131n tak\u0131m\u0131 kat\u0131ld\u0131. Toplam 44 sporcu, dereceye girebilmek i\u00e7in k\u0131yas\u0131ya m\u00fccadele etti.<br \/>\n\u015eampiyon tak\u0131mlar, Nisan 2020\u2019de Avusturya&#8217;da yap\u0131lacak Avrupa \u015eampiyonas\u0131na kat\u0131lma hakk\u0131 elde etti.\u00a0<br \/>\nFinal ma\u00e7lar\u0131n\u0131n oynamas\u0131n\u0131n ard\u0131ndan \u015fampiyonada dereceye giren ilk 4 tak\u0131ma Toroslar Belediyesi taraf\u0131ndan \u00a020 bin lira \u00f6d\u00fcl verildi.Final m\u00fcsabakas\u0131 sonras\u0131\u00a0<br \/>\nToroslar Belediyesi Ba\u015fkan\u0131 Ats\u0131z Af\u015f\u0131n Y\u0131lmaz, \u00a0MTSO Y\u00f6netim Kurulu Ba\u015fkan\u0131 Ayhan K\u0131z\u0131ltan, MTSO Meclis Ba\u015fkan\u0131 Hamit \u0130zol, Eski Toroslar Belediye Ba\u015fkan\u0131 Hamit Tuna ilk 3&#8217;e giren sporculara hediye ve kupalar\u0131n\u0131 takdim etti.<\/p>\n","protected":false},"excerpt":{"rendered":"<p>Toroslar Belediyesi&#8217;nin bir ilk olarak ger\u00e7ekle\u015ftirdi\u011fi Kar Festivali co\u015fkuyla sona erdi. Ba\u015fkan Y\u0131lmaz, \u201cB\u00f6lgemizde bir k\u0131\u015f turizm tesisini kazand\u0131raca\u011f\u0131z.&#8221; diyerek m\u00fcjde verdi. Toroslar Belediyesi, kentte bir ilki ger\u00e7ekle\u015ftirerek Kar Festivali &hellip; <a href=\"https:\/\/mersinekonomipolitikagazetesi.com\/?p=5734\" class=\"more-link\">Devam\u0131n\u0131 Oku&#8230;<\/a><\/p>\n","protected":false},"author":1,"featured_media":0,"comment_status":"open","ping_status":"open","sticky":false,"template":"","format":"standard","meta":[],"categories":[],"tags":[],"_links":{"self":[{"href":"https:\/\/mersinekonomipolitikagazetesi.com\/index.php?rest_route=\/wp\/v2\/posts\/5734"}],"collection":[{"href":"https:\/\/mersinekonomipolitikagazetesi.com\/index.php?rest_route=\/wp\/v2\/posts"}],"about":[{"href":"https:\/\/mersinekonomipolitikagazetesi.com\/index.php?rest_route=\/wp\/v2\/types\/post"}],"author":[{"embeddable":true,"href":"https:\/\/mersinekonomipolitikagazetesi.com\/index.php?rest_route=\/wp\/v2\/users\/1"}],"replies":[{"embeddable":true,"href":"https:\/\/mersinekonomipolitikagazetesi.com\/index.php?rest_route=%2Fwp%2Fv2%2Fcomments&post=5734"}],"version-history":[{"count":0,"href":"https:\/\/mersinekonomipolitikagazetesi.com\/index.php?rest_route=\/wp\/v2\/posts\/5734\/revisions"}],"wp:attachment":[{"href":"https:\/\/mersinekonomipolitikagazetesi.com\/index.php?rest_route=%2Fwp%2Fv2%2Fmedia&parent=5734"}],"wp:term":[{"taxonomy":"category","embeddable":true,"href":"https:\/\/mersinekonomipolitikagazetesi.com\/index.php?rest_route=%2Fwp%2Fv2%2Fcategories&post=5734"},{"taxonomy":"post_tag","embeddable":true,"href":"https:\/\/mersinekonomipolitikagazetesi.com\/index.php?rest_route=%2Fwp%2Fv2%2Ftags&post=5734"}],"curies":[{"name":"wp","href":"https:\/\/api.w.org\/{rel}","templated":true}]}}