{"id":5736,"date":"2020-11-04T18:26:10","date_gmt":"2020-11-04T15:26:10","guid":{"rendered":"http:\/\/mersinekonomipolitikagazetesi.com\/?p=5736"},"modified":"2020-11-04T18:26:10","modified_gmt":"2020-11-04T15:26:10","slug":"ilcemizin-bir-spor-ussu-olarak-anilmasini-istiyoruz","status":"publish","type":"post","link":"https:\/\/mersinekonomipolitikagazetesi.com\/?p=5736","title":{"rendered":"\u201c\u0130L\u00c7EM\u0130Z\u0130N B\u0130R SPOR \u00dcSS\u00dc  OLARAK ANILMASINI \u0130ST\u0130YORUZ\u201d"},"content":{"rendered":"<p>Toroslar Belediyesi\u2019nin 1 \u015eubat Cumartesi ve 2 \u015eubat Pazar g\u00fcn\u00fc olmak \u00fczere 2 g\u00fcn s\u00fcren Kar Festivaline, Kar Voleybolu T\u00fcrkiye \u015eampiyonas\u0131 damga vurdu.<br \/>\nHer anlamda ilklerin belediyesi olmas\u0131 ve k\u00fclt\u00fcr, sanat, spor gibi alanlarla ad\u0131ndan s\u00f6z ettirmesi amac\u0131yla \u00e7al\u0131\u015fmalar\u0131n\u0131 s\u00fcrd\u00fcren Toroslar Belediyesi, bu kez de hayata ge\u00e7en Kar Festivali Projesi ile Akdeniz\u2019de ilk kez Toroslar\u2019da yap\u0131lan Kar Voleybolu T\u00fcrkiye \u015eampiyonas\u0131na ev sahipli\u011fi yapt\u0131.<br \/>\nToroslar\u2019\u0131n zirvesi Arslank\u00f6y Yaylas\u0131nda yap\u0131lan \u015fampiyona ile ayn\u0131 zamanda 2020 y\u0131l\u0131 Kar Voleybolu sezonunun da a\u00e7\u0131l\u0131\u015f\u0131 yap\u0131ld\u0131.<br \/>\n\u00a0<br \/>\nB\u0130R\u0130NC\u0130 OLAN SPORCULAR \u00dcLKEM\u0130Z\u0130 AVRUPA\u2019DA TEMS\u0130L EDECEK<\/p>\n<p>Toroslar Belediyesi ve T\u00fcrkiye Voleybol Federasyonu (TVF) i\u015fbirli\u011fiyle d\u00fczenlenen Kar Voleybolu T\u00fcrkiye \u015eampiyonas\u0131 grup eleme ma\u00e7lar\u0131n\u0131n ard\u0131ndan final m\u00fcsabakas\u0131 ile son buldu. 6 erkek ve 6 bayan tak\u0131m\u0131 olmak \u00fczere toplam 48 sporcunun m\u00fccadele etti\u011fi \u015fampiyonada dereceye giren sporculara \u00f6d\u00fclleri Toroslar Belediye Ba\u015fkan\u0131 Ats\u0131z Af\u015f\u0131n Y\u0131lmaz ve festivale kat\u0131lan protokol \u00fcyeleri taraf\u0131ndan verildi. \u015eampiyonada birinci olan Simge Yal\u00e7\u0131n, Bahanur G\u00f6kalp, Merve \u00c7elebi, Yasin Baysal, Ali Cebeci, Mehmet \u00c7\u0131vg\u0131n ve \u0130brahim \u00c7and\u0131r ise T\u00fcrkiye&#8217;yi Avrupa \u015eampiyonas\u0131nda temsil etmeye hak kazand\u0131. \u015eampiyon tak\u0131mlar ise 2020 y\u0131l\u0131 Nisan Ay\u0131&#8217;nda Avusturya&#8217;da yap\u0131lacak Avrupa \u015eampiyonas\u0131&#8217;na kat\u0131l\u0131m hakk\u0131 elde etti.<br \/>\n\u015eampiyona, 1 \u015eubat Cumartesi g\u00fcn\u00fc sabah saat 11.00&#8217;de grup ma\u00e7lar\u0131 ile ba\u015flad\u0131. 2 \u015eubat Pazar g\u00fcn\u00fc saat 09.30&#8217;da final grubu Play Off M\u00fcsabakalar\u0131 ile devam eden \u015fampiyonan\u0131n final ma\u00e7lar\u0131 ise yine ayn\u0131 g\u00fcn saat 14.30 ve 16.00 saatleri aras\u0131nda oynand\u0131. Derece giren ilk d\u00f6rt tak\u0131ma Toroslar Belediyesi&#8217;nce toplam 20 bin TL para \u00f6d\u00fcl\u00fc verildi.<br \/>\n\u00a0<br \/>\nTOROSLAR, BOCCE D\u00dcNYA \u015eAMP\u0130YONASININ ARDINDAN KAR VOLEYBOLU T\u00dcRK\u0130YE \u015eAMP\u0130YONASI\u2019NA DA EV SAH\u0130PL\u0130\u011e\u0130 YAPTI<\/p>\n<p>2-9 Kas\u0131m tarihleri aras\u0131nda d\u00fczenlenen 2019 D\u00fcnya Kad\u0131nlar Bocce Kupas\u0131 ve D\u00fcnya Erkekler Bocce \u015eampiyonas\u0131\u2019n\u0131n ard\u0131ndan \u015fimdi de Kar Voleyboyu T\u00fcrkiye \u015eampiyonas\u0131\u2019na ev sahipli\u011fi yapan Toroslar Belediyesi, kentin spor merkezi haline geldi.<br \/>\n\u201cUlusal ve uluslararas\u0131 anlamda d\u00fczenlenen spor faaliyetlerinde yer almaya devam edece\u011fiz. \u0130l\u00e7emizin bir spor \u00fcss\u00fc olarak an\u0131lmas\u0131n\u0131 istiyoruz\u201d diyen Ba\u015fkan Y\u0131lmaz, \u201cMersin ve \u00e7evre iller taraf\u0131ndan yo\u011fun ilgi g\u00f6ren Kar Festivali\u2019nin be\u011fenilmesi bizler i\u00e7im mutluluk verici. Toroslar\u0131m\u0131z\u0131n zirvesinde, e\u015fsiz manzara e\u015fli\u011finde ger\u00e7ekle\u015fen \u015fampiyonay\u0131 binlerle birlikte izledik\u201d ifadesini kulland\u0131.<br \/>\nUluslararas\u0131 standartlarda yap\u0131lan Kar Festivali ile Mersin&#8217;de bir ilki ger\u00e7ekle\u015ftirdiklerinin alt\u0131n\u0131 \u00e7izen Ba\u015fkan Y\u0131lmaz, \u201c\u00dclkemizin bir\u00e7ok ilinden sporcular\u0131n kat\u0131ld\u0131\u011f\u0131 \u015fampiyona ile keyifli m\u00fcsabakalara tan\u0131kl\u0131k ettik. Toroslar\u0131m\u0131z bu festivalin ard\u0131ndan k\u0131\u015f sporlar\u0131n\u0131n merkezi haline gelsin istiyoruz. Bunun i\u00e7in de elimizden geleni yapaca\u011f\u0131z&#8221; \u015feklinde konu\u015ftu.<br \/>\n\u00a0<\/p>\n","protected":false},"excerpt":{"rendered":"<p>Toroslar Belediyesi\u2019nin 1 \u015eubat Cumartesi ve 2 \u015eubat Pazar g\u00fcn\u00fc olmak \u00fczere 2 g\u00fcn s\u00fcren Kar Festivaline, Kar Voleybolu T\u00fcrkiye \u015eampiyonas\u0131 damga vurdu. Her anlamda ilklerin belediyesi olmas\u0131 ve k\u00fclt\u00fcr, &hellip; <a href=\"https:\/\/mersinekonomipolitikagazetesi.com\/?p=5736\" class=\"more-link\">Devam\u0131n\u0131 Oku&#8230;<\/a><\/p>\n","protected":false},"author":1,"featured_media":0,"comment_status":"open","ping_status":"open","sticky":false,"template":"","format":"standard","meta":[],"categories":[],"tags":[],"_links":{"self":[{"href":"https:\/\/mersinekonomipolitikagazetesi.com\/index.php?rest_route=\/wp\/v2\/posts\/5736"}],"collection":[{"href":"https:\/\/mersinekonomipolitikagazetesi.com\/index.php?rest_route=\/wp\/v2\/posts"}],"about":[{"href":"https:\/\/mersinekonomipolitikagazetesi.com\/index.php?rest_route=\/wp\/v2\/types\/post"}],"author":[{"embeddable":true,"href":"https:\/\/mersinekonomipolitikagazetesi.com\/index.php?rest_route=\/wp\/v2\/users\/1"}],"replies":[{"embeddable":true,"href":"https:\/\/mersinekonomipolitikagazetesi.com\/index.php?rest_route=%2Fwp%2Fv2%2Fcomments&post=5736"}],"version-history":[{"count":0,"href":"https:\/\/mersinekonomipolitikagazetesi.com\/index.php?rest_route=\/wp\/v2\/posts\/5736\/revisions"}],"wp:attachment":[{"href":"https:\/\/mersinekonomipolitikagazetesi.com\/index.php?rest_route=%2Fwp%2Fv2%2Fmedia&parent=5736"}],"wp:term":[{"taxonomy":"category","embeddable":true,"href":"https:\/\/mersinekonomipolitikagazetesi.com\/index.php?rest_route=%2Fwp%2Fv2%2Fcategories&post=5736"},{"taxonomy":"post_tag","embeddable":true,"href":"https:\/\/mersinekonomipolitikagazetesi.com\/index.php?rest_route=%2Fwp%2Fv2%2Ftags&post=5736"}],"curies":[{"name":"wp","href":"https:\/\/api.w.org\/{rel}","templated":true}]}}