{"id":5737,"date":"2020-11-04T18:26:10","date_gmt":"2020-11-04T15:26:10","guid":{"rendered":"http:\/\/mersinekonomipolitikagazetesi.com\/?p=5737"},"modified":"2020-11-04T18:26:10","modified_gmt":"2020-11-04T15:26:10","slug":"tango-yaparak-kadina-siddete-hayir-dediler","status":"publish","type":"post","link":"https:\/\/mersinekonomipolitikagazetesi.com\/?p=5737","title":{"rendered":"Tango yaparak kad\u0131na \u015fiddete &#8216;hay\u0131r&#8217; dediler"},"content":{"rendered":"<p>Mersin&#8217;de bir grup dans\u00e7\u0131, mor k\u0131yafetler giyip tango yaparak kad\u0131na \u015fiddete &#8216;hay\u0131r&#8217; dedi.\u00a0<\/p>\n<p>Mersin\u2019de y\u0131llard\u0131r her hafta sonu &#8216;#saturdayistangoday&#8217; mottosu ile tango dans geceleri d\u00fczenleyen \u00f6zel bir dans kul\u00fcb\u00fc \u00fcyeleri, bu kez \u2018mor ronda&#8217; konsepti ile dans ederek \u2018Kad\u0131na \u015fiddete her mecrada hay\u0131r&#8217; dediler. Mor k\u0131yafetleriyle tango yapan dans\u00e7\u0131lar, \u00fclkedeki kad\u0131na \u015fiddetin son bulmas\u0131n\u0131 istediler.\u00a0<br \/>\nTopluluk ad\u0131na a\u00e7\u0131klama yapan Hatice Eyl\u00fcl Us, &#8220;Her hafta bir konsept ile tango dans ediyoruz y\u0131llard\u0131r. Verdi\u011fimiz mesajlar ve dokundu\u011fumuz ki\u015filer artt\u0131k\u00e7a daha da keyifle s\u00fcr\u00fcyor danslar\u0131m\u0131z. Hayat\u0131m\u0131z boyunca tangonun insan hayat\u0131ndaki yerini ve ula\u015f\u0131labilirli\u011fini anlatmak tek gayemiz. Bu hafta sonu mor rengine b\u00fcr\u00fcn\u00fcp ula\u015ft\u0131k ilgili yerlere. Kad\u0131n evrenin her yerinde tektir ve \u00f6zeldir, bunu bilerek ya\u015fayan bireyler olmak \u00fcmidiyle&#8221; dedi.\u00a0<br \/>\nKonu\u015fmas\u0131nda, Birle\u015fmi\u015f Milletlerin 17 Aral\u0131k 1999&#8217;da, 25 Kas\u0131m tarihini, &#8216;Kad\u0131na y\u00f6nelik \u015fiddetin ortadan kald\u0131r\u0131lmas\u0131 i\u00e7in uluslararas\u0131 m\u00fccadele g\u00fcn\u00fc&#8217; olarak benimsedi\u011fini hat\u0131rlatan Us, &#8220;O g\u00fcnden g\u00fcn\u00fcm\u00fcze dek kad\u0131n\u0131n g\u00f6rd\u00fc\u011f\u00fc her t\u00fcrl\u00fc \u015fiddet ne yaz\u0131k ki, hen\u00fcz tam anlam\u0131yla yok edilememi\u015f olsa da t\u00fcm d\u00fcnya \u00e7ap\u0131nda bu alanda \u00e7e\u015fitli etkinlikler, protestolar ve fark\u0131ndal\u0131k \u00e7al\u0131\u015ftaylar\u0131 ile tek \u00e7\u0131\u011fl\u0131k ve tek yumruk olundu&#8221; ifadelerini kulland\u0131. \u00a0<\/p>\n","protected":false},"excerpt":{"rendered":"<p>Mersin&#8217;de bir grup dans\u00e7\u0131, mor k\u0131yafetler giyip tango yaparak kad\u0131na \u015fiddete &#8216;hay\u0131r&#8217; dedi.\u00a0 Mersin\u2019de y\u0131llard\u0131r her hafta sonu &#8216;#saturdayistangoday&#8217; mottosu ile tango dans geceleri d\u00fczenleyen \u00f6zel bir dans kul\u00fcb\u00fc \u00fcyeleri, &hellip; <a href=\"https:\/\/mersinekonomipolitikagazetesi.com\/?p=5737\" class=\"more-link\">Devam\u0131n\u0131 Oku&#8230;<\/a><\/p>\n","protected":false},"author":1,"featured_media":0,"comment_status":"open","ping_status":"open","sticky":false,"template":"","format":"standard","meta":[],"categories":[],"tags":[],"_links":{"self":[{"href":"https:\/\/mersinekonomipolitikagazetesi.com\/index.php?rest_route=\/wp\/v2\/posts\/5737"}],"collection":[{"href":"https:\/\/mersinekonomipolitikagazetesi.com\/index.php?rest_route=\/wp\/v2\/posts"}],"about":[{"href":"https:\/\/mersinekonomipolitikagazetesi.com\/index.php?rest_route=\/wp\/v2\/types\/post"}],"author":[{"embeddable":true,"href":"https:\/\/mersinekonomipolitikagazetesi.com\/index.php?rest_route=\/wp\/v2\/users\/1"}],"replies":[{"embeddable":true,"href":"https:\/\/mersinekonomipolitikagazetesi.com\/index.php?rest_route=%2Fwp%2Fv2%2Fcomments&post=5737"}],"version-history":[{"count":0,"href":"https:\/\/mersinekonomipolitikagazetesi.com\/index.php?rest_route=\/wp\/v2\/posts\/5737\/revisions"}],"wp:attachment":[{"href":"https:\/\/mersinekonomipolitikagazetesi.com\/index.php?rest_route=%2Fwp%2Fv2%2Fmedia&parent=5737"}],"wp:term":[{"taxonomy":"category","embeddable":true,"href":"https:\/\/mersinekonomipolitikagazetesi.com\/index.php?rest_route=%2Fwp%2Fv2%2Fcategories&post=5737"},{"taxonomy":"post_tag","embeddable":true,"href":"https:\/\/mersinekonomipolitikagazetesi.com\/index.php?rest_route=%2Fwp%2Fv2%2Ftags&post=5737"}],"curies":[{"name":"wp","href":"https:\/\/api.w.org\/{rel}","templated":true}]}}