{"id":5738,"date":"2020-11-04T18:26:10","date_gmt":"2020-11-04T15:26:10","guid":{"rendered":"http:\/\/mersinekonomipolitikagazetesi.com\/?p=5738"},"modified":"2020-11-04T18:26:10","modified_gmt":"2020-11-04T15:26:10","slug":"tarsus-emitt-fuarinda-ilgi-odagi-oldu","status":"publish","type":"post","link":"https:\/\/mersinekonomipolitikagazetesi.com\/?p=5738","title":{"rendered":"Tarsus, EMITT Fuar\u0131&#8217;nda ilgi oda\u011f\u0131 oldu"},"content":{"rendered":"<p>D\u00fcnyan\u0131n en b\u00fcy\u00fck organizasyonlar\u0131 aras\u0131nda yer alan ve 4 g\u00fcn s\u00fcren Do\u011fu Akdeniz Uluslararas\u0131 Turizm ve Seyahat Fuar\u0131\u2019nda (EMITT) Tarsus Belediyesi stand\u0131, ziyaret\u00e7ilerin yo\u011fun ilgisi g\u00f6rd\u00fc.\u00a0<br \/>\n94 \u00fclkeden 60 binin \u00fczerinde ziyaret\u00e7inin kat\u0131l\u0131m\u0131yla ger\u00e7ekle\u015ftirilen d\u00fcnyan\u0131n en b\u00fcy\u00fck d\u00f6rt turizm fuar\u0131 aras\u0131nda yer alan 24. Do\u011fu Akdeniz Uluslararas\u0131 Turizm ve Seyahat Fuar\u0131 sona erdi. 4 g\u00fcn s\u00fcren fuarda, Tarsus Belediyesi stand\u0131 da, \u0130stanbul B\u00fcy\u00fck\u015fehir Belediye Ba\u015fkan\u0131 Ekrem \u0130mamo\u011flu, Adana B\u00fcy\u00fck\u015fehir Belediye Ba\u015fkan\u0131 Zeydan Karalar, Mersin B\u00fcy\u00fck\u015fehir Belediye Ba\u015fkan\u0131 Vahap Se\u00e7er, Antalya B\u00fcy\u00fck\u015fehir Belediye Ba\u015fkan\u0131 Muhittin B\u00f6cek ve bir\u00e7ok belediye ba\u015fkan\u0131n\u0131n yan\u0131 s\u0131ra yerli ve yabanc\u0131 binlerce misafiri a\u011f\u0131rlad\u0131. Belediye Ba\u015fkan Yard\u0131mc\u0131s\u0131 Ali Erhan Okyay ile belediye personeli, misafirlere kentin tarihi, k\u00fclt\u00fcrel ve y\u00f6resel zenginlikleri ile ilgili bilgiler verdi. Bunun yan\u0131 s\u0131ra, \u015fehrin turizm potansiyeli hakk\u0131nda kat\u0131l\u0131mc\u0131lara bro\u015f\u00fcr, kitap, dergi gibi g\u00f6rsellerle tan\u0131t\u0131mlar yap\u0131ld\u0131.\u00a0<br \/>\n\u0130nan\u00e7, do\u011fa, k\u00fclt\u00fcr, tarih ve gastronomi turizminin geli\u015fmesini ama\u00e7layan Tarsus Belediyesi, a\u011f\u0131rlad\u0131klar\u0131 misafirleri Tarsus\u2019u g\u00f6rmeye davet ederken, kentin lezzet hazinelerinden \u015falgam, cezerye ile yayla band\u0131rmas\u0131 ikram eti. Kat\u0131l\u0131mc\u0131lar, co\u011frafi i\u015faretli \u00fcr\u00fcnler aras\u0131nda yer alan Tarsus \u015falgam\u0131 ile yayla band\u0131rmas\u0131 hayran kald\u0131lar. Bir\u00e7ok medeniyete ba\u015fkentlik yapm\u0131\u015f Tarsus\u2019un tan\u0131t\u0131m\u0131na \u00f6nem verdiklerini ifade eden Tarsus Belediye Ba\u015fkan\u0131 Haluk Bozdo\u011fan, &#8220;Ba\u015fkan Yard\u0131mc\u0131m\u0131z Ali Erhan Okyay ve g\u00f6revli personelimiz 10 bin y\u0131ll\u0131k ge\u00e7mi\u015fi ile 54 ilden b\u00fcy\u00fck, tarihi, turistik ve k\u00fclt\u00fcrel a\u00e7\u0131dan, b\u00f6lgenin incisi olan Tarsusumuzun tan\u0131t\u0131m\u0131na katk\u0131 sa\u011flayacak organizasyonda, 4 g\u00fcn boyunca il\u00e7emizin tan\u0131t\u0131m\u0131n\u0131 yapt\u0131lar. Stand\u0131m\u0131z\u0131 ziyaret eden vatanda\u015flar\u0131n il\u00e7emizin tarihine, k\u00fclt\u00fcr\u00fcne ve co\u011frafi i\u015fareti \u015fehrimize ait \u00fcr\u00fcnlere g\u00f6sterdikleri ilgi bizleri mutlu etti. Amac\u0131m\u0131z kentimizi d\u00fcnyaya tan\u0131tmak ve turizm potansiyelini art\u0131rmakt\u0131r\u201d dedi. \u00a0<\/p>\n","protected":false},"excerpt":{"rendered":"<p>D\u00fcnyan\u0131n en b\u00fcy\u00fck organizasyonlar\u0131 aras\u0131nda yer alan ve 4 g\u00fcn s\u00fcren Do\u011fu Akdeniz Uluslararas\u0131 Turizm ve Seyahat Fuar\u0131\u2019nda (EMITT) Tarsus Belediyesi stand\u0131, ziyaret\u00e7ilerin yo\u011fun ilgisi g\u00f6rd\u00fc.\u00a0 94 \u00fclkeden 60 binin &hellip; <a href=\"https:\/\/mersinekonomipolitikagazetesi.com\/?p=5738\" class=\"more-link\">Devam\u0131n\u0131 Oku&#8230;<\/a><\/p>\n","protected":false},"author":1,"featured_media":0,"comment_status":"open","ping_status":"open","sticky":false,"template":"","format":"standard","meta":[],"categories":[],"tags":[],"_links":{"self":[{"href":"https:\/\/mersinekonomipolitikagazetesi.com\/index.php?rest_route=\/wp\/v2\/posts\/5738"}],"collection":[{"href":"https:\/\/mersinekonomipolitikagazetesi.com\/index.php?rest_route=\/wp\/v2\/posts"}],"about":[{"href":"https:\/\/mersinekonomipolitikagazetesi.com\/index.php?rest_route=\/wp\/v2\/types\/post"}],"author":[{"embeddable":true,"href":"https:\/\/mersinekonomipolitikagazetesi.com\/index.php?rest_route=\/wp\/v2\/users\/1"}],"replies":[{"embeddable":true,"href":"https:\/\/mersinekonomipolitikagazetesi.com\/index.php?rest_route=%2Fwp%2Fv2%2Fcomments&post=5738"}],"version-history":[{"count":0,"href":"https:\/\/mersinekonomipolitikagazetesi.com\/index.php?rest_route=\/wp\/v2\/posts\/5738\/revisions"}],"wp:attachment":[{"href":"https:\/\/mersinekonomipolitikagazetesi.com\/index.php?rest_route=%2Fwp%2Fv2%2Fmedia&parent=5738"}],"wp:term":[{"taxonomy":"category","embeddable":true,"href":"https:\/\/mersinekonomipolitikagazetesi.com\/index.php?rest_route=%2Fwp%2Fv2%2Fcategories&post=5738"},{"taxonomy":"post_tag","embeddable":true,"href":"https:\/\/mersinekonomipolitikagazetesi.com\/index.php?rest_route=%2Fwp%2Fv2%2Ftags&post=5738"}],"curies":[{"name":"wp","href":"https:\/\/api.w.org\/{rel}","templated":true}]}}