{"id":5739,"date":"2020-11-04T18:26:10","date_gmt":"2020-11-04T15:26:10","guid":{"rendered":"http:\/\/mersinekonomipolitikagazetesi.com\/?p=5739"},"modified":"2020-11-04T18:26:10","modified_gmt":"2020-11-04T15:26:10","slug":"mersinin-ve-ulkemizin-gelecegi-parlak-olacak","status":"publish","type":"post","link":"https:\/\/mersinekonomipolitikagazetesi.com\/?p=5739","title":{"rendered":"\u201cMersin\u2019in ve \u00fclkemizin gelece\u011fi parlak olacak\u201d"},"content":{"rendered":"<p>girdikleri 2020 y\u0131l\u0131n\u0131n ilk ay\u0131n\u0131n, ulusal ve uluslararas\u0131 alanda bir\u00e7ok olumsuzlukla ge\u00e7ti\u011fini, ekonomik istikrars\u0131zl\u0131\u011f\u0131n T\u00fcrk i\u015f d\u00fcnyas\u0131n\u0131 do\u011frudan etkiledi\u011fini belirti. Mersin\u2019e, b\u00f6lgeye ve T\u00fcrkiye\u2019ye inand\u0131klar\u0131n\u0131 vurgulayan K\u0131z\u0131ltan, \u201c2020 olumsuzluklarla ba\u015flad\u0131 ama b\u00f6yle gitmeyecek ve inan\u0131yoruz ki, Mersin\u2019in ve \u00fclkemizin gelece\u011fi parlak olacak\u201d dedi.\u00a0<br \/>\nMTSO Y\u00f6netim Kurulu Ba\u015fkan\u0131 K\u0131z\u0131ltan, bir a\u00e7\u0131klama yaparak 2020 Ocak ay\u0131n\u0131 de\u011ferlendirdi ve bu y\u0131ldan beklentilerini anlatt\u0131. 2020 y\u0131l\u0131ndan ekonomik ve siyasi anlamda her d\u00fczeyde umutlu beklentiler i\u00e7inde olduklar\u0131n\u0131, ancak y\u0131l\u0131n ilk ay\u0131n\u0131n beklenmedik olumsuzluklarla ba\u015flad\u0131\u011f\u0131n\u0131 ifade eden K\u0131z\u0131ltan, \u00f6zellikle k\u00fcresel geli\u015fmelerin T\u00fcrkiye\u2019ye do\u011frudan veya dolayl\u0131 etkiledi\u011fini vurgulad\u0131. Ocak ay\u0131nda ba\u015flayan ABD-\u00c7in ticaret anla\u015fmas\u0131 gerginli\u011finin bu olumsuzluklar\u0131n ilk ve \u00e7ok erken geli\u015fmesi oldu\u011funa i\u015faret eden K\u0131z\u0131ltan, \u201c2019 y\u0131l\u0131n\u0131n t\u00fcm d\u00fcnyada ya\u015fanan ve \u00e7ok da parlak olmayan ekonomik geli\u015fmelerinin \u00fclkeleri d\u0131\u015f ticaret anlam\u0131nda daha da agresif yapaca\u011f\u0131n\u0131 tahmin ediyorduk. Korumac\u0131l\u0131klar zaten ba\u015flam\u0131\u015ft\u0131. Ancak bu sert ekonomik tav\u0131rlar\u0131n d\u00fcnyan\u0131n en b\u00fcy\u00fck iki ekonomisinden biri olan ABD ve \u00c7in aras\u0131nda ba\u015flamas\u0131 iyi bir haberci olmad\u0131. Buna ek olarak yine ocak ay\u0131 i\u00e7inde ABD-\u0130ran gerilimi ve General S\u00fcleymani suikast\u0131 ile b\u00f6lgenin yine riskli hale gelmesi, bu co\u011frafyada bulunan T\u00fcrkiye i\u00e7in ikinci k\u00f6t\u00fc haber oldu. An\u0131nda ba\u015flayan pazar ve petrol fiyatlar\u0131n\u0131n istikrars\u0131zl\u0131\u011f\u0131 bizi do\u011frudan etkiledi\u201d ifadelerini kulland\u0131.\u00a0<\/p>\n<p>\u201cK\u00fcresel ve b\u00f6lgesel geli\u015fmelerden etkileniyoruz\u201d\u00a0<\/p>\n<p>\u00c7in\u2019de ba\u015flayan ve d\u00fcnyaya yay\u0131lan korona vir\u00fcs\u00fcn\u00fcn de \u015fimdiden d\u00fcnya i\u00e7in beklenmedik bir olay oldu\u011funu kaydeden K\u0131z\u0131ltan, \u201c2020\u2019ye b\u00fcy\u00fcme umutlar\u0131yla giren T\u00fcrkiye\u2019nin Suriye\u2019den sonra T\u00fcrkiye-Libya gerilimi ile b\u00f6lgesel sorunlarla tekrar kar\u015f\u0131 kar\u015f\u0131ya gelmesi ise yine d\u0131\u015f etkenlerin ve uluslararas\u0131 geli\u015fmelerin \u00fclkemize yans\u0131malar\u0131ndan biri oldu ve sonu\u00e7lar\u0131n\u0131n nereye dayanaca\u011f\u0131n\u0131 hesap edemiyoruz. Akdeniz\u2019de sorun ya\u015fad\u0131\u011f\u0131m\u0131z alan sadece do\u011fu de\u011fil, orta Akdeniz\u2019e kadar geni\u015fledi. Bu noktada Avrupa\u2019n\u0131n Libya konusundaki tutumu ve demokratik e\u011filimli bir h\u00fck\u00fcmet yerine darbeci bir generali destekleyen g\u00f6r\u00fcnt\u00fcs\u00fc ise s\u00f6z konusu ulusal \u00e7\u0131karlar ve enerji kaynaklar\u0131 olunca bat\u0131l\u0131 \u00fclkelerin ne kadar ikiy\u00fczl\u00fc politikalar izledi\u011fini bir kere daha g\u00f6sterdi\u201d de\u011ferlendirmesinde bulundu.\u00a0<\/p>\n<p>\u201cElaz\u0131\u011f depreminde karde\u015flik ba\u011flar\u0131m\u0131zla yaralar\u0131m\u0131z\u0131 sard\u0131k\u201d<br \/>\n\u00a0<br \/>\nEn \u00fcz\u00fcc\u00fc geli\u015fmenin ise Elaz\u0131\u011f depremi oldu\u011funun alt\u0131n\u0131 \u00e7izen K\u0131z\u0131ltan, depremle T\u00fcrkiye olarak acil ve etkin bir \u00f6nlem al\u0131nmas\u0131 gerekti\u011fini bir kez daha g\u00f6rd\u00fcklerini kaydetti. \u201cElaz\u0131\u011f depremi sonras\u0131 bir olduk, beraber olduk ve yaralar\u0131m\u0131z\u0131 sard\u0131k\u201d diyen K\u0131z\u0131ltan, ancak depremin bir uyar\u0131 daha verdi\u011fini belirterek, \u201dBu i\u015fin art\u0131k ihmale ve beklemeye tahamm\u00fcl\u00fc yok. \u0130n\u015faat ve kentle\u015fme anlam\u0131nda art\u0131k depreme g\u00f6re bir plan haz\u0131rlamak zorunday\u0131z: \u00e7\u00fcnk\u00fc depremin de\u011fil, yanl\u0131\u015f yap\u0131lan binalar\u0131n insan\u0131 \u00f6ld\u00fcrd\u00fc\u011f\u00fcn\u00fc bir kez daha g\u00f6rd\u00fck\u201d dedi.\u00a0<\/p>\n<p>\u201c\u0130thal ikamesi daha etkin ve te\u015fvik edilen bir politika olmal\u0131d\u0131r\u201d<br \/>\n\u00a0<br \/>\n2019\u2019da yava\u015flayan ekonomi \u00e7arklar\u0131yla azalan t\u00fcketim ve sanayi \u00fcretimi sonucunda artan i\u015fsizli\u011fin T\u00fcrkiye\u2019nin temel ekonomik sorunlar\u0131 oldu\u011funa dikkat \u00e7eken K\u0131z\u0131ltan, \u015f\u00f6yle devam etti: \u201cNe yaz\u0131k ki, 2020 Ocak tahmini rakamlar\u0131 da buna paralel gidiyor. \u0130thalat\u0131n azalmas\u0131 ve bunun cari a\u00e7\u0131\u011f\u0131n d\u00fc\u015fmesine neden olmas\u0131 g\u00fczel ama ithalat\u0131n azalmas\u0131n\u0131n t\u00fcketimden ziyade, daha \u00e7ok sanayi \u00fcretiminin azalmas\u0131yla olu\u015fmas\u0131 g\u00fczel bir haber de\u011fil. Bu ithalat\u0131n yerine yerli mal\u0131n\u0131 koymay\u0131 ba\u015faramamam\u0131z da ayr\u0131 bir sorun. Daha \u00f6nce ithal edilmekte olan mallar\u0131n, uygulanan koruyucu ve \u00f6zendirici \u00f6nlemlerle yurt i\u00e7inde \u00fcretilmesini \u00f6ng\u00f6ren bir sanayile\u015fme stratejisi daha etkin hale getirilmelidir. T\u00fcrk sanayisi bunu yapabilecek g\u00fc\u00e7tedir.\u201d\u00a0<\/p>\n<p>\u201cAvrupa\u2019n\u0131n 6\u2019nc\u0131 b\u00fcy\u00fck ekonomisiyiz. Umutlu olmal\u0131y\u0131z\u201d<br \/>\n\u00a0<br \/>\nHer t\u00fcrl\u00fc s\u0131k\u0131nt\u0131ya ra\u011fmen, umutlu olduklar\u0131n\u0131 vurgulayan K\u0131z\u0131ltan, Mersin\u2019e ve i\u015f d\u00fcnyas\u0131na g\u00fcvendiklerini ifade etti. \u00dcretimin devam etti\u011fini, az da olsa ihracat\u0131n artt\u0131\u011f\u0131n\u0131 dile getiren K\u0131z\u0131ltan, k\u00fcresel ekonominin b\u00fcy\u00fcyemedi\u011fi bug\u00fcnlerde bunlar\u0131n k\u00fc\u00e7\u00fcmsenecek \u015feyler olmad\u0131\u011f\u0131n\u0131 belirtti. K\u0131z\u0131ltan, \u201cHala en b\u00fcy\u00fck pazar\u0131m\u0131z Avrupa. Yani kaliteli \u00fcretiyoruz. \u0130thal ara mal\u0131 ikamesini ba\u015far\u0131rsak, \u00fcr\u00fcnlerdeki yerlilik pay\u0131n\u0131 daha da artt\u0131rmay\u0131 ba\u015far\u0131rsak, buna bir de katma de\u011ferli, markala\u015fm\u0131\u015f, y\u00fcksek teknolojili \u00fcretim mant\u0131\u011f\u0131n\u0131 ekleyebilirsek, bu kara bulutlar\u0131 da\u011f\u0131tmay\u0131 ba\u015far\u0131r\u0131z. \u00dclkemiz ekonomik anlamda d\u00fcnyan\u0131n en b\u00fcy\u00fck 17\u2019nci, Avrupa\u2019n\u0131n en b\u00fcy\u00fck 6\u2019nc\u0131 ekonomisidir. ABD ve \u00c7in, hatta Avrupa\u2019n\u0131n b\u00fcy\u00fck ekonomileri bile ekonomik sorunlarla bo\u011fu\u015furken elbette bizim de sorunlar\u0131m\u0131z olacak. T\u00fcrk i\u015f d\u00fcnyas\u0131n\u0131n en etkin par\u00e7as\u0131 olan Mersin i\u015f d\u00fcnyas\u0131 olarak hi\u00e7 bir umutsuzluk i\u00e7inde de\u011filiz. G\u00f6rd\u00fc\u011f\u00fcm\u00fcz olumsuzluklar ger\u00e7ek\u00e7i olman\u0131n ve \u00fclkemiz ad\u0131na \u00f6nlem alman\u0131n, \u00e7\u00f6z\u00fcm \u00fcretmenin bir \u00e7abas\u0131d\u0131r. K\u00fcresel ve b\u00f6lgesel geli\u015fmelerin bir anda \u00e7\u00f6z\u00fcm kayna\u011f\u0131 olamayabiliriz ama kendimizden kaynaklanan eksikleri ger\u00e7ek\u00e7i anlamda g\u00f6rerek, sorunlar\u0131 hal\u0131 alt\u0131na s\u00fcp\u00fcrmeden en az\u0131ndan bizimle ilgili sorunlar\u0131m\u0131z\u0131 \u00e7\u00f6zebiliriz. T\u00fcm \u00e7abam\u0131z budur\u201d ifadelerini kulland\u0131.\u00a0<\/p>\n<p>\u201cYeni Ekonomi B\u00f6lgelerine destek verilmelidir\u201d<br \/>\n\u00a0<br \/>\nDo\u011fu Akdeniz Ekonomi B\u00f6lgesine ili\u015fkin y\u00fcr\u00fctt\u00fckleri \u00e7al\u0131\u015fmalara da de\u011finen K\u0131z\u0131ltan, bu \u00e7er\u00e7evede b\u00f6lge illerin odalar\u0131n\u0131 ziyaret ettikleri bilgisini verdi. \u201cAmac\u0131m\u0131z Do\u011fu Akdeniz\u2019i T\u00fcrkiye\u2019nin ekonomik anlamda yeni Marmara\u2019s\u0131 yapmakt\u0131r\u201d diyen K\u0131z\u0131ltan, \u015funlar\u0131 kaydetti:\u00a0<br \/>\n\u201cBu vizyonumuza destek verildi\u011finde Marmara\u2019y\u0131 da ge\u00e7ecek bir potansiyelden bahsediyoruz. Do\u011fu Akdeniz ve hinterlant\u0131nda 15 \u00fcreten kent var. Say\u0131s\u0131z \u00fcniversite ve teknopark var. Yani bilim, bilgi ve insan kayna\u011f\u0131 var. Say\u0131s\u0131z OSB var. Yani, \u00fcretim var. T\u00fcrkiye\u2019nin en b\u00fcy\u00fck liman\u0131 Mersin liman\u0131 ve h\u0131zla kapasitesi artan geli\u015fen bir \u0130skenderun liman\u0131 var. Yani, lojistik, d\u00fcnyaya a\u00e7\u0131lan kap\u0131lar, ihracat\u0131n merkezi burada. T\u00fcrkiye\u2019nin en b\u00fcy\u00fck \u00c7ukurova ve Amik ovalar\u0131 burada. Yani, gelece\u011fin sava\u015flar\u0131n\u0131n odak noktas\u0131 ve ulusal g\u00fcvenlik meselemiz olacak olan tar\u0131m ve g\u0131da var. Kalk\u0131nma plan\u0131m\u0131zda b\u00f6lgesel kalk\u0131nmaya vurgu yap\u0131l\u0131yor. Bunu \u00e7ok \u00f6nemiyoruz. Do\u011fu Akdeniz Ekonomi B\u00f6lgesi, b\u00f6lgesel kalk\u0131nma plan\u0131n\u0131n hayata ge\u00e7irilmesi i\u00e7in bir rol model olacakt\u0131r. T\u00fcrkiye\u2019nin buna ihtiyac\u0131 vard\u0131r.\u201d\u00a0<br \/>\nK\u0131z\u0131ltan, Do\u011fu Akdeniz Ekonomi B\u00f6lgesinin hayata ge\u00e7mesi durumunda neler olaca\u011f\u0131n\u0131 da \u015f\u00f6yle a\u00e7\u0131klad\u0131: \u201cT\u00fcrkiye\u2019nin ihracat\u0131 ikiye katlar. \u0130\u015fsizlik yar\u0131 yar\u0131ya azal\u0131r. \u00dclke homojen b\u00fcy\u00fcr ve zenginle\u015fir. B\u00f6lge zenginle\u015fir ve g\u00f6\u00e7 sorunu azal\u0131r. Zenginlik Anadolu\u2019ya yay\u0131l\u0131r. Sosyal huzur daha \u00e7ok sa\u011flan\u0131r. K\u00fcresel geli\u015fmeler bizim elimizde olmayabilir ama bu bizim elimizde. B\u00f6lge kentleri, b\u00f6lge ticaret ve sanayi odalar\u0131, b\u00f6lge yerel y\u00f6netimleri ve b\u00f6lge illerimizin kalk\u0131nma ajanslar\u0131 bir araya gelmek zorundad\u0131r. Elbette nihai deste\u011fi devletimizden bekliyoruz ama bunu ba\u015flatacak olan bizleriz. Mersin Ticaret ve Sanayi Odas\u0131 olarak bu hedef i\u00e7in b\u00f6lge kentlerimizi tek tek geziyoruz. Ayn\u0131 \u00e7aba ve vizyonu b\u00f6lge kentlerimizden de bekliyoruz. Kentimize, b\u00f6lgemize ve \u00fclkemize inan\u0131yoruz. Sorunlar var ama \u00e7\u00f6z\u00fcmler de var. 2020 b\u00f6yle ba\u015flad\u0131 ama bu \u00e7abay\u0131 ortaya koyabilirsek b\u00f6yle gitmeyecek ve inan\u0131yoruz ki Mersin\u2019in ve \u00fclkemizin gelece\u011fi parlak olacakt\u0131r.\u201d \u00a0<\/p>\n","protected":false},"excerpt":{"rendered":"<p>girdikleri 2020 y\u0131l\u0131n\u0131n ilk ay\u0131n\u0131n, ulusal ve uluslararas\u0131 alanda bir\u00e7ok olumsuzlukla ge\u00e7ti\u011fini, ekonomik istikrars\u0131zl\u0131\u011f\u0131n T\u00fcrk i\u015f d\u00fcnyas\u0131n\u0131 do\u011frudan etkiledi\u011fini belirti. Mersin\u2019e, b\u00f6lgeye ve T\u00fcrkiye\u2019ye inand\u0131klar\u0131n\u0131 vurgulayan K\u0131z\u0131ltan, \u201c2020 olumsuzluklarla ba\u015flad\u0131 &hellip; <a href=\"https:\/\/mersinekonomipolitikagazetesi.com\/?p=5739\" class=\"more-link\">Devam\u0131n\u0131 Oku&#8230;<\/a><\/p>\n","protected":false},"author":1,"featured_media":0,"comment_status":"open","ping_status":"open","sticky":false,"template":"","format":"standard","meta":[],"categories":[],"tags":[],"_links":{"self":[{"href":"https:\/\/mersinekonomipolitikagazetesi.com\/index.php?rest_route=\/wp\/v2\/posts\/5739"}],"collection":[{"href":"https:\/\/mersinekonomipolitikagazetesi.com\/index.php?rest_route=\/wp\/v2\/posts"}],"about":[{"href":"https:\/\/mersinekonomipolitikagazetesi.com\/index.php?rest_route=\/wp\/v2\/types\/post"}],"author":[{"embeddable":true,"href":"https:\/\/mersinekonomipolitikagazetesi.com\/index.php?rest_route=\/wp\/v2\/users\/1"}],"replies":[{"embeddable":true,"href":"https:\/\/mersinekonomipolitikagazetesi.com\/index.php?rest_route=%2Fwp%2Fv2%2Fcomments&post=5739"}],"version-history":[{"count":0,"href":"https:\/\/mersinekonomipolitikagazetesi.com\/index.php?rest_route=\/wp\/v2\/posts\/5739\/revisions"}],"wp:attachment":[{"href":"https:\/\/mersinekonomipolitikagazetesi.com\/index.php?rest_route=%2Fwp%2Fv2%2Fmedia&parent=5739"}],"wp:term":[{"taxonomy":"category","embeddable":true,"href":"https:\/\/mersinekonomipolitikagazetesi.com\/index.php?rest_route=%2Fwp%2Fv2%2Fcategories&post=5739"},{"taxonomy":"post_tag","embeddable":true,"href":"https:\/\/mersinekonomipolitikagazetesi.com\/index.php?rest_route=%2Fwp%2Fv2%2Ftags&post=5739"}],"curies":[{"name":"wp","href":"https:\/\/api.w.org\/{rel}","templated":true}]}}