{"id":5740,"date":"2020-11-04T18:26:10","date_gmt":"2020-11-04T15:26:10","guid":{"rendered":"http:\/\/mersinekonomipolitikagazetesi.com\/?p=5740"},"modified":"2020-11-04T18:26:10","modified_gmt":"2020-11-04T15:26:10","slug":"yesilbogaz-yesilbogaz-deprem-degil-ihmal-oldurur","status":"publish","type":"post","link":"https:\/\/mersinekonomipolitikagazetesi.com\/?p=5740","title":{"rendered":"Ye\u015filbo\u011faz: Ye\u015filbo\u011faz: &#8220;Deprem de\u011fil, ihmal \u00f6ld\u00fcr\u00fcr&#8221;"},"content":{"rendered":"<p>Mersin Barosu Ba\u015fkan\u0131 Bilgin Ye\u015filbo\u011faz, Genel Sekreter Adnan G\u00fcnbay ve y\u00f6netim kurulu \u00fcyesi Bilgehan Ya\u015fa, 6.8 b\u00fcy\u00fckl\u00fc\u011f\u00fcndeki depremin ya\u015fand\u0131\u011f\u0131 Elaz\u0131\u011f ve Malatya\u2019y\u0131 ziyaret ederek, incelemelerde bulundu.\u00a0<br \/>\nElaz\u0131\u011f Barosu Ba\u015fkan\u0131 Mustafa Yent\u00fcr, Malatya Barosu Ba\u015fkan\u0131 Enver Han ve Adana Barosu Ba\u015fkan\u0131 Veli K\u00fc\u00e7\u00fck\u2019\u00fcn de e\u015flik etti\u011fi ziyarette, deprem b\u00f6lgesinde incelemede bulunularak depremzedelerin sorunlar\u0131n\u0131 dinleyen Ba\u015fkan Ye\u015filbo\u011faz, \u201cBaro ba\u015fkanlar\u0131m\u0131zla birlikte deprem b\u00f6lgesinde incelemelerde bulunarak, yaralar\u0131n bir an \u00f6nce sar\u0131lmas\u0131 i\u00e7in daha fazla neler yapabilece\u011fimiz konusunda fikir al\u0131\u015fveri\u015finde bulunduk. Depremzedeler burada \u00e7ocuklar\u0131yla birlikte \u00e7ok zor \u015fartlarda ya\u015fam m\u00fccadelesi veriyor. Aralar\u0131nda engelli vatanda\u015flar\u0131m\u0131z, sa\u011fl\u0131k sorunu ya\u015fayan vatanda\u015flar\u0131m\u0131z, e\u011fitimden yoksun kalan \u00e7ocuklar\u0131m\u0131z da var. T\u00fcrkiye\u2019deki t\u00fcm barolar, bir\u00e7ok kurum, kurulu\u015f, sivil toplum \u00f6rg\u00fct\u00fc ve dernekler birlik olarak, \u00fclkemizin d\u00f6rt bir yan\u0131ndan vatanda\u015flar\u0131m\u0131zdan gelen yard\u0131mlar\u0131 depremzedelere ula\u015ft\u0131rma \u00e7abas\u0131 i\u00e7erisinde oldu\u011funu g\u00f6rmek bizleri \u00e7ok mutlu etti. Ancak depremden ma\u011fdur olan vatanda\u015flar\u0131m\u0131z\u0131n yaralar\u0131n\u0131 sarmak ve ma\u011fduriyetlerini gidermek, insanlar\u0131 ayr\u0131\u015ft\u0131rmayla de\u011fil, birlik ve beraberlik i\u00e7erisinde kenetlenmeyle, her insan\u0131, insan olarak g\u00f6rmekle m\u00fcmk\u00fcnd\u00fcr. Ma\u011fduriyetin, insan haklar\u0131n\u0131n cinsiyeti, dini, dili, \u0131rk\u0131, siyasi g\u00f6r\u00fc\u015f\u00fc yoktur. Devlet yetkilileri, gelen yard\u0131mlar\u0131n depremzedelere e\u015fit ve ayr\u0131mc\u0131l\u0131k yap\u0131lmadan ula\u015fmas\u0131na vesile olmal\u0131d\u0131r. Mersin Barosu olarak ba\u015flatm\u0131\u015f oldu\u011fumuz ve \u00e7ok say\u0131da meslekta\u015f\u0131m\u0131z\u0131n yapm\u0131\u015f oldu\u011fu ba\u011f\u0131\u015flar, k\u0131yafet, battaniye, yiyecek ve hijyenik malzeme paketleri bizzat avukatlar\u0131m\u0131z taraf\u0131ndan depremzedelere ula\u015ft\u0131r\u0131lm\u0131\u015ft\u0131r. Depremde ailesini ve yak\u0131nlar\u0131n\u0131 kaybedenlere bir kez daha ba\u015fsa\u011fl\u0131\u011f\u0131 ve sab\u0131r diliyoruz, t\u00fcm depremzedelere ge\u00e7mi\u015f olsun dileklerimizi iletiyoruz\u201d diye konu\u015ftu.\u00a0<br \/>\nElaz\u0131\u011f Barosu Ba\u015fkan\u0131 Mustafa Yentur ile Malatya Barosu Ba\u015fkan\u0131 Enver Han ise, \u201cBu s\u00fcre\u00e7te yard\u0131m g\u00f6nderen ve mesleki yard\u0131m talebinde bulunan Mersin Barosu ile di\u011fer barolar\u0131m\u0131za te\u015fekk\u00fcr ediyoruz. Barolar yine insan haklar\u0131 ad\u0131na g\u00fc\u00e7l\u00fc bir dayan\u0131\u015fma \u00f6rne\u011fi g\u00f6stermi\u015ftir&#8221; ifadelerini kulland\u0131lar. \u00a0\u00a0<\/p>\n","protected":false},"excerpt":{"rendered":"<p>Mersin Barosu Ba\u015fkan\u0131 Bilgin Ye\u015filbo\u011faz, Genel Sekreter Adnan G\u00fcnbay ve y\u00f6netim kurulu \u00fcyesi Bilgehan Ya\u015fa, 6.8 b\u00fcy\u00fckl\u00fc\u011f\u00fcndeki depremin ya\u015fand\u0131\u011f\u0131 Elaz\u0131\u011f ve Malatya\u2019y\u0131 ziyaret ederek, incelemelerde bulundu.\u00a0 Elaz\u0131\u011f Barosu Ba\u015fkan\u0131 Mustafa &hellip; <a href=\"https:\/\/mersinekonomipolitikagazetesi.com\/?p=5740\" class=\"more-link\">Devam\u0131n\u0131 Oku&#8230;<\/a><\/p>\n","protected":false},"author":1,"featured_media":0,"comment_status":"open","ping_status":"open","sticky":false,"template":"","format":"standard","meta":[],"categories":[],"tags":[],"_links":{"self":[{"href":"https:\/\/mersinekonomipolitikagazetesi.com\/index.php?rest_route=\/wp\/v2\/posts\/5740"}],"collection":[{"href":"https:\/\/mersinekonomipolitikagazetesi.com\/index.php?rest_route=\/wp\/v2\/posts"}],"about":[{"href":"https:\/\/mersinekonomipolitikagazetesi.com\/index.php?rest_route=\/wp\/v2\/types\/post"}],"author":[{"embeddable":true,"href":"https:\/\/mersinekonomipolitikagazetesi.com\/index.php?rest_route=\/wp\/v2\/users\/1"}],"replies":[{"embeddable":true,"href":"https:\/\/mersinekonomipolitikagazetesi.com\/index.php?rest_route=%2Fwp%2Fv2%2Fcomments&post=5740"}],"version-history":[{"count":0,"href":"https:\/\/mersinekonomipolitikagazetesi.com\/index.php?rest_route=\/wp\/v2\/posts\/5740\/revisions"}],"wp:attachment":[{"href":"https:\/\/mersinekonomipolitikagazetesi.com\/index.php?rest_route=%2Fwp%2Fv2%2Fmedia&parent=5740"}],"wp:term":[{"taxonomy":"category","embeddable":true,"href":"https:\/\/mersinekonomipolitikagazetesi.com\/index.php?rest_route=%2Fwp%2Fv2%2Fcategories&post=5740"},{"taxonomy":"post_tag","embeddable":true,"href":"https:\/\/mersinekonomipolitikagazetesi.com\/index.php?rest_route=%2Fwp%2Fv2%2Ftags&post=5740"}],"curies":[{"name":"wp","href":"https:\/\/api.w.org\/{rel}","templated":true}]}}