{"id":5741,"date":"2020-11-04T18:26:10","date_gmt":"2020-11-04T15:26:10","guid":{"rendered":"http:\/\/mersinekonomipolitikagazetesi.com\/?p=5741"},"modified":"2020-11-04T18:26:10","modified_gmt":"2020-11-04T15:26:10","slug":"millet-bahcesi-mersinliler-icin-hazirlaniyor","status":"publish","type":"post","link":"https:\/\/mersinekonomipolitikagazetesi.com\/?p=5741","title":{"rendered":"M\u0130LLET BAH\u00c7ES\u0130 MERS\u0130NL\u0130LER \u0130\u00c7\u0130N HAZIRLANIYOR"},"content":{"rendered":"<p>Mersin Millet Bah\u00e7esi \u00e7al\u0131\u015fmalar\u0131 kald\u0131\u011f\u0131 yerden devam ediyor. Yap\u0131lan in\u015fa \u00e7al\u0131\u015fmalar\u0131n\u0131n h\u0131zl\u0131 \u015fekilde ilerlemesi vatanda\u015flarda olumlu etki yaratt\u0131.<\/p>\n<p>\nY\u0131k\u0131lan Tevfik S\u0131rr\u0131 G\u00fcr Stad\u0131\u2019n\u0131n yerine Cumhurba\u015fkan\u0131 Recep Tayyip Erdo\u011fan\u2019\u0131n talimat\u0131yla yap\u0131lan Mersin Millet Bah\u00e7esi \u00e7al\u0131\u015fmalar\u0131 h\u0131z kesmeden devam ediyor. \u0130\u015f makinelerinin ve i\u015f\u00e7ilerin s\u00fcrekli olarak proje \u00fczerinde \u00e7al\u0131\u015fmalar\u0131 ise vatanda\u015flardan tam puan ald\u0131.<\/p>\n<p>S\u00fcs havuzlar\u0131 haz\u0131r hale getiriliyor<\/p>\n<p>\nMillet Bah\u00e7esi projesi kapsam\u0131nda a\u00e7\u0131lan s\u00fcs havuzlar\u0131 beton ve demirlerle desteklenerek haz\u0131r duruma getiriliyor. Mersinlilerin ise her g\u00fcn kontrol etti\u011fi alan ge\u00e7en zaman i\u00e7erisinde de\u011fi\u015fiyor. Vatanda\u015flar, \u201cG\u00fczergah \u00fczerinden ge\u00e7iyoruz ve bakt\u0131\u011f\u0131m\u0131zda yeni yeni \u00e7al\u0131\u015fmalar ger\u00e7ekle\u015ftiriliyor. Kimin eme\u011fi varsa minnettar\u0131z. Denizle i\u00e7 i\u00e7e bir ye\u015fil alan ile ailelerin dinlenebilece\u011fi bir tesis olur umar\u0131z.\u201d diye konu\u015ftular.<\/p>\n<p>\u201cBuralardan ge\u00e7erken korkuyor ve ailemizle ge\u00e7emiyorduk\u201d<\/p>\n<p>\nArazinin uzun s\u00fcre bo\u015f bir tarla g\u00f6r\u00fcnt\u00fcs\u00fc verdi\u011fini ve Mersin gibi b\u00fcy\u00fck bir \u015fehre yak\u0131\u015fmad\u0131\u011f\u0131n\u0131 vurgulayan vatanda\u015flar , \u201cBuralardan ge\u00e7erken korkuyor ve ailemizle ge\u00e7emiyorduk. \u00c7al\u0131\u015fma ve proje bitti\u011finde rahatl\u0131kla gezebilece\u011fimiz bir ortam olmas\u0131 tek dile\u011fimiz\u201d dedi.<\/p>\n<p>Millet Bah\u00e7esi i\u00e7in geri say\u0131m ba\u015flad\u0131<\/p>\n<p>Projenin \u00fcstlenici firmas\u0131 yap\u0131lan ihale ile \u00d6zbek \u0130n\u015faat \u015eirketi olmu\u015ftu. Millet Bah\u00e7esi i\u00e7in TOK\u0130&#8217;nin kasas\u0131ndan toplam 41 milyon 433 bin TL \u00e7\u0131kacak. Millet Bah\u00e7esi projesi i\u00e7erisinde bar\u0131nd\u0131raca\u011f\u0131 sosyal donat\u0131 alanlar\u0131yla, ye\u015filiyle, Millet K\u0131raathanesi&#8217;yle, y\u00fcr\u00fcy\u00fc\u015f parkurlar\u0131yla, dinlenme ve piknik alanlar\u0131yla do\u011fa ile i\u00e7 i\u00e7e yepyeni bir sosyal ya\u015fam alan\u0131 olacak. \u0130hale dosyas\u0131nda yer alan bilgilere g\u00f6re in\u015fa edilecek Mersin Millet Bah\u00e7esi alan\u0131nda kafeterya, k\u0131raathane ve mescit de yap\u0131lacak. Proje tamamlanmas\u0131n\u0131n ard\u0131ndan Millet Bah\u00e7esinin 15 Kas\u0131m 2020 tarihinde 360 i\u015f g\u00fcn\u00fc kapsam\u0131nda 2 bin 840 metrekare alan ile hizmete girmesi bekleniyor.<\/p>\n","protected":false},"excerpt":{"rendered":"<p>Mersin Millet Bah\u00e7esi \u00e7al\u0131\u015fmalar\u0131 kald\u0131\u011f\u0131 yerden devam ediyor. Yap\u0131lan in\u015fa \u00e7al\u0131\u015fmalar\u0131n\u0131n h\u0131zl\u0131 \u015fekilde ilerlemesi vatanda\u015flarda olumlu etki yaratt\u0131. Y\u0131k\u0131lan Tevfik S\u0131rr\u0131 G\u00fcr Stad\u0131\u2019n\u0131n yerine Cumhurba\u015fkan\u0131 Recep Tayyip Erdo\u011fan\u2019\u0131n talimat\u0131yla yap\u0131lan &hellip; <a href=\"https:\/\/mersinekonomipolitikagazetesi.com\/?p=5741\" class=\"more-link\">Devam\u0131n\u0131 Oku&#8230;<\/a><\/p>\n","protected":false},"author":1,"featured_media":0,"comment_status":"open","ping_status":"open","sticky":false,"template":"","format":"standard","meta":[],"categories":[],"tags":[],"_links":{"self":[{"href":"https:\/\/mersinekonomipolitikagazetesi.com\/index.php?rest_route=\/wp\/v2\/posts\/5741"}],"collection":[{"href":"https:\/\/mersinekonomipolitikagazetesi.com\/index.php?rest_route=\/wp\/v2\/posts"}],"about":[{"href":"https:\/\/mersinekonomipolitikagazetesi.com\/index.php?rest_route=\/wp\/v2\/types\/post"}],"author":[{"embeddable":true,"href":"https:\/\/mersinekonomipolitikagazetesi.com\/index.php?rest_route=\/wp\/v2\/users\/1"}],"replies":[{"embeddable":true,"href":"https:\/\/mersinekonomipolitikagazetesi.com\/index.php?rest_route=%2Fwp%2Fv2%2Fcomments&post=5741"}],"version-history":[{"count":0,"href":"https:\/\/mersinekonomipolitikagazetesi.com\/index.php?rest_route=\/wp\/v2\/posts\/5741\/revisions"}],"wp:attachment":[{"href":"https:\/\/mersinekonomipolitikagazetesi.com\/index.php?rest_route=%2Fwp%2Fv2%2Fmedia&parent=5741"}],"wp:term":[{"taxonomy":"category","embeddable":true,"href":"https:\/\/mersinekonomipolitikagazetesi.com\/index.php?rest_route=%2Fwp%2Fv2%2Fcategories&post=5741"},{"taxonomy":"post_tag","embeddable":true,"href":"https:\/\/mersinekonomipolitikagazetesi.com\/index.php?rest_route=%2Fwp%2Fv2%2Ftags&post=5741"}],"curies":[{"name":"wp","href":"https:\/\/api.w.org\/{rel}","templated":true}]}}