{"id":5742,"date":"2020-11-04T18:26:10","date_gmt":"2020-11-04T15:26:10","guid":{"rendered":"http:\/\/mersinekonomipolitikagazetesi.com\/?p=5742"},"modified":"2020-11-04T18:26:10","modified_gmt":"2020-11-04T15:26:10","slug":"mersin-yilin-300-gununu-kirli-hava-soluyarak-geciriyor","status":"publish","type":"post","link":"https:\/\/mersinekonomipolitikagazetesi.com\/?p=5742","title":{"rendered":"MERS\u0130N YILIN 300 G\u00dcN\u00dcN\u00dc K\u0130RL\u0130 HAVA SOLUYARAK GE\u00c7\u0130R\u0130YOR"},"content":{"rendered":"<p>D\u00fcnyada ve \u00fclkemizde \u00e7evre sorunlar\u0131 her ge\u00e7en y\u0131l artarken, solunan kirli hava insan sa\u011fl\u0131\u011f\u0131n\u0131 tehdit ediyor. Mersinliler de ortalama olarak y\u0131l\u0131n 300 g\u00fcn\u00fcn\u00fc kirli hava soluyarak ge\u00e7iriyor.\u00a0<\/p>\n<p>Ulusal mevzuata g\u00f6re; Mersin&#8217;de 2017 y\u0131l\u0131nda 127, 2018 y\u0131l\u0131nda ise 262 g\u00fcn kirli hava solundu\u011funu belirtiliyor. Hava kirlili\u011fi g\u00fcn say\u0131s\u0131 her y\u0131l artarken, ge\u00e7ti\u011fimiz 2019 y\u0131l\u0131 i\u00e7erisinde ka\u00e7 g\u00fcn kirli hava soludu\u011fumuz merak konusu oldu. D\u00fcnya Sa\u011fl\u0131k \u00d6rg\u00fct\u00fc&#8217;n\u00fcn verilerinde 2017 y\u0131l\u0131nda 242 g\u00fcn kirli hava ya\u015fanm\u0131\u015fken, 2018 y\u0131l\u0131nda bu say\u0131 300 g\u00fcn olarak belirtilmi\u015fti. Mersin&#8217; de her ge\u00e7en y\u0131la g\u00f6re daha fazla kirlilik g\u00fcn say\u0131s\u0131 ya\u015fanm\u0131\u015f ve daha fazla kirli hava soludu\u011fu g\u00f6zlemlenmi\u015ftir. 2017 y\u0131l\u0131ndaki kirli g\u00fcn hava say\u0131s\u0131n\u0131n 2018 y\u0131l\u0131na nazaran y\u00fczde 206 oran\u0131nda art\u0131\u015f g\u00f6stermesi nedeniyle, \u00f6n\u00fcm\u00fczdeki aylarda \u00e7\u0131kmas\u0131 beklenen 2019 y\u0131l\u0131 raporlar\u0131 merakla bekleniyor.\u00a0<\/p>\n<p>G\u00fcne\u015f Santralleri Fikrine Belediyeler \u0130lgisiz Kald\u0131..!<\/p>\n<p>K\u0131\u015f mevsiminde, \u00f6zellikle ak\u015fam saatlerinde vatanda\u015flara da\u011f\u0131t\u0131lan kalitesi d\u00fc\u015f\u00fck k\u00f6m\u00fcr yakma i\u015fleminden kaynaklanan hava kirlili\u011fi konusu \u00f6nemli noktalardan.<br \/>\nGe\u00e7ti\u011fimiz haftalarda kentte ya\u015fanan hava kirlili\u011finin en b\u00fcy\u00fck nedeni olan kalitesiz k\u00f6m\u00fcr da\u011f\u0131t\u0131m\u0131n\u0131 engellemek amac\u0131yla Do\u011fu Akdeniz \u00c7evre Dernekleri, Bakanl\u0131\u011f\u0131 g\u00f6reve \u00e7a\u011f\u0131rm\u0131\u015ft\u0131. Temiz enerji i\u00e7in g\u00fcne\u015f enerji santralleri kurularak, yoksul mahallelere \u00fccretsiz elektrik sa\u011flanmas\u0131n\u0131 \u00f6nerilmi\u015fti. Belediyelerin, bu alanda kooperatifle\u015fmeye \u00f6nc\u00fcl\u00fck edip, projeye ili\u015fkin hi\u00e7 bir g\u00f6r\u00fc\u015f bildirmeden, ilgisiz kalmas\u0131 tepki \u00e7eken bir di\u011fer konulardan. Ayr\u0131ca yetkili kurumlar\u0131n, hava kirlili\u011fini \u00f6nleyici projeler geli\u015ftirmek yerine, Mersin\u2019i zehirleyeci projelere g\u00f6z yummas\u0131 da b\u00fcy\u00fck tepkiye neden oluyor.<\/p>\n","protected":false},"excerpt":{"rendered":"<p>D\u00fcnyada ve \u00fclkemizde \u00e7evre sorunlar\u0131 her ge\u00e7en y\u0131l artarken, solunan kirli hava insan sa\u011fl\u0131\u011f\u0131n\u0131 tehdit ediyor. Mersinliler de ortalama olarak y\u0131l\u0131n 300 g\u00fcn\u00fcn\u00fc kirli hava soluyarak ge\u00e7iriyor.\u00a0 Ulusal mevzuata g\u00f6re; &hellip; <a href=\"https:\/\/mersinekonomipolitikagazetesi.com\/?p=5742\" class=\"more-link\">Devam\u0131n\u0131 Oku&#8230;<\/a><\/p>\n","protected":false},"author":1,"featured_media":0,"comment_status":"open","ping_status":"open","sticky":false,"template":"","format":"standard","meta":[],"categories":[],"tags":[],"_links":{"self":[{"href":"https:\/\/mersinekonomipolitikagazetesi.com\/index.php?rest_route=\/wp\/v2\/posts\/5742"}],"collection":[{"href":"https:\/\/mersinekonomipolitikagazetesi.com\/index.php?rest_route=\/wp\/v2\/posts"}],"about":[{"href":"https:\/\/mersinekonomipolitikagazetesi.com\/index.php?rest_route=\/wp\/v2\/types\/post"}],"author":[{"embeddable":true,"href":"https:\/\/mersinekonomipolitikagazetesi.com\/index.php?rest_route=\/wp\/v2\/users\/1"}],"replies":[{"embeddable":true,"href":"https:\/\/mersinekonomipolitikagazetesi.com\/index.php?rest_route=%2Fwp%2Fv2%2Fcomments&post=5742"}],"version-history":[{"count":0,"href":"https:\/\/mersinekonomipolitikagazetesi.com\/index.php?rest_route=\/wp\/v2\/posts\/5742\/revisions"}],"wp:attachment":[{"href":"https:\/\/mersinekonomipolitikagazetesi.com\/index.php?rest_route=%2Fwp%2Fv2%2Fmedia&parent=5742"}],"wp:term":[{"taxonomy":"category","embeddable":true,"href":"https:\/\/mersinekonomipolitikagazetesi.com\/index.php?rest_route=%2Fwp%2Fv2%2Fcategories&post=5742"},{"taxonomy":"post_tag","embeddable":true,"href":"https:\/\/mersinekonomipolitikagazetesi.com\/index.php?rest_route=%2Fwp%2Fv2%2Ftags&post=5742"}],"curies":[{"name":"wp","href":"https:\/\/api.w.org\/{rel}","templated":true}]}}