{"id":5756,"date":"2020-11-04T18:26:11","date_gmt":"2020-11-04T15:26:11","guid":{"rendered":"http:\/\/mersinekonomipolitikagazetesi.com\/?p=5756"},"modified":"2020-11-04T18:26:11","modified_gmt":"2020-11-04T15:26:11","slug":"ask-icin-sanat-sanat-icin-ask","status":"publish","type":"post","link":"https:\/\/mersinekonomipolitikagazetesi.com\/?p=5756","title":{"rendered":"A\u015eK \u0130\u00c7\u0130N SANAT, SANAT \u0130\u00c7\u0130N A\u015eK"},"content":{"rendered":"<p>Mersin Uluslararas\u0131 \u2018A\u015eK ART 2020\u2019 ile ilgili Mersin Gazeteciler Cemiyeti\u2019nde bas\u0131n toplant\u0131s\u0131 ger\u00e7ekle\u015ftirildi. 13 \u015eubat tarihinde Hastane Caddesi G\u00f6kdelen \u0130\u015f Merkezi\u2019nde ger\u00e7ekle\u015ftirilecek olan etkinli\u011fe t\u00fcm Mersinliler davet edildi.<\/p>\n<p>\u00a0<\/p>\n<p>Mersin\u2019in unutulmu\u015f ve tekrar canland\u0131r\u0131lmas\u0131 hedeflenen noktalar i\u00e7in \u00e7al\u0131\u015fma y\u00fcr\u00fctt\u00fcklerini belirten ve \u00f6nceden ger\u00e7ekle\u015ftirilen 2019 Uray Art 2019, Myrna Art 2019, Mersin Art 2020 projelerine\u00a0 dikkat \u00e7eken Mersin \u00dcniversitesi G\u00fczel Sanatlar Fak\u00fcltesi Resim B\u00f6l\u00fcm\u00fc Ba\u015fkan\u0131 K\u00fcrat\u00f6r Prof. Dr. Nurseren Tor, \u201cVurgulamal\u0131y\u0131m ki bu bir seferberlik etkinli\u011fidir. Birlikten g\u00fc\u00e7 do\u011far, gelin ve bu kentin\u00a0 k\u00fclt\u00fcrel, sanatsal kalk\u0131nmas\u0131na destek verin.\u201d dedi.<\/p>\n<p>\u00a0<\/p>\n<p>\u00a0\u201cZorunlulu\u011fu\u00a0 sanat ve sanatsal \u015feylerle a\u015fabiliriz\u201d<\/p>\n<p>\u00a0<\/p>\n<p>Mersin Hastane Caddesi G\u00f6kdelen \u0130\u015f Merkezi\u2019nde 13 \u015eubat\u2019ta yap\u0131lacak olan\u2018Mersin Uluslararas\u0131 A\u015fk Art 2020\u2019 sanatsal etkinli\u011fine vatanda\u015flar\u0131 ve sevenleri beklediklerini dile getiren Tor, \u201cG\u00fcn\u00fcm\u00fczde \u2018ili\u015fki\u2019, \u2018sevgili\u2019, \u2018a\u015fk\u2019 ve \u2018evlilik\u2019 konular\u0131n\u0131n da ekonomik ve k\u00fclt\u00fcrel krizlere paralel olarak \u00e7ok anlam aray\u0131\u015f\u0131 i\u00e7inde hayat\u0131 ya\u015fan\u0131r k\u0131lma ba\u011flam\u0131nda verilen u\u011fra\u015flar\u0131n ve aray\u0131\u015flar\u0131n yan\u0131nda bu de\u011ferlerin de \u00e7ok fena kirlendi\u011fini g\u00f6r\u00fcyoruz. Bahsetti\u011fimiz olumsuzluklar\u0131, olumlulu\u011fa d\u00f6n\u00fc\u015ft\u00fcrmek bir g\u00f6revdir. Mutlu ili\u015fkiler ve mutlu a\u015fklar sa\u011fl\u0131kl\u0131 bireylerin \u00e7o\u011falmas\u0131na ve mutlu toplumlar yaratmas\u0131na neden oldu\u011fu ortadad\u0131r. \u0130ki g\u00f6n\u00fcl bir olunca samanl\u0131k seyran olur diyerek ili\u015fkilerimizi korumaya almak bir zorunluluk olmu\u015ftur. Bu zorunlulu\u011fu da sanat ile sanatsal olan \u015fey\u2019lerle a\u015faca\u011f\u0131m\u0131z\u0131 biliriz.\u201d diye konu\u015ftu.<\/p>\n<p>\u201cMersin\u2019in k\u00fclt\u00fcrel kalk\u0131nmas\u0131na katk\u0131 sa\u011flamak i\u00e7in k\u00fclt\u00fcr turizmini ba\u015flatt\u0131k\u201d<\/p>\n<p>\u00a02019 Uray Art 2019, Myrna Art 2019, Mersin Art 2020 ve A\u015fk Art 2020 olarak s\u0131ralanan uluslararas\u0131 etkinlik serisi i\u00e7inde sanata dair bir \u00e7ok sergi, panel, g\u00f6steri, konser ve konferanslar\u0131n s\u00fcreklili\u011fi i\u00e7in kurumlarla, sivil toplum \u00f6rg\u00fctleri ve yerel y\u00f6neticilerle i\u015fbirli\u011fi i\u00e7inde olduklar\u0131n\u0131 belirten Tor Mersin\u2019in k\u00fclt\u00fcrel kalk\u0131nmas\u0131na katk\u0131 sa\u011flamak i\u00e7in k\u00fclt\u00fcr turizmini ba\u015flatm\u0131\u015f olduklar\u0131n\u0131 s\u00f6yledi. Nurseren Tor, \u201c2019 da yerel ve yabanc\u0131 sanat\u00e7\u0131lar\u0131n kentimize kat\u0131l\u0131mc\u0131 olarak gelmeleri Mersin\u2019in tan\u0131n\u0131rl\u0131\u011f\u0131n\u0131 artt\u0131rd\u0131\u011f\u0131n\u0131 ve ekonomik olarak Hastane Caddesi ve Uray Caddesi\u2019nde esnaf\u0131n Tantunici, tatl\u0131c\u0131, aktar, tuhafiyeci, hediyelik e\u015fya, tekstil malzemeleri satan d\u00fckkanlar y\u00fcz\u00fcn\u00fc g\u00fcld\u00fcrm\u00fc\u015ft\u00fcr. Kentimize b\u0131rak\u0131lan d\u00f6vize \u015fahit olman\u0131n mutlulu\u011funu ya\u015fad\u0131\u011f\u0131m\u0131 itiraf ediyorum\u201d dedi.<\/p>\n<p>\u00a0<\/p>\n<p>\u201cMersin gibi bir kentte \u00c7a\u011fda\u015f Sanat M\u00fczesi ve galeri yok!\u201d<\/p>\n<p>Etkinlik alanlar\u0131n\u0131n k\u0131s\u0131tl\u0131 olmas\u0131na dikkat \u00e7eken Tor, \u201c\u00c7a\u011fda\u015f Sanat M\u00fczesi ve galerileri olmayan bu kentte m\u00fcze s\u0131fat\u0131n\u0131 \u00e7ok yak\u0131\u015ft\u0131rd\u0131\u011f\u0131m\u0131z Metropol \u00c7ar\u015f\u0131s\u0131 ve G\u00f6kdelen\u2019in bo\u015f katlar\u0131 bize kucak a\u00e7maktad\u0131r. Myrna Art 2019 ve Mersin Art 2020 etkinlikleriyle Mersinliye verdi\u011fimiz hizmet tart\u0131\u015f\u0131lamaz.\u201d diye vurgulad\u0131.<\/p>\n<p>\u201cHeyecan\u0131n bulundu\u011fu her yerde a\u015fk vard\u0131r\u201d<\/p>\n<p>\u201cHeyecan\u0131n bulundu\u011fu her yerde a\u015fk vard\u0131r\u201d slogan\u0131yla t\u00fcm Mersinlileri etkinliklere davet ettiklerini belirten Tor, \u201cKat\u0131l\u0131m\u0131n yo\u011fun olmas\u0131 bizim i\u00e7in \u00f6nemli. Destekleyen herkese te\u015fekk\u00fcr ediyoruz.\u201d diye konu\u015ftu.<\/p>\n<p>Uluslararas\u0131 Mersin A\u015fk Art 2020 etkinli\u011fini, Mersin B\u00fcy\u00fck\u015fehir ba\u015fta olmak \u00fczere il\u00e7e belediyeler, Mersin \u00dcniversitesi, Mersin Baro Ba\u015fkanl\u0131\u011f\u0131, Mersin Ticaret ve Sanayi Odas\u0131 (MTSO) , Mersin Deniz Ticaret Odas\u0131 (MDTO) , Mersin Perakendeci \u0130\u015f Adamlar\u0131 Derne\u011fi (MEP\u0130AD) destekliyor.<\/p>\n","protected":false},"excerpt":{"rendered":"<p>Mersin Uluslararas\u0131 \u2018A\u015eK ART 2020\u2019 ile ilgili Mersin Gazeteciler Cemiyeti\u2019nde bas\u0131n toplant\u0131s\u0131 ger\u00e7ekle\u015ftirildi. 13 \u015eubat tarihinde Hastane Caddesi G\u00f6kdelen \u0130\u015f Merkezi\u2019nde ger\u00e7ekle\u015ftirilecek olan etkinli\u011fe t\u00fcm Mersinliler davet edildi. \u00a0 Mersin\u2019in &hellip; <a href=\"https:\/\/mersinekonomipolitikagazetesi.com\/?p=5756\" class=\"more-link\">Devam\u0131n\u0131 Oku&#8230;<\/a><\/p>\n","protected":false},"author":1,"featured_media":0,"comment_status":"open","ping_status":"open","sticky":false,"template":"","format":"standard","meta":[],"categories":[],"tags":[],"_links":{"self":[{"href":"https:\/\/mersinekonomipolitikagazetesi.com\/index.php?rest_route=\/wp\/v2\/posts\/5756"}],"collection":[{"href":"https:\/\/mersinekonomipolitikagazetesi.com\/index.php?rest_route=\/wp\/v2\/posts"}],"about":[{"href":"https:\/\/mersinekonomipolitikagazetesi.com\/index.php?rest_route=\/wp\/v2\/types\/post"}],"author":[{"embeddable":true,"href":"https:\/\/mersinekonomipolitikagazetesi.com\/index.php?rest_route=\/wp\/v2\/users\/1"}],"replies":[{"embeddable":true,"href":"https:\/\/mersinekonomipolitikagazetesi.com\/index.php?rest_route=%2Fwp%2Fv2%2Fcomments&post=5756"}],"version-history":[{"count":0,"href":"https:\/\/mersinekonomipolitikagazetesi.com\/index.php?rest_route=\/wp\/v2\/posts\/5756\/revisions"}],"wp:attachment":[{"href":"https:\/\/mersinekonomipolitikagazetesi.com\/index.php?rest_route=%2Fwp%2Fv2%2Fmedia&parent=5756"}],"wp:term":[{"taxonomy":"category","embeddable":true,"href":"https:\/\/mersinekonomipolitikagazetesi.com\/index.php?rest_route=%2Fwp%2Fv2%2Fcategories&post=5756"},{"taxonomy":"post_tag","embeddable":true,"href":"https:\/\/mersinekonomipolitikagazetesi.com\/index.php?rest_route=%2Fwp%2Fv2%2Ftags&post=5756"}],"curies":[{"name":"wp","href":"https:\/\/api.w.org\/{rel}","templated":true}]}}