{"id":5757,"date":"2020-11-04T18:26:11","date_gmt":"2020-11-04T15:26:11","guid":{"rendered":"http:\/\/mersinekonomipolitikagazetesi.com\/?p=5757"},"modified":"2020-11-04T18:26:11","modified_gmt":"2020-11-04T15:26:11","slug":"fahri-trafik-mufettisligi-egitim-semineri-yapildi","status":"publish","type":"post","link":"https:\/\/mersinekonomipolitikagazetesi.com\/?p=5757","title":{"rendered":"Fahri Trafik M\u00fcfetti\u015fli\u011fi E\u011fitim Semineri Yap\u0131ld\u0131"},"content":{"rendered":"<p>MERS\u0130N\u2019DE 980 FAHR\u0130 TRAF\u0130K M\u00dcFETT\u0130\u015e\u0130 G\u00d6REVL\u0130<br \/>\nMersin Trafik Denetleme \u015eube M\u00fcd\u00fcrl\u00fc\u011f\u00fc 2020 y\u0131l\u0131\u00a0 \u2018Fahri Trafik M\u00fcfetti\u015fleri E\u011fitim Semineri\u2019 d\u00fczenledi. Mersin Kongre ve Sergi Saray\u0131 Konferans Salonu\u2019nda ger\u00e7ekle\u015ftirilen seminere \u0130l Emniyet M\u00fcd\u00fcr\u00fc Mehmet \u015eahne ve \u0130l Emniyet M\u00fcd\u00fcr Yard\u0131mc\u0131s\u0131 Mehmet Diyaaddin \u00d6zer kat\u0131l\u0131m sa\u011flad\u0131.<\/p>\n<p>\nToplumdaki trafik sorunlar\u0131n\u0131n en aza indirgemek ad\u0131na yap\u0131lan proje kapsam\u0131nda seminere kat\u0131lan ki\u015filerden destek beklediklerini belirten Mersin \u0130l Emniyet M\u00fcd\u00fcr\u00fc Mehmet \u015eahne, \u201cTrafik denetim ve y\u00f6netiminde polis ve jandarma ekiplerine yard\u0131mc\u0131 olmak amac\u0131yla d\u00fczenlenen seminere kat\u0131l\u0131m\u0131n yo\u011fun oldu\u011fundan dolay\u0131 memnunum. \u00dclke genelinde 1997 y\u0131l\u0131nda ilk defa ba\u015flayan projede 6 bin 703 Fahri Trafik M\u00fcfetti\u015fi olarak faaliyete ge\u00e7mi\u015f, bu say\u0131 zamanla 34 bin 716 ki\u015fiye ula\u015fm\u0131\u015ft\u0131r.\u201d diye belirtti.<\/p>\n<p>\u00a0<\/p>\n<p>\u015eahne: \u201cAmac\u0131m\u0131z ceza yazmak de\u011fil, trafik kazalar\u0131n\u0131 engellemek.&#8221;<\/p>\n<p>\nMersin\u2019de 542 fahri trafik m\u00fcfetti\u015fi oldu\u011funun alt\u0131n\u0131 \u00e7izen \u015eahne, \u201cBu y\u0131l d\u00fczenlenen kurslarla birlikte ilimizde 438 ki\u015fiyi daha bu gruba katarak toplam 980 Fahri Trafik m\u00fcfetti\u015fi ile g\u00f6rev yapmay\u0131 planlamaktay\u0131z.\u201d diye konu\u015ftu.\u00a0<\/p>\n<p>Trafik kazalar\u0131nda insan fakt\u00f6r\u00fcn\u00fcn rol\u00fcn\u00fc azaltmay\u0131 planlad\u0131klar\u0131n\u0131 belirten \u015eahne, yap\u0131lan e\u011fitim seminerleriyle hedeflenen rakamlara ula\u015fmay\u0131 ama\u00e7lad\u0131klar\u0131n\u0131n alt\u0131n\u0131 \u00e7izdi.<\/p>\n<p>\u015eahne, \u201cAmac\u0131m\u0131z ceza yazmak de\u011fil denetimler sayesinde trafik kazalar\u0131n\u0131 engellemek ve ak\u0131\u015f\u0131n d\u00fczenlenmesini sa\u011flamak. Fahri Trafik M\u00fcfetti\u015flerinin \u00e7ocuklara rol model olmas\u0131 gerekti\u011fine inan\u0131yorum.\u201d dedi.<\/p>\n<p>\u00d6zer, \u201cTopluma faydal\u0131 ve g\u00f6n\u00fcll\u00fc olarak bir i\u015fe soyunduk\u201d<\/p>\n<p>\u00a0<br \/>\nK\u0131sa s\u00fcre \u00f6nce alkoll\u00fc s\u00fcr\u00fcc\u00fcn\u00fcn \u00e7arpmas\u0131 sonucu a\u011f\u0131r yaralanan ve bir \u00e7ok yerinde k\u0131r\u0131klar meydana gelen \u0130l Emniyet M\u00fcd\u00fcr Yard\u0131mc\u0131s\u0131 Mehmet Diyaaddin \u00d6zer ise yap\u0131lan seminerde sunum yapt\u0131.<\/p>\n<p>Ya\u015fad\u0131\u011f\u0131 talihsiz olay\u0131 anlatan ve tecr\u00fcbelerini aktaran \u00d6zer, \u201cTopluma faydal\u0131 ve g\u00f6n\u00fcll\u00fc olarak bir i\u015fe soyunduk. Trafikte kar\u015f\u0131la\u015f\u0131lan sorunlar ve \u00f6neriler \u00fczerinde yo\u011funla\u015faca\u011f\u0131z. Fahri Trafik M\u00fcfetti\u015flerine mekan ve zamana ba\u011fl\u0131 olmayan bir yetki veriliyor. Bir trafik polisi sabah 08\u2019de g\u00f6reve ba\u015fl\u0131yor ve ak\u015fam 18\u2019de g\u00f6revi bitiyor ve ceza denetim i\u015flemlerini uyguluyor. Bunlar\u0131n hepsi mesai kavram\u0131 i\u00e7erisinde fakat Fahri Trafik M\u00fcfetti\u015flerin de mesai kavram\u0131 yok.\u201d diye belirtti.<\/p>\n<p>\u00d6zer: \u201cSiz toplum yarar\u0131 g\u00fcden gizli g\u00f6zs\u00fcn\u00fcz\u201d<\/p>\n<p>Fahri Trafik M\u00fcfetti\u015fleri\u2019nin \u015fehrin her yerinde \u00e7al\u0131\u015fma ve g\u00f6zlem yapabileceklerinin alt\u0131n\u0131 \u00e7izen \u00d6zer, \u201cSiz bir trafik polisinden daha b\u00fcy\u00fck bir g\u00f6zs\u00fcn\u00fcz. Daha geni\u015f g\u00f6rebilen ve toplum yarar\u0131 g\u00fcden gizli g\u00f6zs\u00fcn\u00fcz.\u201d diyerek yap\u0131lan i\u015fin \u00f6zelli\u011fine dikkat \u00e7ekti.<\/p>\n<p>Mersin B\u00fcy\u00fck\u015fehir Belediyesi Kongre ve Sergi Saray\u0131\u2019nda yap\u0131lan e\u011fitim semineri sonucunda Fahri Trafik M\u00fcfetti\u015fleri g\u00f6rev ve sorumluluklar\u0131 konular\u0131na vurgu yap\u0131ld\u0131<\/p>\n","protected":false},"excerpt":{"rendered":"<p>MERS\u0130N\u2019DE 980 FAHR\u0130 TRAF\u0130K M\u00dcFETT\u0130\u015e\u0130 G\u00d6REVL\u0130 Mersin Trafik Denetleme \u015eube M\u00fcd\u00fcrl\u00fc\u011f\u00fc 2020 y\u0131l\u0131\u00a0 \u2018Fahri Trafik M\u00fcfetti\u015fleri E\u011fitim Semineri\u2019 d\u00fczenledi. Mersin Kongre ve Sergi Saray\u0131 Konferans Salonu\u2019nda ger\u00e7ekle\u015ftirilen seminere \u0130l Emniyet &hellip; <a href=\"https:\/\/mersinekonomipolitikagazetesi.com\/?p=5757\" class=\"more-link\">Devam\u0131n\u0131 Oku&#8230;<\/a><\/p>\n","protected":false},"author":1,"featured_media":0,"comment_status":"open","ping_status":"open","sticky":false,"template":"","format":"standard","meta":[],"categories":[],"tags":[],"_links":{"self":[{"href":"https:\/\/mersinekonomipolitikagazetesi.com\/index.php?rest_route=\/wp\/v2\/posts\/5757"}],"collection":[{"href":"https:\/\/mersinekonomipolitikagazetesi.com\/index.php?rest_route=\/wp\/v2\/posts"}],"about":[{"href":"https:\/\/mersinekonomipolitikagazetesi.com\/index.php?rest_route=\/wp\/v2\/types\/post"}],"author":[{"embeddable":true,"href":"https:\/\/mersinekonomipolitikagazetesi.com\/index.php?rest_route=\/wp\/v2\/users\/1"}],"replies":[{"embeddable":true,"href":"https:\/\/mersinekonomipolitikagazetesi.com\/index.php?rest_route=%2Fwp%2Fv2%2Fcomments&post=5757"}],"version-history":[{"count":0,"href":"https:\/\/mersinekonomipolitikagazetesi.com\/index.php?rest_route=\/wp\/v2\/posts\/5757\/revisions"}],"wp:attachment":[{"href":"https:\/\/mersinekonomipolitikagazetesi.com\/index.php?rest_route=%2Fwp%2Fv2%2Fmedia&parent=5757"}],"wp:term":[{"taxonomy":"category","embeddable":true,"href":"https:\/\/mersinekonomipolitikagazetesi.com\/index.php?rest_route=%2Fwp%2Fv2%2Fcategories&post=5757"},{"taxonomy":"post_tag","embeddable":true,"href":"https:\/\/mersinekonomipolitikagazetesi.com\/index.php?rest_route=%2Fwp%2Fv2%2Ftags&post=5757"}],"curies":[{"name":"wp","href":"https:\/\/api.w.org\/{rel}","templated":true}]}}