{"id":5758,"date":"2020-11-04T18:26:11","date_gmt":"2020-11-04T15:26:11","guid":{"rendered":"http:\/\/mersinekonomipolitikagazetesi.com\/?p=5758"},"modified":"2020-11-04T18:26:11","modified_gmt":"2020-11-04T15:26:11","slug":"baskan-gultak-ankaranin-gucunu-akdeniz-ve-mersine-getiriyorum","status":"publish","type":"post","link":"https:\/\/mersinekonomipolitikagazetesi.com\/?p=5758","title":{"rendered":"Ba\u015fkan G\u00fcltak: \u201cAnkara\u2019n\u0131n g\u00fcc\u00fcn\u00fc Akdeniz ve Mersin\u2019e getiriyorum\u201d"},"content":{"rendered":"<p>Akdeniz Belediye Ba\u015fkan\u0131 Muhammet Mustafa G\u00fcltak, Ankara\u2019da sadece Akdeniz de\u011fil, t\u00fcm Mersin\u2019in de\u011fi\u015fimi ve d\u00f6n\u00fc\u015f\u00fcm\u00fc i\u00e7in g\u00f6r\u00fc\u015fmeler yapt\u0131\u011f\u0131n\u0131, m\u00fccadele verdi\u011fini s\u00f6yledi. G\u00fcltak, \u201c\u0130ktidar\u0131n g\u00fcc\u00fcn\u00fc de ben buraya getiriyorum. Bu, meclis \u00fcyelerimizden ald\u0131\u011f\u0131m g\u00fc\u00e7le birlikte, benim ve ekibimin, bakanlar\u0131m\u0131z ve milletvekillerimizin \u00e7al\u0131\u015fmalar\u0131 sayesinde m\u00fcmk\u00fcn oluyor\u201d dedi.\u00a0<br \/>\n\u00a0 Akdeniz Belediyesi \u015eubat Ay\u0131 Ola\u011fan Meclis Toplant\u0131s\u0131n\u0131n birinci birle\u015fimi, Belediye Ba\u015fkan\u0131 Mustafa G\u00fcltak ba\u015fkanl\u0131\u011f\u0131nda yap\u0131ld\u0131. G\u00fcndem maddelerinin g\u00f6r\u00fc\u015f\u00fcld\u00fc\u011f\u00fc toplant\u0131n\u0131n ba\u015f\u0131nda Ba\u015fkan G\u00fcltak, Elaz\u0131\u011f depreminde ya\u015fam\u0131n\u0131 yitiren vatanda\u015flar ile \u0130dlip\u2019te, Suriye rejim g\u00fc\u00e7lerinin hain sald\u0131r\u0131s\u0131 sonucu \u015fehit olan askerlere rahmet; ailelerine ba\u015fsa\u011fl\u0131\u011f\u0131 diledi. G\u00fcltak, \u201cDevletimizi ve cumhuriyetimizi koruma ad\u0131na d\u0131\u015f g\u00fc\u00e7lere kar\u015f\u0131 bir m\u00fccadele vermek zorunday\u0131z. Kendi i\u00e7imizde bar\u0131\u015f\u0131m\u0131z\u0131 ve karde\u015fli\u011fimizi koruyabilirsek, isterse d\u00fcnya \u00fczerimize gelsin. Akdeniz\u2019de, Mersin\u2019de in\u015fallah hep beraber bunu sa\u011fl\u0131yoruz\u201d dedi.\u00a0<br \/>\n\u00a0 G\u00fcltak, depremzede vatanda\u015flar i\u00e7in ba\u015flatt\u0131klar\u0131 kampanyaya g\u00f6sterdikleri duyarl\u0131l\u0131ktan \u00f6t\u00fcr\u00fc hay\u0131rsever vatanda\u015flara, i\u015fadamlar\u0131na ve STK\u2019lara bir kez daha te\u015fekk\u00fcr etti.\u00a0<br \/>\n\u00a0 Meclis toplant\u0131s\u0131, \u00f6nergeler ve g\u00fcndem maddelerinin g\u00f6r\u00fc\u015f\u00fcl\u00fcp komisyonlara havalesiyle devam ederken, Ba\u015fkan G\u00fcltak; \u00d6zg\u00fcrl\u00fck Mahallesi T\u0131rm\u0131l Tepesi civar\u0131nda bulunan belediyeye ait 38 d\u00f6n\u00fcml\u00fck arazide yap\u0131lmas\u0131 planlanan; i\u00e7inde futbol ve basketbol sahalar\u0131, tenis kortu, buz pisti, y\u00fczme havuzu, gen\u00e7lik merkezi, atletizm pisti ve spor salonu bulunacak olan spor kompleksini tan\u0131tan bir filmi de meclis \u00fcyelerine izletti.\u00a0\u00a0<br \/>\n\u00a0<br \/>\n\u00a0 \u201cAnkara\u2019n\u0131n g\u00fcc\u00fcn\u00fc Akdeniz ve Mersin\u2019e getiriyorum\u201d\u00a0<br \/>\n\u00a0 Akdeniz Belediye Meclisinin uyumlu \u00e7al\u0131\u015fmas\u0131 dolay\u0131s\u0131yla t\u00fcm gruplara ve \u00fcyelere te\u015fekk\u00fcr eden G\u00fcltak, Ankara nezdinde de sadece Akdeniz de\u011fil, t\u00fcm Mersin\u2019in de\u011fi\u015fimi ve d\u00f6n\u00fc\u015f\u00fcm\u00fc i\u00e7in g\u00f6r\u00fc\u015fmeler yapt\u0131\u011f\u0131n\u0131, m\u00fccadele verdi\u011fini vurgulad\u0131. G\u00fcltak, \u201c\u0130ktidar\u0131n g\u00fcc\u00fcn\u00fc de ben buraya getiriyorum. Spor tesislerine kullan\u0131lacak 25 milyon TL hibe, kentimizin altyap\u0131 hizmeti i\u00e7in sa\u011flad\u0131\u011f\u0131m hibeler, hibe konteyn\u0131rlar ve benzeri. Bu tabi ki, meclis \u00fcyelerimizden ald\u0131\u011f\u0131m g\u00fc\u00e7le birlikte, Ankara\u2019da benim ve ekibimin \u00e7al\u0131\u015fmalar\u0131, bakanlar\u0131m\u0131z ve milletvekillerimizin \u00e7al\u0131\u015fmalar\u0131 sayesinde m\u00fcmk\u00fcn oluyor\u201d diye konu\u015ftu.\u00a0<br \/>\n\u00a0<br \/>\n\u00a0 \u201cElde etti\u011fimiz sinerjiyi kaybedersek, insanlar\u0131m\u0131z ve kentimiz de kaybeder\u201d\u00a0<br \/>\n\u00a0 Akdeniz\u2019de, kentsel d\u00f6n\u00fc\u015f\u00fcmde \u00f6ncelikli alanlarla birlikte, deprem ve sel ile ilgili riskli alanlar\u0131 da belirleyip ilan ettiklerini ifade eden G\u00fcltak, \u015f\u00f6yle konu\u015ftu:\u00a0<br \/>\n\u201cTOK\u0130\u2019yi getiriyoruz ve bu konuda da \u015fehrimizin kaderini de\u011fi\u015ftirmek istiyoruz. B\u00f6yle yaparsak bir yere var\u0131r\u0131z. Yoksa burada \u00e7\u0131k\u0131p, ben ayr\u0131 konu\u015fsam, di\u011fer gruplar ayr\u0131 konu\u015fsa hi\u00e7bir yere varamay\u0131z.\u00a0\u00a0<br \/>\nAmac\u0131m\u0131z, burada bir hareket olu\u015fturmak, bir ivme kazanmak. \u015eu anda Akdeniz\u2019de g\u00fc\u00e7l\u00fc bir sinerji var. Bu sinerjiyi kaybetmeyelim. Bunu kaybedersek hepimiz zarar ederiz. Hem bu sinerjinin hem de B\u00fcy\u00fck\u015fehir Belediye Ba\u015fkan\u0131n\u0131n kaybedilmemesi i\u00e7in var g\u00fcc\u00fcm\u00fczle m\u00fccadele ediyoruz. Bu sinerjiyi kaybedersek halk\u0131m\u0131z kaybeder, insanlar\u0131m\u0131z kaybeder. Amac\u0131m\u0131z hizmet etmek. Biz \u00f6ncelikli olarak bu sinerjimizi koruyal\u0131m ve kaybetmeyelim. \u00c7\u00fcnk\u00fc ge\u00e7mi\u015fte Mersin, hep bundan kaybetti.\u201d\u00a0\u00a0<br \/>\n\u00a0<br \/>\n\u00a0 \u201c\u0130\u015f\u00e7i \u00e7\u0131karmayan tek belediyeyiz\u201d\u00a0<br \/>\n\u00a0 Bug\u00fcne dek hi\u00e7 i\u015f\u00e7i \u00e7\u0131karmayan tek belediye olduklar\u0131n\u0131n da alt\u0131n\u0131 \u00e7izen G\u00fcltak, siyasi kimli\u011fi veya g\u00f6r\u00fc\u015f\u00fc ne olursa olsun \u00f6ncelikli olarak liyakat, ehliyet, d\u00fcr\u00fcstl\u00fck ve \u00e7al\u0131\u015fkanl\u0131k ilkeleri \u0131\u015f\u0131\u011f\u0131nda personel politikas\u0131 belirlediklerini vurgulad\u0131. Meclis\u2019in uyumlu \u00e7al\u0131\u015fmas\u0131n\u0131n \u00f6nemine de\u011finen G\u00fcltak, \u201cMeclisimiz, bekledi\u011fim do\u011frultuda yetkilerini kullanmad\u0131\u011f\u0131nda ben de t\u0131kan\u0131r\u0131m. Meclis olmadan ben olmam, ben olmadan meclis olmaz. \u0130nan\u0131n, Ankara\u2019dan getirdiklerim olmadan da buradaki toplanmam\u0131z yeterli olmaz. Bunun \u00fc\u00e7\u00fc bir denklem. Tabi bu denklemde herkes kendi siyasetini yapacak, o ayr\u0131 bir konu ama burada hep beraberiz\u201d ifadelerini kulland\u0131.\u00a0<br \/>\n\u00a0 \u00d6te yandan meclis toplant\u0131s\u0131nda, imar planlar\u0131na ili\u015fkin teklifler ilgili komisyonlara havale edilirken, kurulmas\u0131 d\u00fc\u015f\u00fcn\u00fclen ve i\u00e7inde B\u00fcy\u00fck\u015fehir Belediyesi, il\u00e7e belediyeler, \u00fcniversite, ticaret odas\u0131 ve STK\u2019lar\u0131n da bulundu\u011fu turizm \u015firketi ile ilgili olarak Akdeniz Belediyesi ad\u0131na i\u015f ve i\u015flemleri y\u00fcr\u00fctmek \u00fczere Ba\u015fkan G\u00fcltak\u2019a yetki verilmesi ile ilgili teklif de komisyonlara havale edildi.\u00a0\u00a0<br \/>\n\u00a0 Temenni ve \u00f6neriler b\u00f6l\u00fcm\u00fcnde s\u00f6z alan meclis \u00fcyeleri, Elaz\u0131\u011f ve Malatya\u2019da meydana gelen depremde ya\u015fam\u0131n\u0131 yitiren vatanda\u015flara rahmet, ailelerine sab\u0131r ve ba\u015fsa\u011fl\u0131\u011f\u0131 diledi. Meclis \u00fcyeleri, Mersin\u2019de de olas\u0131 bir depreme kar\u015f\u0131 gereken tedbirlerin al\u0131nmas\u0131, yap\u0131lar\u0131n g\u00fc\u00e7lendirilmesi, imar ve altyap\u0131 \u00e7al\u0131\u015fmalar\u0131n\u0131n yenilenmesi gerekti\u011fini dile getirdiler.\u00a0<\/p>\n","protected":false},"excerpt":{"rendered":"<p>Akdeniz Belediye Ba\u015fkan\u0131 Muhammet Mustafa G\u00fcltak, Ankara\u2019da sadece Akdeniz de\u011fil, t\u00fcm Mersin\u2019in de\u011fi\u015fimi ve d\u00f6n\u00fc\u015f\u00fcm\u00fc i\u00e7in g\u00f6r\u00fc\u015fmeler yapt\u0131\u011f\u0131n\u0131, m\u00fccadele verdi\u011fini s\u00f6yledi. G\u00fcltak, \u201c\u0130ktidar\u0131n g\u00fcc\u00fcn\u00fc de ben buraya getiriyorum. Bu, meclis &hellip; <a href=\"https:\/\/mersinekonomipolitikagazetesi.com\/?p=5758\" class=\"more-link\">Devam\u0131n\u0131 Oku&#8230;<\/a><\/p>\n","protected":false},"author":1,"featured_media":0,"comment_status":"open","ping_status":"open","sticky":false,"template":"","format":"standard","meta":[],"categories":[],"tags":[],"_links":{"self":[{"href":"https:\/\/mersinekonomipolitikagazetesi.com\/index.php?rest_route=\/wp\/v2\/posts\/5758"}],"collection":[{"href":"https:\/\/mersinekonomipolitikagazetesi.com\/index.php?rest_route=\/wp\/v2\/posts"}],"about":[{"href":"https:\/\/mersinekonomipolitikagazetesi.com\/index.php?rest_route=\/wp\/v2\/types\/post"}],"author":[{"embeddable":true,"href":"https:\/\/mersinekonomipolitikagazetesi.com\/index.php?rest_route=\/wp\/v2\/users\/1"}],"replies":[{"embeddable":true,"href":"https:\/\/mersinekonomipolitikagazetesi.com\/index.php?rest_route=%2Fwp%2Fv2%2Fcomments&post=5758"}],"version-history":[{"count":0,"href":"https:\/\/mersinekonomipolitikagazetesi.com\/index.php?rest_route=\/wp\/v2\/posts\/5758\/revisions"}],"wp:attachment":[{"href":"https:\/\/mersinekonomipolitikagazetesi.com\/index.php?rest_route=%2Fwp%2Fv2%2Fmedia&parent=5758"}],"wp:term":[{"taxonomy":"category","embeddable":true,"href":"https:\/\/mersinekonomipolitikagazetesi.com\/index.php?rest_route=%2Fwp%2Fv2%2Fcategories&post=5758"},{"taxonomy":"post_tag","embeddable":true,"href":"https:\/\/mersinekonomipolitikagazetesi.com\/index.php?rest_route=%2Fwp%2Fv2%2Ftags&post=5758"}],"curies":[{"name":"wp","href":"https:\/\/api.w.org\/{rel}","templated":true}]}}