{"id":5759,"date":"2020-11-04T18:26:11","date_gmt":"2020-11-04T15:26:11","guid":{"rendered":"http:\/\/mersinekonomipolitikagazetesi.com\/?p=5759"},"modified":"2020-11-04T18:26:11","modified_gmt":"2020-11-04T15:26:11","slug":"mersin-universitesi-hastane-calisanlari-is-birakma-eylemi-yapti-alin-terimize-goz-dikilmesi-kabul-edilemez","status":"publish","type":"post","link":"https:\/\/mersinekonomipolitikagazetesi.com\/?p=5759","title":{"rendered":"Mersin \u00dcniversitesi Hastane \u00c7al\u0131\u015fanlar\u0131 \u0130\u015f B\u0131rakma Eylemi Yapt\u0131   ALIN TER\u0130M\u0130ZE G\u00d6Z D\u0130K\u0130LMES\u0130 KABUL ED\u0130LEMEZ"},"content":{"rendered":"<p>Mersin \u00dcniversitesi T\u0131p Fak\u00fcltesinde \u00e7al\u0131\u015fan sa\u011fl\u0131k emek\u00e7ileri, \u00f6denmeyen fazla mesai ve performans \u00fccretlerini isteyerek 2 saatlik i\u015f b\u0131rakma eylemi yapt\u0131.\u00a0<\/p>\n<p>\u00dcniversite Hastanesi \u00f6n\u00fcnde bas\u0131n a\u00e7\u0131klamas\u0131 d\u00fczenleyen sa\u011fl\u0131k \u00e7al\u0131\u015fanlar\u0131 taraf\u0131ndan, performans \u00fccretlerinin ve\u00a0 fazla mesai \u00fccretlerinin hastanenin mevcut mali durumu gerek\u00e7e g\u00f6sterilerek \u00f6denmedi\u011fi belirtildi.<br \/>\nYinelenen g\u00f6r\u00fc\u015fmeler sonucunda haklar\u0131n\u0131n \u00f6denmeyece\u011finin tekrarland\u0131\u011f\u0131n\u0131 belirten \u00e7al\u0131\u015fanlar, &#8220;\u0130darecilerin her s\u0131k\u0131\u015ft\u0131klar\u0131nda eme\u011fimize, al\u0131n terimize g\u00f6z dikmesi kabul edilebilir bir durum de\u011fildir. Mali durum bozuksa bunun su\u00e7lusu biz \u00e7al\u0131\u015fanlar de\u011filiz. Bunun su\u00e7lusu sa\u011fl\u0131kta d\u00f6n\u00fc\u015f\u00fcm politikalar\u0131 ve sa\u011fl\u0131k sistemini y\u00f6netenlerdir. Hastane b\u00fct\u00e7esinin kimi zaman ila\u00e7 ve sarf malzeme almaya yetmeyecek durumda olmas\u0131, hastalar\u0131n tedavilerinin ve ameliyatlar\u0131n\u0131n gecikmesine, asistan stajyer ve \u00f6\u011frencilerin e\u011fitimlerinin aksamas\u0131na sebeb olmaktad\u0131r. Hastaneden alacakl\u0131 oldu\u011fumuz ge\u00e7mi\u015f d\u00f6nemlere ait b\u00fct\u00fcn \u00fccretlerin \u00f6denmesini istiyoruz.\u201d ifadelerini kulland\u0131.<\/p>\n","protected":false},"excerpt":{"rendered":"<p>Mersin \u00dcniversitesi T\u0131p Fak\u00fcltesinde \u00e7al\u0131\u015fan sa\u011fl\u0131k emek\u00e7ileri, \u00f6denmeyen fazla mesai ve performans \u00fccretlerini isteyerek 2 saatlik i\u015f b\u0131rakma eylemi yapt\u0131.\u00a0 \u00dcniversite Hastanesi \u00f6n\u00fcnde bas\u0131n a\u00e7\u0131klamas\u0131 d\u00fczenleyen sa\u011fl\u0131k \u00e7al\u0131\u015fanlar\u0131 taraf\u0131ndan, performans &hellip; <a href=\"https:\/\/mersinekonomipolitikagazetesi.com\/?p=5759\" class=\"more-link\">Devam\u0131n\u0131 Oku&#8230;<\/a><\/p>\n","protected":false},"author":1,"featured_media":0,"comment_status":"open","ping_status":"open","sticky":false,"template":"","format":"standard","meta":[],"categories":[],"tags":[],"_links":{"self":[{"href":"https:\/\/mersinekonomipolitikagazetesi.com\/index.php?rest_route=\/wp\/v2\/posts\/5759"}],"collection":[{"href":"https:\/\/mersinekonomipolitikagazetesi.com\/index.php?rest_route=\/wp\/v2\/posts"}],"about":[{"href":"https:\/\/mersinekonomipolitikagazetesi.com\/index.php?rest_route=\/wp\/v2\/types\/post"}],"author":[{"embeddable":true,"href":"https:\/\/mersinekonomipolitikagazetesi.com\/index.php?rest_route=\/wp\/v2\/users\/1"}],"replies":[{"embeddable":true,"href":"https:\/\/mersinekonomipolitikagazetesi.com\/index.php?rest_route=%2Fwp%2Fv2%2Fcomments&post=5759"}],"version-history":[{"count":0,"href":"https:\/\/mersinekonomipolitikagazetesi.com\/index.php?rest_route=\/wp\/v2\/posts\/5759\/revisions"}],"wp:attachment":[{"href":"https:\/\/mersinekonomipolitikagazetesi.com\/index.php?rest_route=%2Fwp%2Fv2%2Fmedia&parent=5759"}],"wp:term":[{"taxonomy":"category","embeddable":true,"href":"https:\/\/mersinekonomipolitikagazetesi.com\/index.php?rest_route=%2Fwp%2Fv2%2Fcategories&post=5759"},{"taxonomy":"post_tag","embeddable":true,"href":"https:\/\/mersinekonomipolitikagazetesi.com\/index.php?rest_route=%2Fwp%2Fv2%2Ftags&post=5759"}],"curies":[{"name":"wp","href":"https:\/\/api.w.org\/{rel}","templated":true}]}}