{"id":5762,"date":"2020-11-04T18:26:11","date_gmt":"2020-11-04T15:26:11","guid":{"rendered":"http:\/\/mersinekonomipolitikagazetesi.com\/?p=5762"},"modified":"2020-11-04T18:26:11","modified_gmt":"2020-11-04T15:26:11","slug":"depremde-kendinize-kucuk-bir-yasam-alani-olusturun","status":"publish","type":"post","link":"https:\/\/mersinekonomipolitikagazetesi.com\/?p=5762","title":{"rendered":"&#8220;Depremde kendinize k\u00fc\u00e7\u00fck bir ya\u015fam alan\u0131 olu\u015fturun&#8221;"},"content":{"rendered":"<p>Elaz\u0131\u011f depreminin ard\u0131ndan b\u00f6lgede kurtarma \u00e7al\u0131\u015fmalar\u0131nda aktif g\u00f6rev alan Mersin B\u00fcy\u00fck\u015fehir Belediyesi itfaiye ekipleri, vatanda\u015flar\u0131 olas\u0131 bir depremde ve sonras\u0131nda yapmalar\u0131 gerekenler konusunda uyard\u0131. Ekipler, deprem s\u0131ras\u0131nda hayati \u00f6nem ta\u015f\u0131yan pozisyonlar\u0131 uygulamal\u0131 olarak g\u00f6sterdi.\u00a0<br \/>\nB\u00fcy\u00fck\u015fehir Belediyesi \u0130tfaiye Daire Ba\u015fkanl\u0131\u011f\u0131 Afet Arama ve Kurtarma \u015eube M\u00fcd\u00fcrl\u00fc\u011f\u00fc b\u00fcnyesinde arama kurtarma amiri olarak g\u00f6rev yapan Sel\u00e7uk Polat, deprem \u00f6ncesi, deprem an\u0131 ve sonras\u0131nda yap\u0131lmas\u0131 gerekenlerle ilgili olarak vatanda\u015flar\u0131 bilgilendirdi. Vatanda\u015flar\u0131n deprem an\u0131nda ve sonras\u0131nda yapt\u0131klar\u0131n\u0131n hayati \u00f6nem ta\u015f\u0131d\u0131\u011f\u0131na vurgu yapan Polat, verdi\u011fi teknik bilgilerin yan\u0131 s\u0131ra deprem s\u0131ras\u0131nda ve kurtar\u0131lma s\u00fcrecinde hayat kurtaracak pozisyonlar\u0131 uygulamal\u0131 olarak g\u00f6sterdi. Depremin do\u011fal hayat\u0131, insan hayat\u0131n\u0131 durduran, dura\u011fanla\u015ft\u0131ran, yerel halk\u0131n ve yerel birimlerin ba\u015f edemedi\u011fi t\u00fcrde bir afet oldu\u011funu kaydeden Polat, Mersin\u2019in de 3. derece deprem b\u00f6lgesinde oldu\u011funu belirtti. Deprem an\u0131nda yap\u0131lmas\u0131 gerekenleri de s\u00f6yleyen Polat, &#8220;Deprem an\u0131nda \u00f6zellikle yapmam\u0131z gereken e\u011fer ka\u00e7am\u0131yorsak, kendimize g\u00f6re en g\u00fcvenli g\u00f6rd\u00fc\u011f\u00fcn\u00fcz e\u015fyan\u0131n yan\u0131na kapan\u0131p cenin pozisyonu alarak ba\u015f\u0131m\u0131z\u0131 ve organlar\u0131m\u0131z\u0131 m\u00fcmk\u00fcn oldu\u011fu kadar koruyacak \u015fekilde sabit beklememiz. M\u00fcmk\u00fcn oldu\u011fu kadar hareket etmiyoruz. M\u00fcmk\u00fcnse kendimize k\u00fc\u00e7\u00fck bir ya\u015fam alan\u0131 olu\u015fturuyoruz. K\u00fc\u00e7\u00fck ya\u015fam alan\u0131 \u00e7ok \u00f6nemli \u00e7\u00fcnk\u00fc enkaz\u0131n alt\u0131nda ne kadar kalaca\u011f\u0131m\u0131z, ka\u00e7 saat sonra bizi kurtaracaklar\u0131 belli de\u011fil&#8221; dedi.\u00a0<\/p>\n<p>&#8220;Deprem ge\u00e7tikten sonra bulundu\u011fumuz binay\u0131 bir an \u00f6nce terk etmemiz gerekiyor&#8221;\u00a0<br \/>\nDeprem ge\u00e7tikten sonra bulunulan binay\u0131 bir an \u00f6nce terk etmek gerekti\u011fini vurgulayan Polat, &#8220;Sars\u0131nt\u0131lar devam ediyorsa binan\u0131n \u00fcst katlar\u0131na, dam k\u0131sm\u0131na ka\u00e7mam\u0131z gerekiyor. E\u011fer sars\u0131nt\u0131lar yoksa da mevsimine uygun k\u0131yafetler ve varsa deprem \u00e7antam\u0131z\u0131 alarak evden bir an \u00f6nce \u00e7\u0131kmam\u0131z \u015fart. Tabi depremden \u00f6nce yapmam\u0131z gerekenler de var. Bunlar\u0131n en ba\u015f\u0131nda binam\u0131z\u0131n depreme dayan\u0131kl\u0131 olup olmad\u0131\u011f\u0131n\u0131 gerekli kurumlardan yard\u0131m alarak tespit ettirmek. \u0130kincisi, hem binam\u0131z\u0131 hem de ara\u00e7lar\u0131m\u0131z\u0131 sigortalatmak. \u00dc\u00e7\u00fcnc\u00fcs\u00fc aile i\u00e7inde bir deprem acil durum plan\u0131 yapmak, \u00e7ocuklar\u0131m\u0131zla, e\u015fimizle deprem an\u0131nda da deprem sonras\u0131nda ne yapaca\u011f\u0131m\u0131z\u0131, nerelere gidece\u011fimizi tart\u0131\u015f\u0131p onlar\u0131 bilin\u00e7lendirmeli, depremden sonra birbirimizi nerede bulaca\u011f\u0131m\u0131z\u0131 s\u00f6ylemeliyiz&#8221; diye konu\u015ftu.\u00a0<\/p>\n<p>\u201cElaz\u0131\u011f\u2019da 9 can\u0131 kurtard\u0131k\u201d<br \/>\n\u00a0<br \/>\nElaz\u0131\u011f\u2019da meydana gelen ve T\u00fcrkiye\u2019yi derinden sarsan deprem sonras\u0131, 4 g\u00fcn boyunca b\u00f6lgedeki arama-kurtarma \u00e7al\u0131\u015fmalar\u0131nda da aktif olarak rol ald\u0131klar\u0131n\u0131 belirten Polat, \u201cYak\u0131n zamanda biliyorsunuz Mersin B\u00fcy\u00fck\u015fehir Belediyesi arama kurtarma ekibi olarak 11 ki\u015fiyle Elaz\u0131\u011f\u2019a gittik, 9 can\u0131n kurtar\u0131lmalar\u0131na vesile olduk. G\u00f6rd\u00fck ki o k\u00fc\u00e7\u00fck ya\u015fam alanlar\u0131 insanlar\u0131n ger\u00e7ekten bir \u015fekilde kurtulmas\u0131na vesile oluyor. Bu y\u00fczden deprem bitene kadar sabit bekleyip, nefes alaca\u011f\u0131m\u0131z k\u00fc\u00e7\u00fck bir ya\u015fam alan\u0131 olu\u015fturup, m\u00fcmk\u00fcn oldu\u011funca k\u0131p\u0131rdamamal\u0131y\u0131z. Arama kurtarma ekipleri seslendi\u011finde e\u011fer ses veremiyorsak \u00e7ok k\u00fc\u00e7\u00fck bir kaya par\u00e7as\u0131, bir demir par\u00e7as\u0131 al\u0131p en yak\u0131n yere ritmik seslerle vurarak arama kurtarma ekiplerinin bize ula\u015fmas\u0131n\u0131 sa\u011flayabiliriz&#8221; \u015feklinde konu\u015ftu.\u00a0<br \/>\nDeprem s\u0131ras\u0131nda yap\u0131lmas\u0131 gerekenler uygulamal\u0131 olarak g\u00f6sterildi\u00a0<br \/>\nDeprem an\u0131nda nerede olundu\u011funun \u00e7ok \u00f6nemli oldu\u011funa dikkat \u00e7eken Polat, a\u00e7\u0131k alanda, ara\u00e7 i\u00e7inde, ev ya da i\u015f yerinde yap\u0131lmas\u0131 gerekenleri anlat\u0131rken, hayati \u00f6nem ta\u015f\u0131yan pozisyonlar da uygulamal\u0131 olarak g\u00f6sterildi.\u00a0<\/p>\n","protected":false},"excerpt":{"rendered":"<p>Elaz\u0131\u011f depreminin ard\u0131ndan b\u00f6lgede kurtarma \u00e7al\u0131\u015fmalar\u0131nda aktif g\u00f6rev alan Mersin B\u00fcy\u00fck\u015fehir Belediyesi itfaiye ekipleri, vatanda\u015flar\u0131 olas\u0131 bir depremde ve sonras\u0131nda yapmalar\u0131 gerekenler konusunda uyard\u0131. Ekipler, deprem s\u0131ras\u0131nda hayati \u00f6nem ta\u015f\u0131yan &hellip; <a href=\"https:\/\/mersinekonomipolitikagazetesi.com\/?p=5762\" class=\"more-link\">Devam\u0131n\u0131 Oku&#8230;<\/a><\/p>\n","protected":false},"author":1,"featured_media":0,"comment_status":"open","ping_status":"open","sticky":false,"template":"","format":"standard","meta":[],"categories":[],"tags":[],"_links":{"self":[{"href":"https:\/\/mersinekonomipolitikagazetesi.com\/index.php?rest_route=\/wp\/v2\/posts\/5762"}],"collection":[{"href":"https:\/\/mersinekonomipolitikagazetesi.com\/index.php?rest_route=\/wp\/v2\/posts"}],"about":[{"href":"https:\/\/mersinekonomipolitikagazetesi.com\/index.php?rest_route=\/wp\/v2\/types\/post"}],"author":[{"embeddable":true,"href":"https:\/\/mersinekonomipolitikagazetesi.com\/index.php?rest_route=\/wp\/v2\/users\/1"}],"replies":[{"embeddable":true,"href":"https:\/\/mersinekonomipolitikagazetesi.com\/index.php?rest_route=%2Fwp%2Fv2%2Fcomments&post=5762"}],"version-history":[{"count":0,"href":"https:\/\/mersinekonomipolitikagazetesi.com\/index.php?rest_route=\/wp\/v2\/posts\/5762\/revisions"}],"wp:attachment":[{"href":"https:\/\/mersinekonomipolitikagazetesi.com\/index.php?rest_route=%2Fwp%2Fv2%2Fmedia&parent=5762"}],"wp:term":[{"taxonomy":"category","embeddable":true,"href":"https:\/\/mersinekonomipolitikagazetesi.com\/index.php?rest_route=%2Fwp%2Fv2%2Fcategories&post=5762"},{"taxonomy":"post_tag","embeddable":true,"href":"https:\/\/mersinekonomipolitikagazetesi.com\/index.php?rest_route=%2Fwp%2Fv2%2Ftags&post=5762"}],"curies":[{"name":"wp","href":"https:\/\/api.w.org\/{rel}","templated":true}]}}