{"id":5763,"date":"2020-11-04T18:26:11","date_gmt":"2020-11-04T15:26:11","guid":{"rendered":"http:\/\/mersinekonomipolitikagazetesi.com\/?p=5763"},"modified":"2020-11-04T18:26:11","modified_gmt":"2020-11-04T15:26:11","slug":"surat-teknesiyle-kibrisa-kacmaya-calisan-gocmenler-yakalandi","status":"publish","type":"post","link":"https:\/\/mersinekonomipolitikagazetesi.com\/?p=5763","title":{"rendered":"S\u00fcrat teknesiyle K\u0131br\u0131s&#8217;a ka\u00e7maya \u00e7al\u0131\u015fan g\u00f6\u00e7menler yakaland\u0131"},"content":{"rendered":"<p>Mersin&#8217;den yasa d\u0131\u015f\u0131 yollarla s\u00fcrat teknesiyle K\u0131br\u0131s&#8217;a ka\u00e7maya \u00e7al\u0131\u015fan Suriye uyruklu 17 ki\u015fi ile insan ka\u00e7ak\u00e7\u0131l\u0131\u011f\u0131n\u0131 organize etti\u011fi ileri s\u00fcr\u00fclen 1 ki\u015fi ve yabanc\u0131 uyruklu tekne kaptan\u0131, sahil g\u00fcvenlik ve jandarma ekiplerinin ortak operasyonunda yakaland\u0131.\u00a0<br \/>\n\u0130l Jandarma Komutanl\u0131\u011f\u0131ndan yap\u0131lan a\u00e7\u0131klamaya g\u00f6re, Ka\u00e7ak\u00e7\u0131l\u0131k ve Organize Su\u00e7larla M\u00fccadele \u015eube M\u00fcd\u00fcrl\u00fc\u011f\u00fc ekiplerince, Mersin&#8217;den deniz yoluyla s\u00fcrat teknesi kullan\u0131larak K\u0131br\u0131s&#8217;a yasa d\u0131\u015f\u0131 yollardan g\u00f6\u00e7men ta\u015f\u0131naca\u011f\u0131 bilgisine ula\u015f\u0131ld\u0131. Ka\u00e7ak\u00e7\u0131l\u0131\u011f\u0131n yap\u0131laca\u011f\u0131 de\u011ferlendirilen merkez Akdeniz il\u00e7esi Adanal\u0131o\u011flu Mahallesi sahilinde bir hafta s\u00fcreyle \u015f\u00fcpheli \u015fah\u0131slar ve ta\u015f\u0131mada kullan\u0131lacak teknenin tespiti amac\u0131yla \u00e7al\u0131\u015fma yapan jandarma ekipleri, Sahil G\u00fcvenlik Akdeniz B\u00f6lge Komutanl\u0131\u011f\u0131 ekiplerine de bilgi verdi.\u00a0<br \/>\n3 \u015eubat ak\u015fam\u0131 Adanal\u0131o\u011flu Mahallesi i\u00e7erisinden ge\u00e7ip denize d\u00f6k\u00fclen bir dere yata\u011f\u0131nda, K\u0131br\u0131s adas\u0131na ta\u015f\u0131nacak g\u00f6\u00e7menlerin s\u00fcrat teknesine bindirildi\u011finin tespit edilmesi \u00fczerine ba\u015flat\u0131lan operasyonda, yasa d\u0131\u015f\u0131 g\u00f6\u00e7men y\u00fckl\u00fc s\u00fcrat teknesi denize a\u00e7\u0131ld\u0131\u011f\u0131 esnada Sahil G\u00fcvenlik Komutanl\u0131\u011f\u0131 botlar\u0131nca yakaland\u0131. Yakalanan tekne i\u00e7erisinde bulunan 1&#8217;i \u00e7ocuk 17 Suriye uyruklu g\u00f6\u00e7men ile yine Suriye uyruklu tekne kaptan\u0131 g\u00f6zalt\u0131na al\u0131nd\u0131. Devam eden soru\u015fturma kapsam\u0131nda g\u00f6\u00e7men ka\u00e7ak\u00e7\u0131l\u0131\u011f\u0131n\u0131 organize etti\u011fi belirlenen 1 \u015fah\u0131s daha jandarma ekiplerince yakaland\u0131.\u00a0<br \/>\nG\u00f6zalt\u0131na al\u0131nan yabanc\u0131 uyruklu g\u00f6\u00e7menlerin yap\u0131lan sorgusunda, 11\u2019inin yasa d\u0131\u015f\u0131 yollardan 6\u2019s\u0131n\u0131n ise yasal olarak yurda giri\u015f yapt\u0131klar\u0131 tespit edildi. G\u00f6\u00e7menlerin, \u0130l G\u00f6\u00e7 \u0130daresi M\u00fcd\u00fcrl\u00fc\u011f\u00fcne teslim edilece\u011fi belirtilirken, tekne kaptan\u0131yla g\u00f6\u00e7men ka\u00e7ak\u00e7\u0131l\u0131\u011f\u0131n\u0131 organize etti\u011fi \u00f6ne s\u00fcr\u00fclen \u015f\u00fcpheli hakk\u0131ndaki adli i\u015flemin devam etti\u011fi ifade edildi.\u00a0<\/p>\n","protected":false},"excerpt":{"rendered":"<p>Mersin&#8217;den yasa d\u0131\u015f\u0131 yollarla s\u00fcrat teknesiyle K\u0131br\u0131s&#8217;a ka\u00e7maya \u00e7al\u0131\u015fan Suriye uyruklu 17 ki\u015fi ile insan ka\u00e7ak\u00e7\u0131l\u0131\u011f\u0131n\u0131 organize etti\u011fi ileri s\u00fcr\u00fclen 1 ki\u015fi ve yabanc\u0131 uyruklu tekne kaptan\u0131, sahil g\u00fcvenlik ve &hellip; <a href=\"https:\/\/mersinekonomipolitikagazetesi.com\/?p=5763\" class=\"more-link\">Devam\u0131n\u0131 Oku&#8230;<\/a><\/p>\n","protected":false},"author":1,"featured_media":0,"comment_status":"open","ping_status":"open","sticky":false,"template":"","format":"standard","meta":[],"categories":[],"tags":[],"_links":{"self":[{"href":"https:\/\/mersinekonomipolitikagazetesi.com\/index.php?rest_route=\/wp\/v2\/posts\/5763"}],"collection":[{"href":"https:\/\/mersinekonomipolitikagazetesi.com\/index.php?rest_route=\/wp\/v2\/posts"}],"about":[{"href":"https:\/\/mersinekonomipolitikagazetesi.com\/index.php?rest_route=\/wp\/v2\/types\/post"}],"author":[{"embeddable":true,"href":"https:\/\/mersinekonomipolitikagazetesi.com\/index.php?rest_route=\/wp\/v2\/users\/1"}],"replies":[{"embeddable":true,"href":"https:\/\/mersinekonomipolitikagazetesi.com\/index.php?rest_route=%2Fwp%2Fv2%2Fcomments&post=5763"}],"version-history":[{"count":0,"href":"https:\/\/mersinekonomipolitikagazetesi.com\/index.php?rest_route=\/wp\/v2\/posts\/5763\/revisions"}],"wp:attachment":[{"href":"https:\/\/mersinekonomipolitikagazetesi.com\/index.php?rest_route=%2Fwp%2Fv2%2Fmedia&parent=5763"}],"wp:term":[{"taxonomy":"category","embeddable":true,"href":"https:\/\/mersinekonomipolitikagazetesi.com\/index.php?rest_route=%2Fwp%2Fv2%2Fcategories&post=5763"},{"taxonomy":"post_tag","embeddable":true,"href":"https:\/\/mersinekonomipolitikagazetesi.com\/index.php?rest_route=%2Fwp%2Fv2%2Ftags&post=5763"}],"curies":[{"name":"wp","href":"https:\/\/api.w.org\/{rel}","templated":true}]}}