{"id":5773,"date":"2020-11-04T18:26:13","date_gmt":"2020-11-04T15:26:13","guid":{"rendered":"http:\/\/mersinekonomipolitikagazetesi.com\/?p=5773"},"modified":"2020-11-04T18:26:13","modified_gmt":"2020-11-04T15:26:13","slug":"otopark-sorunu-neden-cozulmuyor","status":"publish","type":"post","link":"https:\/\/mersinekonomipolitikagazetesi.com\/?p=5773","title":{"rendered":"OTOPARK SORUNU NEDEN \u00c7\u00d6Z\u00dcLM\u00dcYOR..!"},"content":{"rendered":"<p>Mimar Abdullah Y\u0131lmaz Mersin \u00e7ar\u015f\u0131 esnaf\u0131n\u0131n ve vatanda\u015flar\u0131n\u0131n ortak problemi halini alan otoparklar hakk\u0131nda konu\u015ftu. Y\u0131lmaz ayr\u0131ca parkomat uygulamas\u0131n\u0131 da ele\u015ftirdi.<br \/>\n\u00a0<br \/>\nMimar Abdullah Y\u0131lmaz Mersin B\u00fcy\u00fck\u015fehir Belediye Ba\u015fkan\u0131 Vahap Se\u00e7er\u2019in \u2018Tevfik S\u0131rr\u0131 G\u00fcr Lisesi\u2019nin yan\u0131ndaki otopark\u0131 inceledik. Yeni proje haz\u0131rl\u0131yoruz. Yakla\u015f\u0131k 400 ara\u00e7l\u0131k, 2 katl\u0131 bir otopark projesi haz\u0131rl\u0131yoruz. H\u0131zl\u0131 bir \u015fekilde yapaca\u011f\u0131m\u0131z bir otopark olacak ortas\u0131\u2019 s\u00f6z\u00fcn\u00fcn bir hayli gecikti\u011fine de vurgu yapt\u0131.<\/p>\n<p>\u201cParkomat kentsel ya\u015fam\u0131 kilitleyecektir\u201d<\/p>\n<p>Yerel y\u00f6netici olman\u0131n liyakat, misyon ve vizyon gerektirdi\u011fini vurgulayan Y\u0131lmaz, \u201cS\u00f6zde de\u011fil \u00f6zde. Mersin\u2019de parkomat uygulamas\u0131n\u0131n ba\u015flamas\u0131 araba ile gelinmesini cazip k\u0131lacak, kentsel ya\u015fam kilitlenecektir. \u00dcstelik Mersin\u2019de denenmi\u015f iptal edilmi\u015f olmas\u0131na ra\u011fmen.\u201d diye konu\u015ftu.<\/p>\n<p>\u201cAra\u00e7lar her yere park edilmemeli!\u201d<\/p>\n<p>\u0130nsanlar\u0131n trafikte s\u0131k\u0131\u015facaklar\u0131n\u0131 bilseler bile otomobil kullanmaya devam edeceklerinin alt\u0131n\u0131 \u00e7izen Y\u0131lmaz, \u201c\u0130nsanlar gittikleri yerde otomobillerini park edecek yer bulamayacaklar\u0131n\u0131 bilirlerse otomobilleriyle gitmeyeceklerdir. Bu durum otopark\u0131n g\u00fcc\u00fcn\u00fc g\u00f6stermektedir. Bizim kentlerimizde her yere park edilebilmesi bu g\u00fcc\u00fc azaltmakla birlikte \u00e7ok do\u011fru bir saptamad\u0131r.\u201d diye s\u00f6yledi.<br \/>\n\u00a0<\/p>\n","protected":false},"excerpt":{"rendered":"<p>Mimar Abdullah Y\u0131lmaz Mersin \u00e7ar\u015f\u0131 esnaf\u0131n\u0131n ve vatanda\u015flar\u0131n\u0131n ortak problemi halini alan otoparklar hakk\u0131nda konu\u015ftu. Y\u0131lmaz ayr\u0131ca parkomat uygulamas\u0131n\u0131 da ele\u015ftirdi. \u00a0 Mimar Abdullah Y\u0131lmaz Mersin B\u00fcy\u00fck\u015fehir Belediye Ba\u015fkan\u0131 Vahap &hellip; <a href=\"https:\/\/mersinekonomipolitikagazetesi.com\/?p=5773\" class=\"more-link\">Devam\u0131n\u0131 Oku&#8230;<\/a><\/p>\n","protected":false},"author":1,"featured_media":0,"comment_status":"open","ping_status":"open","sticky":false,"template":"","format":"standard","meta":[],"categories":[],"tags":[],"_links":{"self":[{"href":"https:\/\/mersinekonomipolitikagazetesi.com\/index.php?rest_route=\/wp\/v2\/posts\/5773"}],"collection":[{"href":"https:\/\/mersinekonomipolitikagazetesi.com\/index.php?rest_route=\/wp\/v2\/posts"}],"about":[{"href":"https:\/\/mersinekonomipolitikagazetesi.com\/index.php?rest_route=\/wp\/v2\/types\/post"}],"author":[{"embeddable":true,"href":"https:\/\/mersinekonomipolitikagazetesi.com\/index.php?rest_route=\/wp\/v2\/users\/1"}],"replies":[{"embeddable":true,"href":"https:\/\/mersinekonomipolitikagazetesi.com\/index.php?rest_route=%2Fwp%2Fv2%2Fcomments&post=5773"}],"version-history":[{"count":0,"href":"https:\/\/mersinekonomipolitikagazetesi.com\/index.php?rest_route=\/wp\/v2\/posts\/5773\/revisions"}],"wp:attachment":[{"href":"https:\/\/mersinekonomipolitikagazetesi.com\/index.php?rest_route=%2Fwp%2Fv2%2Fmedia&parent=5773"}],"wp:term":[{"taxonomy":"category","embeddable":true,"href":"https:\/\/mersinekonomipolitikagazetesi.com\/index.php?rest_route=%2Fwp%2Fv2%2Fcategories&post=5773"},{"taxonomy":"post_tag","embeddable":true,"href":"https:\/\/mersinekonomipolitikagazetesi.com\/index.php?rest_route=%2Fwp%2Fv2%2Ftags&post=5773"}],"curies":[{"name":"wp","href":"https:\/\/api.w.org\/{rel}","templated":true}]}}